{"id":17902,"date":"2022-06-08T13:44:25","date_gmt":"2022-06-08T18:14:25","guid":{"rendered":"https:\/\/elmundodelosnegocios.com.do\/v1\/?p=17902"},"modified":"2022-06-09T13:48:15","modified_gmt":"2022-06-09T18:18:15","slug":"presidentes-abinader-y-joe-biden-intercambian-saludo-en-la-inauguracion-de-la-cumbre-de-las-americas","status":"publish","type":"post","link":"https:\/\/elmundodelosnegocios.com.do\/v1\/presidentes-abinader-y-joe-biden-intercambian-saludo-en-la-inauguracion-de-la-cumbre-de-las-americas\/","title":{"rendered":"Presidentes Abinader y Joe Biden intercambian saludo en la inauguraci\u00f3n de la Cumbre de las Am\u00e9ricas"},"content":{"rendered":"<p>Los \u00c1ngeles.- El presidente\u00a0<strong>Luis Abinader<\/strong>\u00a0y su hom\u00f3logo de Estados Unidos,\u00a0<strong>Joe Biden<\/strong>, conversaron brevemente esta noche previo al acto inaugural de la\u00a0<strong>Cumbre de las Am\u00e9ricas.<\/strong><\/p>\n<p>Ambos mandatarios se dieron el saludo protocolar como parte de la ceremonia de inauguraci\u00f3n del evento, en compa\u00f1\u00eda de la primera dama de Estados Unidos,\u00a0<strong>Jill Biden<\/strong>.<\/p>\n<p>La inauguraci\u00f3n de la cumbre se llev\u00f3 a cabo a las 5:00 de la tarde, hora de Los \u00c1ngeles, 8:00 de la noche de Rep\u00fablica Dominicana.<\/p>\n<p><img loading=\"lazy\" decoding=\"async\" src=\"https:\/\/presidencia.gob.do\/sites\/default\/files\/content\/2_51.jpeg\" alt=\"\" width=\"1024\" height=\"683\" data-entity-type=\"file\" data-entity-uuid=\"c6195c54-043c-4fb6-8170-27583222bcb4\" \/><\/p>\n<p>Previamente el presidente Abinader estuvo visitando la empresa norteamericana\u00a0<strong>Starlink<\/strong>, dedicada al negocio de las telecomunicaciones, y que tiene inter\u00e9s en invertir en el pa\u00eds.<\/p>\n<p>Posteriormente, el mandatario dominicano particip\u00f3 en un panel sobre\u00a0<strong>Gobernabilidad Democr\u00e1tica y Estado de Derecho<\/strong>, junto a los presidentes de Panam\u00e1 y Costa Rica. M\u00e1s tarde estuvo en una actividad del Consejo Empresarial de Alto Nivel de la\u00a0<strong>Alianza para el Desarrollo en Democracia<\/strong>.<\/p>\n<p>Para ma\u00f1ana el presidente Abinader participar\u00e1 de la apertura de la plenaria y sostendr\u00e1 varios encuentros agendados, incluyendo uno con la vicepresidenta de EE. UU.,\u00a0<strong>Kamalah Harris<\/strong>, junto con los dem\u00e1s jefes de Estado y de gobierno de la regi\u00f3n.<\/p>\n","protected":false},"excerpt":{"rendered":"<p>Los \u00c1ngeles.- El presidente\u00a0Luis Abinader\u00a0y su hom\u00f3logo de Estados Unidos,\u00a0Joe Biden, conversaron brevemente esta noche previo al acto inaugural de la\u00a0Cumbre de las Am\u00e9ricas. Ambos mandatarios se dieron el saludo&hellip; <\/p>\n","protected":false},"author":2,"featured_media":17903,"comment_status":"closed","ping_status":"closed","sticky":false,"template":"","format":"standard","meta":{"fifu_image_url":"","fifu_image_alt":"","footnotes":""},"categories":[234,235],"tags":[],"class_list":["post-17902","post","type-post","status-publish","format-standard","has-post-thumbnail","hentry","category-internacionales","category-politica-exterior"],"_links":{"self":[{"href":"https:\/\/elmundodelosnegocios.com.do\/v1\/wp-json\/wp\/v2\/posts\/17902","targetHints":{"allow":["GET"]}}],"collection":[{"href":"https:\/\/elmundodelosnegocios.com.do\/v1\/wp-json\/wp\/v2\/posts"}],"about":[{"href":"https:\/\/elmundodelosnegocios.com.do\/v1\/wp-json\/wp\/v2\/types\/post"}],"author":[{"embeddable":true,"href":"https:\/\/elmundodelosnegocios.com.do\/v1\/wp-json\/wp\/v2\/users\/2"}],"replies":[{"embeddable":true,"href":"https:\/\/elmundodelosnegocios.com.do\/v1\/wp-json\/wp\/v2\/comments?post=17902"}],"version-history":[{"count":0,"href":"https:\/\/elmundodelosnegocios.com.do\/v1\/wp-json\/wp\/v2\/posts\/17902\/revisions"}],"wp:featuredmedia":[{"embeddable":true,"href":"https:\/\/elmundodelosnegocios.com.do\/v1\/wp-json\/wp\/v2\/media\/17903"}],"wp:attachment":[{"href":"https:\/\/elmundodelosnegocios.com.do\/v1\/wp-json\/wp\/v2\/media?parent=17902"}],"wp:term":[{"taxonomy":"category","embeddable":true,"href":"https:\/\/elmundodelosnegocios.com.do\/v1\/wp-json\/wp\/v2\/categories?post=17902"},{"taxonomy":"post_tag","embeddable":true,"href":"https:\/\/elmundodelosnegocios.com.do\/v1\/wp-json\/wp\/v2\/tags?post=17902"}],"curies":[{"name":"wp","href":"https:\/\/api.w.org\/{rel}","templated":true}]}}