{"id":17906,"date":"2022-06-09T14:36:52","date_gmt":"2022-06-09T19:06:52","guid":{"rendered":"https:\/\/elmundodelosnegocios.com.do\/v1\/?p=17906"},"modified":"2022-06-09T14:36:52","modified_gmt":"2022-06-09T19:06:52","slug":"presenta-banco-popular-libro-dominicana-creativa-en-feria-madrid","status":"publish","type":"post","link":"https:\/\/elmundodelosnegocios.com.do\/v1\/presenta-banco-popular-libro-dominicana-creativa-en-feria-madrid\/","title":{"rendered":"Presenta Banco Popular libro Dominicana Creativa en Feria Madrid"},"content":{"rendered":"<p>Destacan el potencial de la econom\u00eda naranja como motor de desarrollo en la Rep\u00fablica Dominicana<br \/>\nMadrid, Espa\u00f1a, D.N. \u2013 El Banco Popular Dominicano y la embajada dominicana en Espa\u00f1a presentaron el libro y plataforma multimedia \u201cDominicana Creativa. Talento en la econom\u00eda naranja\u201d, en el marco de la 81ra. Feria del Libro de Madrid, considerada uno de los mayores eventos culturales en torno al libro y la lectura en espa\u00f1ol realizados en toda Iberoam\u00e9rica.<\/p>\n<p>La participaci\u00f3n del Banco Popular forma parte de sus iniciativas para promover la proyecci\u00f3n global del talento creativo y cultural de la Rep\u00fablica Dominicana, as\u00ed como el potencial econ\u00f3mico del pa\u00eds.<br \/>\nEl Palacio de Linares, sede de Casa de Am\u00e9rica, sirvi\u00f3 de escenario para la presentaci\u00f3n del libro institucional, el cual congreg\u00f3 una vasta representaci\u00f3n de la comunidad dominicana en Espa\u00f1a, ciudadanos espa\u00f1oles, autoridades, intelectuales e interesados en las perspectivas que ofrecen las industrias creativas y culturales en el pa\u00eds.<\/p>\n<p><a href=\"http:\/\/elmundodelosnegocios.com.do\/v1\/wp-content\/uploads\/2022\/06\/DSC05248.jpg\"><img loading=\"lazy\" decoding=\"async\" class=\"aligncenter size-full wp-image-17910\" src=\"http:\/\/elmundodelosnegocios.com.do\/v1\/wp-content\/uploads\/2022\/06\/DSC05248.jpg\" alt=\"\" width=\"1000\" height=\"667\" srcset=\"https:\/\/elmundodelosnegocios.com.do\/v1\/wp-content\/uploads\/2022\/06\/DSC05248.jpg 1000w, https:\/\/elmundodelosnegocios.com.do\/v1\/wp-content\/uploads\/2022\/06\/DSC05248-300x200.jpg 300w, https:\/\/elmundodelosnegocios.com.do\/v1\/wp-content\/uploads\/2022\/06\/DSC05248-768x512.jpg 768w\" sizes=\"auto, (max-width: 1000px) 100vw, 1000px\" \/><\/a><\/p>\n<p><a href=\"http:\/\/elmundodelosnegocios.com.do\/v1\/wp-content\/uploads\/2022\/06\/DSC05295.jpg\"><img loading=\"lazy\" decoding=\"async\" class=\"aligncenter size-full wp-image-17909\" src=\"http:\/\/elmundodelosnegocios.com.do\/v1\/wp-content\/uploads\/2022\/06\/DSC05295.jpg\" alt=\"\" width=\"1000\" height=\"710\" srcset=\"https:\/\/elmundodelosnegocios.com.do\/v1\/wp-content\/uploads\/2022\/06\/DSC05295.jpg 1000w, https:\/\/elmundodelosnegocios.com.do\/v1\/wp-content\/uploads\/2022\/06\/DSC05295-300x213.jpg 300w, https:\/\/elmundodelosnegocios.com.do\/v1\/wp-content\/uploads\/2022\/06\/DSC05295-768x545.jpg 768w\" sizes=\"auto, (max-width: 1000px) 100vw, 1000px\" \/><\/a><\/p>\n<p><a href=\"http:\/\/elmundodelosnegocios.com.do\/v1\/wp-content\/uploads\/2022\/06\/DSC05300.jpg\"><img loading=\"lazy\" decoding=\"async\" class=\"aligncenter size-full wp-image-17908\" src=\"http:\/\/elmundodelosnegocios.com.do\/v1\/wp-content\/uploads\/2022\/06\/DSC05300.jpg\" alt=\"\" width=\"1000\" height=\"596\" srcset=\"https:\/\/elmundodelosnegocios.com.do\/v1\/wp-content\/uploads\/2022\/06\/DSC05300.jpg 1000w, https:\/\/elmundodelosnegocios.com.do\/v1\/wp-content\/uploads\/2022\/06\/DSC05300-300x179.jpg 300w, https:\/\/elmundodelosnegocios.com.do\/v1\/wp-content\/uploads\/2022\/06\/DSC05300-768x458.jpg 768w\" sizes=\"auto, (max-width: 1000px) 100vw, 1000px\" \/><\/a><\/p>\n<p>Durante la actividad hicieron uso de la palabra los se\u00f1ores Luis Prados Covarrubias, director de programaci\u00f3n de Casa de Am\u00e9rica y el excelent\u00edsimo embajador de la Rep\u00fablica Dominicana ante el Reino de Espa\u00f1a, Juan Bol\u00edvar D\u00edaz Santana, quienes destacaron la relevancia del libro y de su componente multimedia, para la proyecci\u00f3n del pa\u00eds y del talento de su gente, adem\u00e1s del aporte econ\u00f3mico y social que represantan las industrias creativas y culturales.<\/p>\n<p>La presentaci\u00f3n formal de la obra estuvo a cargo de Jos\u00e9 M\u00e1rmol, vicepresidente ejecutivo de Comunicaciones Corporativas, Reputaci\u00f3n y Banca Responsable del Popular, quien subray\u00f3 que el prop\u00f3sito principal de esta iniciativa estriba en visibilizar, tanto nacional como internacionalmente, el impacto econ\u00f3mico de las industrias creativas y culturales, su dinamismo en la generaci\u00f3n de empleos directos e indirectos, as\u00ed como la necsidad de potenciar la inventiva y el talento emprendedor de las nuevas generaciones de dominicanos, tanto en el pa\u00eds como en el exterior.<\/p>\n<p>Indic\u00f3, adem\u00e1s, que el esfuerzo conjunto del Popular, en tanto que entidad financiera privada, los ministerios de Industria, Comercio y Mipymes, y de Cultura, as\u00ed como el Instituto Tecnol\u00f3gico de Santo Domingo (Intec) representa el establecimiento de sinergias para impulsar la econom\u00eda naranja, organizar sus actores e interconectarlos para que las ideas se transformen en bienes y servicios que contribuyan a la creaci\u00f3n de crecimiento econ\u00f3mico y de valor social compartido.<\/p>\n<p>Como parte de la presentaci\u00f3n, se realiz\u00f3 un panel, basado en la publicaci\u00f3n de la entidad bancaria, con las disertaciones de los se\u00f1ores Mar\u00eda Amalia Le\u00f3n, presidenta de la Fundaci\u00f3n Eduardo Le\u00f3n Jimenes y directora del Centro Le\u00f3n y Jos\u00e9 M\u00e1rmol, vicepresidente ejecutivo de Comunicaciones Corporativas, Reputaci\u00f3n y Banca Responsable de Grupo Popular, con la moderaci\u00f3n del se\u00f1or Esteban Mart\u00ednez-Murga, vicepresidente del \u00c1rea de Comunicaci\u00f3n y Reputaci\u00f3n Corporativas.<\/p>\n<p>En el intercambio de ideas se examin\u00f3 la perspectiva institucional del Banco Popular en su fomento de la econom\u00eda naranja como motor de desarrollo. Asimismo, la realidad presente y las barreras a sortear para consolidar el desarrollo de las industrias creativas y culturales en el pa\u00eds.<\/p>\n<p><strong>Iniciativas para concretizar las industrias creativas y culturales<\/strong><\/p>\n<p>Recientemente, el Popular present\u00f3 su plataforma \u201cEmprendedores Naranja\u201d con la finalidad de que los emprendedores creativos desarrollen sus proyectos hasta convertirlos en una empresa exitosa, a trav\u00e9s de capacitaciones y un pr\u00e9stamo de emprendimiento, con condiciones especiales de plazos y tasas.<\/p>\n<p>En tanto, el Ministerio de Industria, Comercio y Mipymes y el Ministerio de Cultura lanzaron el Directorio Creativo, una plataforma digital donde personas y empresas de la econom\u00eda creativa pueden contactar con potenciales clientes u otros profesionales del sector.<\/p>\n<p>El desarrollo de estos proyectos forma parte de la alianza p\u00fablico\u2013privada entre el Popular, el Ministerio de Industria, Comercio y Mipymes, el Ministerio de Cultura y tambi\u00e9n el Instituto Tecnol\u00f3gico de Santo Domingo (INTEC) para impulsar la econom\u00eda naranja. En el portal web www.economianaranja.com.do se acopian estas y otras herramientas de cada entidad.<\/p>\n","protected":false},"excerpt":{"rendered":"<p>Destacan el potencial de la econom\u00eda naranja como motor de desarrollo en la Rep\u00fablica Dominicana Madrid, Espa\u00f1a, D.N. \u2013 El Banco Popular Dominicano y la embajada dominicana en Espa\u00f1a presentaron&hellip; <\/p>\n","protected":false},"author":2,"featured_media":17911,"comment_status":"closed","ping_status":"closed","sticky":false,"template":"","format":"standard","meta":{"fifu_image_url":"","fifu_image_alt":"","footnotes":""},"categories":[148],"tags":[],"class_list":["post-17906","post","type-post","status-publish","format-standard","has-post-thumbnail","hentry","category-cultura"],"_links":{"self":[{"href":"https:\/\/elmundodelosnegocios.com.do\/v1\/wp-json\/wp\/v2\/posts\/17906","targetHints":{"allow":["GET"]}}],"collection":[{"href":"https:\/\/elmundodelosnegocios.com.do\/v1\/wp-json\/wp\/v2\/posts"}],"about":[{"href":"https:\/\/elmundodelosnegocios.com.do\/v1\/wp-json\/wp\/v2\/types\/post"}],"author":[{"embeddable":true,"href":"https:\/\/elmundodelosnegocios.com.do\/v1\/wp-json\/wp\/v2\/users\/2"}],"replies":[{"embeddable":true,"href":"https:\/\/elmundodelosnegocios.com.do\/v1\/wp-json\/wp\/v2\/comments?post=17906"}],"version-history":[{"count":0,"href":"https:\/\/elmundodelosnegocios.com.do\/v1\/wp-json\/wp\/v2\/posts\/17906\/revisions"}],"wp:featuredmedia":[{"embeddable":true,"href":"https:\/\/elmundodelosnegocios.com.do\/v1\/wp-json\/wp\/v2\/media\/17911"}],"wp:attachment":[{"href":"https:\/\/elmundodelosnegocios.com.do\/v1\/wp-json\/wp\/v2\/media?parent=17906"}],"wp:term":[{"taxonomy":"category","embeddable":true,"href":"https:\/\/elmundodelosnegocios.com.do\/v1\/wp-json\/wp\/v2\/categories?post=17906"},{"taxonomy":"post_tag","embeddable":true,"href":"https:\/\/elmundodelosnegocios.com.do\/v1\/wp-json\/wp\/v2\/tags?post=17906"}],"curies":[{"name":"wp","href":"https:\/\/api.w.org\/{rel}","templated":true}]}}