{"id":17937,"date":"2022-06-10T03:00:35","date_gmt":"2022-06-10T07:30:35","guid":{"rendered":"https:\/\/elmundodelosnegocios.com.do\/v1\/index.php\/2022\/06\/10\/resumen-el-negocio-de-ciencias-de-la-vida-de-wittkieffer-amplia-sus-capacidades-globales\/"},"modified":"2022-06-10T08:25:08","modified_gmt":"2022-06-10T12:55:08","slug":"resumen-el-negocio-de-ciencias-de-la-vida-de-wittkieffer-amplia-sus-capacidades-globales","status":"publish","type":"post","link":"https:\/\/elmundodelosnegocios.com.do\/v1\/resumen-el-negocio-de-ciencias-de-la-vida-de-wittkieffer-amplia-sus-capacidades-globales\/","title":{"rendered":"Negocio de ciencias de la vida de WittKieffer ampl\u00eda sus capacidades globales"},"content":{"rendered":"<p>La empresa incorpora a 3 consultores para continuar con el apoyo al ecosistema de calidad de vida<br \/>\nOAK BROOK, Illinois&#8211;(BUSINESS WIRE)&#8211;WittKieffer, empresa l\u00edder en la b\u00fasqueda y asesoramiento de ejecutivos a nivel mundial, dedicada a mejorar la calidad de vida a trav\u00e9s de un liderazgo efectivo, ha anunciado hoy la ampliaci\u00f3n de su negocio global de ciencias de la vida, Life Sciences Practice, con la incorporaci\u00f3n de tres experimentados consultores.<\/p>\n<p>WittKieffer se complace en dar la bienvenida a Susan Oliver y Luigi Frezza, que se unen al creciente negocio de WittKieffer como directores generales, as\u00ed como a Hannah Scarisbrick, que actuar\u00e1 como consultora s\u00e9nior.<\/p>\n<p>El comunicado en el idioma original es la versi\u00f3n oficial y autorizada del mismo. Esta traducci\u00f3n es solamente un medio de ayuda y deber\u00e1 ser comparada con el texto en idioma original, que es la \u00fanica versi\u00f3n del texto que tendr\u00e1 validez legal.<br \/>\n Contacts<br \/>\nAdam Wise<br \/>\n(715) 213-9170<br \/>\nawise@kwtglobal.com<\/p>\n","protected":false},"excerpt":{"rendered":"<p>La empresa incorpora a 3 consultores para continuar con el apoyo al ecosistema de calidad de vida OAK BROOK, Illinois&#8211;(BUSINESS WIRE)&#8211;WittKieffer, empresa l\u00edder en la b\u00fasqueda y asesoramiento de ejecutivos&hellip; <\/p>\n","protected":false},"author":2,"featured_media":17938,"comment_status":"closed","ping_status":"closed","sticky":false,"template":"","format":"standard","meta":{"fifu_image_url":"","fifu_image_alt":"","footnotes":""},"categories":[252],"tags":[253],"class_list":["post-17937","post","type-post","status-publish","format-standard","has-post-thumbnail","hentry","category-business-wire","tag-business-wire"],"_links":{"self":[{"href":"https:\/\/elmundodelosnegocios.com.do\/v1\/wp-json\/wp\/v2\/posts\/17937","targetHints":{"allow":["GET"]}}],"collection":[{"href":"https:\/\/elmundodelosnegocios.com.do\/v1\/wp-json\/wp\/v2\/posts"}],"about":[{"href":"https:\/\/elmundodelosnegocios.com.do\/v1\/wp-json\/wp\/v2\/types\/post"}],"author":[{"embeddable":true,"href":"https:\/\/elmundodelosnegocios.com.do\/v1\/wp-json\/wp\/v2\/users\/2"}],"replies":[{"embeddable":true,"href":"https:\/\/elmundodelosnegocios.com.do\/v1\/wp-json\/wp\/v2\/comments?post=17937"}],"version-history":[{"count":0,"href":"https:\/\/elmundodelosnegocios.com.do\/v1\/wp-json\/wp\/v2\/posts\/17937\/revisions"}],"wp:featuredmedia":[{"embeddable":true,"href":"https:\/\/elmundodelosnegocios.com.do\/v1\/wp-json\/wp\/v2\/media\/17938"}],"wp:attachment":[{"href":"https:\/\/elmundodelosnegocios.com.do\/v1\/wp-json\/wp\/v2\/media?parent=17937"}],"wp:term":[{"taxonomy":"category","embeddable":true,"href":"https:\/\/elmundodelosnegocios.com.do\/v1\/wp-json\/wp\/v2\/categories?post=17937"},{"taxonomy":"post_tag","embeddable":true,"href":"https:\/\/elmundodelosnegocios.com.do\/v1\/wp-json\/wp\/v2\/tags?post=17937"}],"curies":[{"name":"wp","href":"https:\/\/api.w.org\/{rel}","templated":true}]}}