{"id":17950,"date":"2022-06-10T08:29:51","date_gmt":"2022-06-10T12:59:51","guid":{"rendered":"http:\/\/elmundodelosnegocios.com.do\/v1\/?p=17950"},"modified":"2022-06-10T08:29:51","modified_gmt":"2022-06-10T12:59:51","slug":"ministro-almonte-participa-en-ix-cumbre-de-las-americas-comparte-avances-de-rd-en-seguridad-y-transicion-energetica","status":"publish","type":"post","link":"https:\/\/elmundodelosnegocios.com.do\/v1\/ministro-almonte-participa-en-ix-cumbre-de-las-americas-comparte-avances-de-rd-en-seguridad-y-transicion-energetica\/","title":{"rendered":"Ministro Almonte participa en IX Cumbre de Las Am\u00e9ricas; comparte avances de RD en seguridad y transici\u00f3n energ\u00e9tica"},"content":{"rendered":"<p>Los \u00c1ngeles.- Durante la IX Cumbre de las Am\u00e9ricas, el ministro de Energ\u00eda y Minas, Antonio Almonte, lider\u00f3 un panel sobre el rol de la iniciativa privada en la revoluci\u00f3n renovable, la transici\u00f3n hacia energ\u00edas limpias y la seguridad clim\u00e1tica.<\/p>\n<p>Esta actividad, celebrada bajo el t\u00edtulo \u201cIniciativa de Seguridad Clim\u00e1tica y Energ\u00e9tica del Caribe (CESI) 2030\u201d, estuvo encabezada por John Kerry, enviado presidencial de los Estados Unidos para el Clima, y fue organizada por la Agencia de los Estados Unidos para el Desarrollo Internacional (USAID).<\/p>\n<figure class=\"wp-block-image size-large\"><img loading=\"lazy\" decoding=\"async\" class=\"wp-image-5224 td-animation-stack-type0-2\" src=\"https:\/\/energiaindustriacomercio.com\/wp-content\/uploads\/sites\/78\/2022\/06\/00c-3-1024x576.jpg\" sizes=\"auto, (max-width: 1024px) 100vw, 1024px\" srcset=\"https:\/\/energiaindustriacomercio.com\/wp-content\/uploads\/sites\/78\/2022\/06\/00c-3-1024x576.jpg 1024w, https:\/\/energiaindustriacomercio.com\/wp-content\/uploads\/sites\/78\/2022\/06\/00c-3-300x169.jpg 300w, https:\/\/energiaindustriacomercio.com\/wp-content\/uploads\/sites\/78\/2022\/06\/00c-3-768x432.jpg 768w, https:\/\/energiaindustriacomercio.com\/wp-content\/uploads\/sites\/78\/2022\/06\/00c-3-696x391.jpg 696w, https:\/\/energiaindustriacomercio.com\/wp-content\/uploads\/sites\/78\/2022\/06\/00c-3-1068x601.jpg 1068w, https:\/\/energiaindustriacomercio.com\/wp-content\/uploads\/sites\/78\/2022\/06\/00c-3-747x420.jpg 747w, https:\/\/energiaindustriacomercio.com\/wp-content\/uploads\/sites\/78\/2022\/06\/00c-3.jpg 1300w\" alt=\"\" width=\"1024\" height=\"576\" \/><\/figure>\n<p>La IX Cumbre de las Am\u00e9ricas fue convocada por el presidente Joe Biden, y cuenta con la participaci\u00f3n del presidente Luis Abinader, adem\u00e1s de otros mandatarios internacionales y equipos gubernamentales de alto nivel.<\/p>\n<p>Rep\u00fablica Dominicana lidera el grupo de trabajo de transici\u00f3n energ\u00e9tica y su designaci\u00f3n responde a su capacidad de liderazgo regional en dicha materia. Adem\u00e1s, el pa\u00eds ha hecho esfuerzos notables en la actualizaci\u00f3n de su marco jur\u00eddico y esto ha favorecido la confianza tanto de la inversi\u00f3n local como extranjera en el sector de la energ\u00eda.<\/p>\n<p>Asimismo, el ministro Antonio Almonte abord\u00f3 la transformaci\u00f3n de la matriz energ\u00e9tica dominicana y los desaf\u00edos regionales frente al incremento del precio de los combustibles f\u00f3siles. Durante su intervenci\u00f3n estuvo acompa\u00f1ado por el ingeniero Alfonso Rodr\u00edguez, viceministro de Ahorro y Eficiencia Energ\u00e9tica.<\/p>\n<p>Este evento potenci\u00f3 din\u00e1micas de cooperaci\u00f3n interestatal y transmiti\u00f3 que la Rep\u00fablica Dominicana es un espacio propicio para la inversi\u00f3n por su seguridad jur\u00eddica y estabilidad institucional. Esta actividad evidenci\u00f3 la fortaleza de los v\u00ednculos que nos unen a los Estados Unidos y al resto de nuestros aliados regionales. Una demostraci\u00f3n de los valores democr\u00e1ticos compartidos y del compromiso con los objetivos de desarrollo sostenible.<\/p>\n","protected":false},"excerpt":{"rendered":"<p>Los \u00c1ngeles.- Durante la IX Cumbre de las Am\u00e9ricas, el ministro de Energ\u00eda y Minas, Antonio Almonte, lider\u00f3 un panel sobre el rol de la iniciativa privada en la revoluci\u00f3n&hellip; <\/p>\n","protected":false},"author":2,"featured_media":17952,"comment_status":"closed","ping_status":"closed","sticky":false,"template":"","format":"standard","meta":{"fifu_image_url":"","fifu_image_alt":"","footnotes":""},"categories":[182],"tags":[],"class_list":["post-17950","post","type-post","status-publish","format-standard","has-post-thumbnail","hentry","category-energia"],"_links":{"self":[{"href":"https:\/\/elmundodelosnegocios.com.do\/v1\/wp-json\/wp\/v2\/posts\/17950","targetHints":{"allow":["GET"]}}],"collection":[{"href":"https:\/\/elmundodelosnegocios.com.do\/v1\/wp-json\/wp\/v2\/posts"}],"about":[{"href":"https:\/\/elmundodelosnegocios.com.do\/v1\/wp-json\/wp\/v2\/types\/post"}],"author":[{"embeddable":true,"href":"https:\/\/elmundodelosnegocios.com.do\/v1\/wp-json\/wp\/v2\/users\/2"}],"replies":[{"embeddable":true,"href":"https:\/\/elmundodelosnegocios.com.do\/v1\/wp-json\/wp\/v2\/comments?post=17950"}],"version-history":[{"count":0,"href":"https:\/\/elmundodelosnegocios.com.do\/v1\/wp-json\/wp\/v2\/posts\/17950\/revisions"}],"wp:featuredmedia":[{"embeddable":true,"href":"https:\/\/elmundodelosnegocios.com.do\/v1\/wp-json\/wp\/v2\/media\/17952"}],"wp:attachment":[{"href":"https:\/\/elmundodelosnegocios.com.do\/v1\/wp-json\/wp\/v2\/media?parent=17950"}],"wp:term":[{"taxonomy":"category","embeddable":true,"href":"https:\/\/elmundodelosnegocios.com.do\/v1\/wp-json\/wp\/v2\/categories?post=17950"},{"taxonomy":"post_tag","embeddable":true,"href":"https:\/\/elmundodelosnegocios.com.do\/v1\/wp-json\/wp\/v2\/tags?post=17950"}],"curies":[{"name":"wp","href":"https:\/\/api.w.org\/{rel}","templated":true}]}}