{"id":17958,"date":"2022-06-10T08:32:51","date_gmt":"2022-06-10T13:02:51","guid":{"rendered":"http:\/\/elmundodelosnegocios.com.do\/v1\/?p=17958"},"modified":"2022-06-10T08:32:51","modified_gmt":"2022-06-10T13:02:51","slug":"alianza-para-el-desarrollo-en-democracia-abre-dialogo-con-gobierno-de-canada","status":"publish","type":"post","link":"https:\/\/elmundodelosnegocios.com.do\/v1\/alianza-para-el-desarrollo-en-democracia-abre-dialogo-con-gobierno-de-canada\/","title":{"rendered":"Alianza para el Desarrollo en Democracia abre di\u00e1logo con gobierno de Canad\u00e1"},"content":{"rendered":"<p>Santo Domingo.- Los ministros de Relaciones Exteriores, de Rep\u00fablica Dominicana, Roberto \u00c1lvarez; de Costa Rica, Arnoldo Andr\u00e9 Tinoco, y de Panam\u00e1, Erika Mouynes, sostuvieron una reuni\u00f3n de trabajo en Los \u00c1ngeles, California, con su hom\u00f3loga de Canad\u00e1, M\u00e9lanie Joly, en la cual presentaron un declaraci\u00f3n conjunta enfocada al fortalecimiento de esta alianza y a la cooperaci\u00f3n de Canad\u00e1.<\/p>\n<p>A continuaci\u00f3n el texto \u00edntegro de dicha declaraci\u00f3n:<br \/>\nFomentar el di\u00e1logo estrat\u00e9gico entre Canad\u00e1 y los miembros de la Alianza para el Desarrollo en Democracia (ADD).<\/p>\n<p>Canad\u00e1, Costa Rica, Rep\u00fablica Dominicana y Panam\u00e1, miembros de la Alianza para el Desarrollo en Democracia (ADD), confirmamos nuestro compromiso compartido de establecer un di\u00e1logo estrat\u00e9gico para asegurar la colaboraci\u00f3n continua para promover el crecimiento econ\u00f3mico inclusivo y fortalecer la democracia en nuestro hemisferio. Esto est\u00e1 alineado con la declaraci\u00f3n del 11 de diciembre de los presidentes de la Alianza en Puerto Plata, sobre la necesidad de que los ministros de la Alianza establezcan prioridades al m\u00e1s alto nivel con los socios estrat\u00e9gicos.<\/p>\n<p>Afirmamos nuestro compromiso compartido con el orden internacional basado en normas, la democracia, los derechos humanos, la igualdad de g\u00e9nero, la acci\u00f3n clim\u00e1tica, el crecimiento inclusivo y una recuperaci\u00f3n sostenible de la pandemia en las Am\u00e9ricas.<\/p>\n<p>Reconocemos la necesidad de impulsar el crecimiento econ\u00f3mico inclusivo y una transici\u00f3n verde en la regi\u00f3n y entendemos que nuestros objetivos en este \u00e1mbito requieren una acci\u00f3n colectiva en la regi\u00f3n. Una recuperaci\u00f3n inclusiva y sostenible de la pandemia puede verse facilitada por la profundizaci\u00f3n de nuestras relaciones comerciales, la promoci\u00f3n de mayores flujos de comercio e inversi\u00f3n y mayores inversiones en educaci\u00f3n y desarrollo de capacidades.<\/p>\n<p>Nos comprometemos a trabajar juntos para hacer frente a los retos democr\u00e1ticos y evitar la erosi\u00f3n de la democracia en nuestro hemisferio.<\/p>\n<p>Reconocemos que el Estado de derecho, la libertad de los medios de comunicaci\u00f3n y la independencia del poder judicial son fundamentales para las econom\u00edas y democracias estables y para atraer la inversi\u00f3n extranjera.<\/p>\n<p>Expresamos nuestra condena a la invasi\u00f3n ilegal de Ucrania por parte de Rusia y reconocemos las vulnerabilidades \u2014incluyendo la inseguridad alimentaria y la inflaci\u00f3n\u2014 que se han exacerbado en nuestro hemisferio como resultado de esta crisis.<\/p>\n<p>En consecuencia, Canad\u00e1, Costa Rica, Rep\u00fablica Dominicana y Panam\u00e1:<\/p>\n<p>\u25cf Colaborar\u00e1n y mantendr\u00e1n un di\u00e1logo pol\u00edtico sobre cuestiones clave de pol\u00edtica exterior.<\/p>\n<p>\u25cf Trabajar\u00e1n para fortalecer la cooperaci\u00f3n en torno a los problemas comunes que enfrenta el hemisferio, incluso mediante la adopci\u00f3n de iniciativas conjuntas y el apoyo a soluciones inclusivas y participativas.<\/p>\n<p>\u25cf Buscar\u00e1n posibles oportunidades de colaboraci\u00f3n para hacer frente a los efectos del cambio clim\u00e1tico.<\/p>\n<p>\u25cf Estudiar\u00e1n c\u00f3mo reforzar los lazos comerciales y de inversi\u00f3n entre nosotros para apoyar una recuperaci\u00f3n econ\u00f3mica y sanitaria inclusiva y sostenible de la pandemia.<\/p>\n<p>\u25cf Colaborar\u00e1n estrechamente con vistas a reforzar las sociedades democr\u00e1ticas inclusivas protegiendo el espacio c\u00edvico, la libertad de los medios de comunicaci\u00f3n y la igualdad de g\u00e9nero, y promoviendo la libertad de expresi\u00f3n, la libertad de reuni\u00f3n y de asociaci\u00f3n, y la libertad de religi\u00f3n o de creencias.<\/p>\n<p>Para reforzar nuestro di\u00e1logo estrat\u00e9gico, hemos acordado que Canad\u00e1 acoge una reuni\u00f3n sobre la democracia en las Am\u00e9ricas en los pr\u00f3ximos meses.<\/p>\n","protected":false},"excerpt":{"rendered":"<p>Santo Domingo.- Los ministros de Relaciones Exteriores, de Rep\u00fablica Dominicana, Roberto \u00c1lvarez; de Costa Rica, Arnoldo Andr\u00e9 Tinoco, y de Panam\u00e1, Erika Mouynes, sostuvieron una reuni\u00f3n de trabajo en Los&hellip; <\/p>\n","protected":false},"author":2,"featured_media":17960,"comment_status":"closed","ping_status":"closed","sticky":false,"template":"","format":"standard","meta":{"fifu_image_url":"","fifu_image_alt":"","footnotes":""},"categories":[74],"tags":[],"class_list":["post-17958","post","type-post","status-publish","format-standard","has-post-thumbnail","hentry","category-comercio-internacional"],"_links":{"self":[{"href":"https:\/\/elmundodelosnegocios.com.do\/v1\/wp-json\/wp\/v2\/posts\/17958","targetHints":{"allow":["GET"]}}],"collection":[{"href":"https:\/\/elmundodelosnegocios.com.do\/v1\/wp-json\/wp\/v2\/posts"}],"about":[{"href":"https:\/\/elmundodelosnegocios.com.do\/v1\/wp-json\/wp\/v2\/types\/post"}],"author":[{"embeddable":true,"href":"https:\/\/elmundodelosnegocios.com.do\/v1\/wp-json\/wp\/v2\/users\/2"}],"replies":[{"embeddable":true,"href":"https:\/\/elmundodelosnegocios.com.do\/v1\/wp-json\/wp\/v2\/comments?post=17958"}],"version-history":[{"count":0,"href":"https:\/\/elmundodelosnegocios.com.do\/v1\/wp-json\/wp\/v2\/posts\/17958\/revisions"}],"wp:featuredmedia":[{"embeddable":true,"href":"https:\/\/elmundodelosnegocios.com.do\/v1\/wp-json\/wp\/v2\/media\/17960"}],"wp:attachment":[{"href":"https:\/\/elmundodelosnegocios.com.do\/v1\/wp-json\/wp\/v2\/media?parent=17958"}],"wp:term":[{"taxonomy":"category","embeddable":true,"href":"https:\/\/elmundodelosnegocios.com.do\/v1\/wp-json\/wp\/v2\/categories?post=17958"},{"taxonomy":"post_tag","embeddable":true,"href":"https:\/\/elmundodelosnegocios.com.do\/v1\/wp-json\/wp\/v2\/tags?post=17958"}],"curies":[{"name":"wp","href":"https:\/\/api.w.org\/{rel}","templated":true}]}}