{"id":17975,"date":"2022-06-13T08:01:45","date_gmt":"2022-06-13T12:31:45","guid":{"rendered":"http:\/\/elmundodelosnegocios.com.do\/v1\/?p=17975"},"modified":"2022-06-13T08:01:45","modified_gmt":"2022-06-13T12:31:45","slug":"concluye-primera-mision-del-banco-mundial-para-el-proyecto-pargirh","status":"publish","type":"post","link":"https:\/\/elmundodelosnegocios.com.do\/v1\/concluye-primera-mision-del-banco-mundial-para-el-proyecto-pargirh\/","title":{"rendered":"Concluye primera misi\u00f3n del Banco Mundial para el proyecto PARGIRH"},"content":{"rendered":"<p data-uw-styling-context=\"true\">Santo Domingo.- El\u00a0Instituto Nacional de Recursos Hidr\u00e1ulicos (INDRHI)\u00a0encabez\u00f3 junto al\u00a0Ministerio de Econom\u00eda, Planificaci\u00f3n y Desarrollo (MEPyD)\u00a0la presentaci\u00f3n de los resultados de la\u00a0primera misi\u00f3n del Banco Mundial\u00a0sobre el\u00a0Proyecto Agricultura Resiliente y Gesti\u00f3n Integrada de Recursos H\u00eddricos (PARGIRH),\u00a0en la que participaron tambi\u00e9n representantes de los Ministerios de Medio Ambiente y Recursos Naturales y de Agricultura, del Gabinete del Agua, adem\u00e1s del Instituto Nacional de Aguas Potables y Alcantarillados (INAPA).<\/p>\n<p data-uw-styling-context=\"true\"><span data-uw-styling-context=\"true\">El informe fue presentado al Comit\u00e9 Directivo del proyecto, del que forman parte las instituciones referidas y es presidido por el\u00a0<strong data-uw-styling-context=\"true\">ministro del MEPyD, Miguel Ceara Hatton<\/strong>.<\/span><\/p>\n<p data-uw-styling-context=\"true\"><span data-uw-styling-context=\"true\">Durante el encuentro, el\u00a0<strong data-uw-styling-context=\"true\">director ejecutivo del INDRHI, Olmedo Caba Romano<\/strong>, dijo que PARGIRH generar\u00e1 grandes resultados para la agropecuaria y la gesti\u00f3n integral del agua, a la vez que expres\u00f3 satisfacci\u00f3n por la participaci\u00f3n y confianza depositada en la entidad que dirige para la coordinaci\u00f3n del equipo.<\/span><\/p>\n<p data-uw-styling-context=\"true\"><span data-uw-styling-context=\"true\">\u201c<em data-uw-styling-context=\"true\">Quiero agradecer a ustedes la confianza que han tenido en nosotros para que esto sea una realidad y de que el INDRHI trabaje la coordinaci\u00f3n de este proyecto junto con ustedes. Igualmente, nosotros interpretamos la filosof\u00eda y el pensamiento de nuestro presidente Luis Abinader comprometidos con la adecuada distribuci\u00f3n del agua para el desarrollo agropecuario<\/em>\u201d.<\/span><\/p>\n<p data-uw-styling-context=\"true\"><img loading=\"lazy\" decoding=\"async\" src=\"https:\/\/presidencia.gob.do\/sites\/default\/files\/content\/Foto%202%5B100%5D.JPG\" alt=\"\" width=\"3008\" height=\"2000\" data-entity-type=\"file\" data-entity-uuid=\"c030b821-28ef-41bd-bd2b-d150deb37f5a\" data-uw-styling-context=\"true\" \/><\/p>\n<p data-uw-styling-context=\"true\"><span data-uw-styling-context=\"true\">De su lado, al analizar las diferentes propuestas y abordar los componentes del proyecto, la\u00a0<strong data-uw-styling-context=\"true\">representante del Banco Mundial en el pa\u00eds, Alexandria Valerio<\/strong>, destac\u00f3 tambi\u00e9n la confianza del gobierno dominicano a trav\u00e9s de los diferentes organismos para buscar el\u00a0<strong data-uw-styling-context=\"true\">bien com\u00fan en el pa\u00eds<\/strong>\u00a0con este proyecto.<\/span><\/p>\n<p data-uw-styling-context=\"true\"><span data-uw-styling-context=\"true\">Las entidades relacionadas al sector agua y agricultura trabajaron durante la semana, entre otros aspectos, un an\u00e1lisis de los componentes del proyecto, entre ellos, la mejora de la resiliencia y gesti\u00f3n de la infraestructura hidr\u00e1ulica, el desarrollo de capacidades para la gesti\u00f3n y gobernanza de los recursos naturales y la gesti\u00f3n de proyectos; la reducci\u00f3n de la contaminaci\u00f3n a trav\u00e9s de la mejora de los servicios de abastecimiento de agua y saneamiento en \u00e1reas priorizadas, as\u00ed como manejo sostenible de agroecosistemas.<\/span><\/p>\n<p data-uw-styling-context=\"true\"><span data-uw-styling-context=\"true\">Adem\u00e1s, las instituciones socializaron respecto al apoyo para la consolidaci\u00f3n del sistema nacional de conservaci\u00f3n de suelo y agua, as\u00ed como \u00e1reas protegidas v\u00eda la prevenci\u00f3n de la degradaci\u00f3n y el desarrollo de actividades il\u00edcitas en dichas zonas.<\/span><\/p>\n<p data-uw-styling-context=\"true\"><img loading=\"lazy\" decoding=\"async\" src=\"https:\/\/presidencia.gob.do\/sites\/default\/files\/content\/Foto%203%5B75%5D.JPG\" alt=\"\" width=\"3008\" height=\"2000\" data-entity-type=\"file\" data-entity-uuid=\"6f39bcd3-5c93-46a7-a811-43170c568067\" data-uw-styling-context=\"true\" \/><\/p>\n<h2 data-uw-styling-context=\"true\"><span data-uw-styling-context=\"true\"><strong data-uw-styling-context=\"true\">Proyecto Agricultura Resiliente y Gesti\u00f3n Integrada de Recursos H\u00eddricos (PARGIRH)<\/strong><\/span><\/h2>\n<p data-uw-styling-context=\"true\"><span data-uw-styling-context=\"true\">PARGIRH es un proyecto que desarrollar\u00e1 el organismo hidr\u00e1ulico junto a las citadas instituciones en las\u00a0<strong data-uw-styling-context=\"true\">cuencas hidrogr\u00e1ficas Yaque del Norte y Ozama &#8211; Isabela<\/strong>, financiado por el Banco Mundial con un monto de\u00a0<strong data-uw-styling-context=\"true\">US$80 millones<\/strong>, e impactar\u00e1 directamente las provincias Dajab\u00f3n, Montecristi, La Vega, Santiago Rodr\u00edguez, Valverde, Monte Plata, Puerto Plata y tambi\u00e9n al Gran Santo Domingo.<\/span><\/p>\n<p data-uw-styling-context=\"true\"><span data-uw-styling-context=\"true\">En el encuentro participaron, adem\u00e1s, el viceministro de Suelos y Aguas del Ministerio de Medio Ambiente y Recursos Naturales, Fulvio Ure\u00f1a; el viceministro de Extensi\u00f3n y Capacitaci\u00f3n Agropecuaria del Ministerio de Agricultura, Dar\u00edo Vargas; el subdirector del Instituto Nacional de Aguas Potables y Alcantarillados (INAPA), Wascar Mart\u00ednez; el director ejecutivo del Gabinete del Agua, Gilberto Reynoso; la representante de la misi\u00f3n del Banco Mundial, Barbara Farinelli, y el coordinador de PARGIRH, V\u00edctor De \u00d3leo, entre otros.<\/span><\/p>\n","protected":false},"excerpt":{"rendered":"<p>Santo Domingo.- El\u00a0Instituto Nacional de Recursos Hidr\u00e1ulicos (INDRHI)\u00a0encabez\u00f3 junto al\u00a0Ministerio de Econom\u00eda, Planificaci\u00f3n y Desarrollo (MEPyD)\u00a0la presentaci\u00f3n de los resultados de la\u00a0primera misi\u00f3n del Banco Mundial\u00a0sobre el\u00a0Proyecto Agricultura Resiliente y&hellip; <\/p>\n","protected":false},"author":2,"featured_media":17976,"comment_status":"closed","ping_status":"closed","sticky":false,"template":"","format":"standard","meta":{"fifu_image_url":"","fifu_image_alt":"","footnotes":""},"categories":[69],"tags":[],"class_list":["post-17975","post","type-post","status-publish","format-standard","has-post-thumbnail","hentry","category-construccion"],"_links":{"self":[{"href":"https:\/\/elmundodelosnegocios.com.do\/v1\/wp-json\/wp\/v2\/posts\/17975","targetHints":{"allow":["GET"]}}],"collection":[{"href":"https:\/\/elmundodelosnegocios.com.do\/v1\/wp-json\/wp\/v2\/posts"}],"about":[{"href":"https:\/\/elmundodelosnegocios.com.do\/v1\/wp-json\/wp\/v2\/types\/post"}],"author":[{"embeddable":true,"href":"https:\/\/elmundodelosnegocios.com.do\/v1\/wp-json\/wp\/v2\/users\/2"}],"replies":[{"embeddable":true,"href":"https:\/\/elmundodelosnegocios.com.do\/v1\/wp-json\/wp\/v2\/comments?post=17975"}],"version-history":[{"count":0,"href":"https:\/\/elmundodelosnegocios.com.do\/v1\/wp-json\/wp\/v2\/posts\/17975\/revisions"}],"wp:featuredmedia":[{"embeddable":true,"href":"https:\/\/elmundodelosnegocios.com.do\/v1\/wp-json\/wp\/v2\/media\/17976"}],"wp:attachment":[{"href":"https:\/\/elmundodelosnegocios.com.do\/v1\/wp-json\/wp\/v2\/media?parent=17975"}],"wp:term":[{"taxonomy":"category","embeddable":true,"href":"https:\/\/elmundodelosnegocios.com.do\/v1\/wp-json\/wp\/v2\/categories?post=17975"},{"taxonomy":"post_tag","embeddable":true,"href":"https:\/\/elmundodelosnegocios.com.do\/v1\/wp-json\/wp\/v2\/tags?post=17975"}],"curies":[{"name":"wp","href":"https:\/\/api.w.org\/{rel}","templated":true}]}}