{"id":18065,"date":"2022-06-14T14:20:32","date_gmt":"2022-06-14T18:50:32","guid":{"rendered":"https:\/\/elmundodelosnegocios.com.do\/v1\/?p=18065"},"modified":"2022-06-14T14:20:54","modified_gmt":"2022-06-14T18:50:54","slug":"lanza-fundacion-la-merced-campana-dia-mundial-contra-trabajo-infantil","status":"publish","type":"post","link":"https:\/\/elmundodelosnegocios.com.do\/v1\/lanza-fundacion-la-merced-campana-dia-mundial-contra-trabajo-infantil\/","title":{"rendered":"Lanza Fundaci\u00f3n La Merced campa\u00f1a D\u00eda Mundial contra Trabajo Infantil"},"content":{"rendered":"<p>SANTO DOMINGO, R.D. Junio 14, 2022.- Con motivo de conmemorarse el 12 de junio el D\u00eda Mundial contra el Trabajo Infantil, Fundaci\u00f3n La Merced lanz\u00f3 la campa\u00f1a \u201cEl presente es de los ni\u00f1os\u201d, mediante la cual hace un llamado de atenci\u00f3n sobre la necesidad urgente de proteger los derechos de los ni\u00f1os, ni\u00f1as y adolescentes, y brindarles mejores condiciones de vida.<\/p>\n<p>Como parte de esta campa\u00f1a la fundaci\u00f3n ha puesto a la venta una camiseta solidaria, con dise\u00f1o exclusivo del reconocido ilustrador Omar Garc\u00eda (Angurria). Los beneficios obtenidos ser\u00e1n destinados a los programas que la entidad desarrolla para prevenir y erradicar el trabajo infantil; y aportar al bienestar de alrededor de 250 ni\u00f1os y sus familias, en las comunidades m\u00e1s vulnerables de Bienvenido, Hato Nuevo y Las Caobas, del municipio Santo Domingo Oeste.<\/p>\n<p><a href=\"http:\/\/segurossaludpensionesseguridad.com\/wp-content\/uploads\/sites\/112\/2022\/06\/8-Amigos-y-colaboradores-de-Fundacio\u0301n-La-Merced-1.jpg\" rel=\"lightbox\"><img loading=\"lazy\" decoding=\"async\" class=\"aligncenter size-full wp-image-15146\" src=\"http:\/\/segurossaludpensionesseguridad.com\/wp-content\/uploads\/sites\/112\/2022\/06\/8-Amigos-y-colaboradores-de-Fundacio\u0301n-La-Merced-1.jpg\" alt=\"\" width=\"2048\" height=\"1365\" \/><\/a> <a href=\"http:\/\/segurossaludpensionesseguridad.com\/wp-content\/uploads\/sites\/112\/2022\/06\/9-Amigos-y-colaboradores-de-Fundacio\u0301n-La-Merced.jpg\" rel=\"lightbox\"><img loading=\"lazy\" decoding=\"async\" class=\"aligncenter size-full wp-image-15147\" src=\"http:\/\/segurossaludpensionesseguridad.com\/wp-content\/uploads\/sites\/112\/2022\/06\/9-Amigos-y-colaboradores-de-Fundacio\u0301n-La-Merced.jpg\" alt=\"\" width=\"2048\" height=\"1365\" \/><\/a><\/p>\n<p>\u201cEl futuro es incierto para los ni\u00f1os si no tienen un presente con mejores oportunidades\u201d, expres\u00f3 el padre Tom\u00e1s Garc\u00eda, vicepresidente ejecutivo de Fundaci\u00f3n La Merced, una asociaci\u00f3n sin fines de lucro creada por la orden religiosa de La Merced, con el objetivo de prevenir y reducir el trabajo infantil, la explotaci\u00f3n dom\u00e9stica y\/o sexual comercial de ni\u00f1os, ni\u00f1as y adolescentes, a trav\u00e9s de un trabajo comunitario con enfoque en derechos.<\/p>\n<p>Para la fundaci\u00f3n es importante crear conciencia sobre las graves consecuencias que tiene el trabajo infantil en el desarrollo f\u00edsico y mental de los ni\u00f1os, por lo que: \u201cm\u00e1s all\u00e1 de recaudar fondos para nuestros proyectos, con esta iniciativa procuramos tambi\u00e9n sensibilizar y motivar a los ciudadanos a hacerse eco de la causa, vistiendo la camiseta y haciendo un llamado a poner #FinAlTrabajoInfantil en sus redes sociales y otros medios\u201d, explic\u00f3 el padre Tom\u00e1s Garc\u00eda.<\/p>\n<p>La campa\u00f1a fue lanzada durante un encuentro entre amigos celebrado en Casa de Teatro, y conducido por Freddy Ginebra. En el evento se mostr\u00f3 el video de la canci\u00f3n \u201cNo le digas que son el futuro\u201d, con letra y m\u00fasica de Jos\u00e9 Antonio Rodr\u00edguez, que refuerza el llamado a ofrecer a ni\u00f1os, ni\u00f1as y adolescentes las condiciones para que puedan desarrollar todo su potencial, disfrutar de salud f\u00edsica y emocional, y vivir su infancia a plenitud.<\/p>\n<p>Tambi\u00e9n fue le\u00eddo un manifiesto, en el que Fundaci\u00f3n La Merced reiter\u00f3 su compromiso de accionar desde el amor para transformar las vidas de los ni\u00f1os y ni\u00f1as en situaci\u00f3n o riesgo de trabajo infantil: \u201cCreemos que esta misi\u00f3n es de todos. Creemos en cada alianza, cada apadrinamiento y cada persona que sue\u00f1a con nosotros para construir una comunidad, una ciudad, un pa\u00eds y un mundo mejor para ellos\u201d.<\/p>\n<p>Las camisetas solidarias pueden ser adquiridas a un precio unitario de RD$600 en las oficinas de Fundaci\u00f3n La Merced, ubicadas en la avenida Las Palmas, sector Las Caobas de Santo Domingo Oeste; o solicitarse para env\u00edo a domicilio, con un cargo adicional, v\u00eda tel\u00e9fono: 809 620-9907 o WhatsApp: 809 603-6804. M\u00e1s informaci\u00f3n en www.fundacionlamerced.org y en redes sociales como @fundlamerced.<\/p>\n<p>&nbsp;<\/p>\n","protected":false},"excerpt":{"rendered":"<p>SANTO DOMINGO, R.D. Junio 14, 2022.- Con motivo de conmemorarse el 12 de junio el D\u00eda Mundial contra el Trabajo Infantil, Fundaci\u00f3n La Merced lanz\u00f3 la campa\u00f1a \u201cEl presente es&hellip; <\/p>\n","protected":false},"author":2,"featured_media":18067,"comment_status":"closed","ping_status":"closed","sticky":false,"template":"","format":"standard","meta":{"fifu_image_url":"","fifu_image_alt":"","footnotes":""},"categories":[80],"tags":[],"class_list":["post-18065","post","type-post","status-publish","format-standard","has-post-thumbnail","hentry","category-salud"],"_links":{"self":[{"href":"https:\/\/elmundodelosnegocios.com.do\/v1\/wp-json\/wp\/v2\/posts\/18065","targetHints":{"allow":["GET"]}}],"collection":[{"href":"https:\/\/elmundodelosnegocios.com.do\/v1\/wp-json\/wp\/v2\/posts"}],"about":[{"href":"https:\/\/elmundodelosnegocios.com.do\/v1\/wp-json\/wp\/v2\/types\/post"}],"author":[{"embeddable":true,"href":"https:\/\/elmundodelosnegocios.com.do\/v1\/wp-json\/wp\/v2\/users\/2"}],"replies":[{"embeddable":true,"href":"https:\/\/elmundodelosnegocios.com.do\/v1\/wp-json\/wp\/v2\/comments?post=18065"}],"version-history":[{"count":0,"href":"https:\/\/elmundodelosnegocios.com.do\/v1\/wp-json\/wp\/v2\/posts\/18065\/revisions"}],"wp:featuredmedia":[{"embeddable":true,"href":"https:\/\/elmundodelosnegocios.com.do\/v1\/wp-json\/wp\/v2\/media\/18067"}],"wp:attachment":[{"href":"https:\/\/elmundodelosnegocios.com.do\/v1\/wp-json\/wp\/v2\/media?parent=18065"}],"wp:term":[{"taxonomy":"category","embeddable":true,"href":"https:\/\/elmundodelosnegocios.com.do\/v1\/wp-json\/wp\/v2\/categories?post=18065"},{"taxonomy":"post_tag","embeddable":true,"href":"https:\/\/elmundodelosnegocios.com.do\/v1\/wp-json\/wp\/v2\/tags?post=18065"}],"curies":[{"name":"wp","href":"https:\/\/api.w.org\/{rel}","templated":true}]}}