{"id":18120,"date":"2022-06-16T07:00:52","date_gmt":"2022-06-16T11:30:52","guid":{"rendered":"http:\/\/elmundodelosnegocios.com.do\/v1\/?p=18120"},"modified":"2022-06-16T07:04:14","modified_gmt":"2022-06-16T11:34:14","slug":"concluyen-escuelas-plaza-cultura-bonao-ano-academico-con-apoyo-falcondo","status":"publish","type":"post","link":"https:\/\/elmundodelosnegocios.com.do\/v1\/concluyen-escuelas-plaza-cultura-bonao-ano-academico-con-apoyo-falcondo\/","title":{"rendered":"Concluyen escuelas Plaza Cultura Bonao a\u00f1o acad\u00e9mico con apoyo Falcondo"},"content":{"rendered":"<p>Bonao, Monse\u00f1or Nouel, R.D. Junio 1, 2022.- Con el espect\u00e1culo \u201cLa f\u00e1brica de los dulces\u201d se dio cierre este s\u00e1bado 11 de junio al a\u00f1o acad\u00e9mico 2021-2022 de las escuelas de formaci\u00f3n art\u00edstica de la Plaza de la Cultura de Bonao, que se desarroll\u00f3 gracias al apadrinamiento de la empresa minera Falcondo.<\/p>\n<p>La presentaci\u00f3n art\u00edstica de fin de a\u00f1o escolar, inspirada en esta ocasi\u00f3n en una f\u00e1brica de caramelos, reuni\u00f3 manifestaciones de ballet cl\u00e1sico, folcl\u00f3rico y danza moderna, teatro, m\u00fasica de piano y guitarra y artes visuales, realizadas por los estudiantes que mostraron as\u00ed lo aprendido durante el curso.<\/p>\n<p><a href=\"http:\/\/elmundodelosnegocios.com.do\/v1\/wp-content\/uploads\/2022\/06\/00c-5-scaled.jpg\"><img loading=\"lazy\" decoding=\"async\" class=\"aligncenter size-full wp-image-18125\" src=\"http:\/\/elmundodelosnegocios.com.do\/v1\/wp-content\/uploads\/2022\/06\/00c-5-scaled.jpg\" alt=\"\" width=\"2560\" height=\"1429\" srcset=\"https:\/\/elmundodelosnegocios.com.do\/v1\/wp-content\/uploads\/2022\/06\/00c-5-scaled.jpg 2560w, https:\/\/elmundodelosnegocios.com.do\/v1\/wp-content\/uploads\/2022\/06\/00c-5-300x167.jpg 300w, https:\/\/elmundodelosnegocios.com.do\/v1\/wp-content\/uploads\/2022\/06\/00c-5-1024x572.jpg 1024w, https:\/\/elmundodelosnegocios.com.do\/v1\/wp-content\/uploads\/2022\/06\/00c-5-768x429.jpg 768w, https:\/\/elmundodelosnegocios.com.do\/v1\/wp-content\/uploads\/2022\/06\/00c-5-1536x858.jpg 1536w, https:\/\/elmundodelosnegocios.com.do\/v1\/wp-content\/uploads\/2022\/06\/00c-5-2048x1143.jpg 2048w\" sizes=\"auto, (max-width: 2560px) 100vw, 2560px\" \/><\/a><\/p>\n<p>Las escuelas que funcionan en la Plaza de la Cultura de Bonao, creaci\u00f3n del maestro de la pintura C\u00e1ndido Bid\u00f3, congregan en sus dos tandas, matutina y vespertina, alrededor de 700 ni\u00f1os y j\u00f3venes de 5 a 21 a\u00f1os. El \u00e1rea de formaci\u00f3n con m\u00e1s estudiantes es la de ballet cl\u00e1sico con una matr\u00edcula que supera las 80 ni\u00f1as.<\/p>\n<p>Falcondo ha respaldado la escuela desde sus inicios, con el mantenimiento, acondicionamiento y remozamiento de sus espacios y el apoyo a sus programas para garantizar una experiencia formativa sostenible y de mejor calidad.<\/p>\n<p>En la presentaci\u00f3n de fin de curso, cada escuela tuvo su participaci\u00f3n. Creatividad infantil expuso los mejores trabajos realizados durante todo el a\u00f1o; danza moderna se ocup\u00f3 del opening, ballet cl\u00e1sico present\u00f3 tres n\u00fameros y ballet folkl\u00f3rico, dos actos.<\/p>\n<p>Los estudiantes de piano y guitarra interpretaron varias piezas, una canci\u00f3n de autor\u00eda de una estudiante, y los de teatro, el grupo m\u00e1s numeroso, montaron una adaptaci\u00f3n de la obra \u201cWilly Wonka\u201d. En la actividad tambi\u00e9n se reconoci\u00f3 a los estudiantes meritorios de cada \u00e1rea, entreg\u00e1ndoles su correspondiente diploma de honor.<\/p>\n<p>\u201cEn Falcondo creemos que la educaci\u00f3n es uno de los pilares b\u00e1sicos para que las familias y los pueblos pueden crecer y avanzar, empezando por sus ni\u00f1os\u201d, dijo Dimitrios Degaitas, gerente de Servicios de Emergencia y Responsabilidad Social de Falcondo.<\/p>\n<p>Degaitas resalt\u00f3 que \u201cpor eso, desde hace m\u00e1s de 25 a\u00f1os, nuestra empresa ha apadrinado m\u00e1s de 130 escuelas en las provincias Monse\u00f1or Nouel y La Vega, favoreciendo la calidad de la experiencia educativa de los j\u00f3venes estudiantes y con ello, elevando la calidad de vida para ellos y sus familias y la esperanza de un mejor futuro\u201d.<\/p>\n","protected":false},"excerpt":{"rendered":"<p>Bonao, Monse\u00f1or Nouel, R.D. Junio 1, 2022.- Con el espect\u00e1culo \u201cLa f\u00e1brica de los dulces\u201d se dio cierre este s\u00e1bado 11 de junio al a\u00f1o acad\u00e9mico 2021-2022 de las escuelas&hellip; <\/p>\n","protected":false},"author":2,"featured_media":18122,"comment_status":"closed","ping_status":"closed","sticky":false,"template":"","format":"standard","meta":{"fifu_image_url":"","fifu_image_alt":"","footnotes":""},"categories":[78],"tags":[],"class_list":["post-18120","post","type-post","status-publish","format-standard","has-post-thumbnail","hentry","category-con-responsabilidad"],"_links":{"self":[{"href":"https:\/\/elmundodelosnegocios.com.do\/v1\/wp-json\/wp\/v2\/posts\/18120","targetHints":{"allow":["GET"]}}],"collection":[{"href":"https:\/\/elmundodelosnegocios.com.do\/v1\/wp-json\/wp\/v2\/posts"}],"about":[{"href":"https:\/\/elmundodelosnegocios.com.do\/v1\/wp-json\/wp\/v2\/types\/post"}],"author":[{"embeddable":true,"href":"https:\/\/elmundodelosnegocios.com.do\/v1\/wp-json\/wp\/v2\/users\/2"}],"replies":[{"embeddable":true,"href":"https:\/\/elmundodelosnegocios.com.do\/v1\/wp-json\/wp\/v2\/comments?post=18120"}],"version-history":[{"count":0,"href":"https:\/\/elmundodelosnegocios.com.do\/v1\/wp-json\/wp\/v2\/posts\/18120\/revisions"}],"wp:featuredmedia":[{"embeddable":true,"href":"https:\/\/elmundodelosnegocios.com.do\/v1\/wp-json\/wp\/v2\/media\/18122"}],"wp:attachment":[{"href":"https:\/\/elmundodelosnegocios.com.do\/v1\/wp-json\/wp\/v2\/media?parent=18120"}],"wp:term":[{"taxonomy":"category","embeddable":true,"href":"https:\/\/elmundodelosnegocios.com.do\/v1\/wp-json\/wp\/v2\/categories?post=18120"},{"taxonomy":"post_tag","embeddable":true,"href":"https:\/\/elmundodelosnegocios.com.do\/v1\/wp-json\/wp\/v2\/tags?post=18120"}],"curies":[{"name":"wp","href":"https:\/\/api.w.org\/{rel}","templated":true}]}}