{"id":18166,"date":"2022-06-20T05:21:19","date_gmt":"2022-06-20T09:51:19","guid":{"rendered":"http:\/\/elmundodelosnegocios.com.do\/v1\/?p=18166"},"modified":"2022-06-20T05:21:19","modified_gmt":"2022-06-20T09:51:19","slug":"rd-socializa-agenda-medioambiental-y-de-turismo-sostenible-con-presidente-de-la-asamblea-general-de-la-onu","status":"publish","type":"post","link":"https:\/\/elmundodelosnegocios.com.do\/v1\/rd-socializa-agenda-medioambiental-y-de-turismo-sostenible-con-presidente-de-la-asamblea-general-de-la-onu\/","title":{"rendered":"RD socializa agenda medioambiental y de turismo sostenible con presidente de la Asamblea General de la ONU"},"content":{"rendered":"<p data-uw-styling-context=\"true\"><span data-uw-styling-context=\"true\">Santo Domingo.- El\u00a0<strong data-uw-styling-context=\"true\">Gobierno dominicano y el sector privado<\/strong>\u00a0socializaron este viernes con el\u00a0<strong data-uw-styling-context=\"true\">presidente de la Asamblea General de las Naciones Unidas, Abdulla Shahid<\/strong>, las iniciativas y proyectos que ejecuta para proteger el medio ambiente y continuar desarrollando un\u00a0<strong data-uw-styling-context=\"true\"><a href=\"https:\/\/presidencia.gob.do\/noticias\/lanzan-programa-para-fomentar-el-turismo-sostenible-en-pedernales-y-la-region-enriquillo\" data-uw-styling-context=\"true\">turismo sostenible<\/a>\u00a0<\/strong>en el pa\u00eds.<\/span><\/p>\n<p data-uw-styling-context=\"true\"><span data-uw-styling-context=\"true\">Durante un panel encabezado por el\u00a0<strong data-uw-styling-context=\"true\">presidente Luis Abinader<\/strong>\u00a0en el Palacio Nacional, acompa\u00f1ado del\u00a0<strong data-uw-styling-context=\"true\">canciller Roberto \u00c1lvarez,<\/strong>\u00a0el mandatario agradeci\u00f3 al tambi\u00e9n ministro de Relaciones Exteriores de Las Maldivas, por ser Rep\u00fablica Dominicana el primer pa\u00eds de Latinoam\u00e9rica en visitar, y destac\u00f3 la importancia de discutir sobre los\u00a0<strong data-uw-styling-context=\"true\">retos que enfrenta el turismo<\/strong>\u00a0tras la pandemia del COVID-19, en pa\u00edses como el nuestro y el suyo, que se sostienen en gran medida de este sector.<\/span><\/p>\n<p data-uw-styling-context=\"true\"><span data-uw-styling-context=\"true\">Los panelistas,\u00a0<strong data-uw-styling-context=\"true\">Paola Rainieri<\/strong>, del Grupo Puntacana, y\u00a0<strong data-uw-styling-context=\"true\">Rafael Blanco Tejera<\/strong>, presidente de la Asociaci\u00f3n Nacional de Hoteles y Turismo de Rep\u00fablica Dominicana, destacaron que la gesti\u00f3n hotelera dominicana est\u00e1 asumiendo de manera transversal en todos sus servicios los\u00a0<strong data-uw-styling-context=\"true\">principios de inclusividad<\/strong>\u00a0para que todas las personas, sin importar su condici\u00f3n o discapacidad, puedan disfrutar del pa\u00eds como destino.<\/span><\/p>\n<p data-uw-styling-context=\"true\"><span data-uw-styling-context=\"true\">Resaltaron adem\u00e1s las acciones tomadas por el sector hotelero, incluyendo la\u00a0<strong data-uw-styling-context=\"true\">sostenibilidad<\/strong>\u00a0como parte integral de su estrategia de desarrollo.<\/span><\/p>\n<p data-uw-styling-context=\"true\"><img loading=\"lazy\" decoding=\"async\" src=\"https:\/\/presidencia.gob.do\/sites\/default\/files\/content\/WhatsApp%20Image%202022-06-17%20at%208.20.48%20PM.jpeg\" alt=\"\" width=\"1600\" height=\"1088\" data-entity-type=\"file\" data-entity-uuid=\"bb6d7514-c7d1-4559-bc22-8c46004c48ee\" data-uw-styling-context=\"true\" \/><\/p>\n<p data-uw-styling-context=\"true\"><span data-uw-styling-context=\"true\">El presidente del 76\u00b0 per\u00edodo de sesiones de la Asamblea General de la ONU, tambi\u00e9n visit\u00f3 el Ministerio de Relaciones Exteriores donde el ministro \u00c1lvarez le ofreci\u00f3 un almuerzo junto a sus acompa\u00f1antes, en el que conversaron sobre la participaci\u00f3n de Rep\u00fablica Dominicana en la pr\u00f3xima\u00a0<strong data-uw-styling-context=\"true\">Conferencia de los Oc\u00e9anos<\/strong>\u00a0a celebrarse en Lisboa, Portugal, en la cual el pa\u00eds busca impulsar la conservaci\u00f3n de los oc\u00e9anos y la\u00a0<strong data-uw-styling-context=\"true\">econom\u00eda azul<\/strong>.<\/span><\/p>\n<p data-uw-styling-context=\"true\"><span data-uw-styling-context=\"true\">En este encuentro, el canciller plante\u00f3 a Shahid la necesidad de posicionar el tema de la\u00a0<strong data-uw-styling-context=\"true\">crisis del sargazo<\/strong>\u00a0en la regi\u00f3n del Caribe por los devastadores efectos que causa en nuestras econom\u00edas, sobre todo en la etapa de recuperaci\u00f3n econ\u00f3mica pospandemia.<\/span><\/p>\n<p data-uw-styling-context=\"true\"><span data-uw-styling-context=\"true\">El canciller \u00c1lvarez impuso al distinguido diplom\u00e1tico la\u00a0<strong data-uw-styling-context=\"true\">condecoraci\u00f3n de Duarte, S\u00e1nchez y Mella en el grado Gran Cruz Placa de Plata,<\/strong>\u00a0otorgada por el presidente Abinader debido a sus altos merecimientos; la m\u00e1s alta distinci\u00f3n que concede el Gobierno dominicano a un extranjero que no sea jefe de Estado.<\/span><\/p>\n<p data-uw-styling-context=\"true\"><span data-uw-styling-context=\"true\">La visita al pa\u00eds del presidente de la Asamblea General de la ONU fue coordinada por el Ministerio de Relaciones Exteriores a trav\u00e9s de la misi\u00f3n permanente de Rep\u00fablica Dominicana ante este organismo internacional, encabezada por el embajador Jos\u00e9 Blanco.<\/span><\/p>\n","protected":false},"excerpt":{"rendered":"<p>Santo Domingo.- El\u00a0Gobierno dominicano y el sector privado\u00a0socializaron este viernes con el\u00a0presidente de la Asamblea General de las Naciones Unidas, Abdulla Shahid, las iniciativas y proyectos que ejecuta para proteger&hellip; <\/p>\n","protected":false},"author":2,"featured_media":18167,"comment_status":"closed","ping_status":"closed","sticky":false,"template":"","format":"standard","meta":{"fifu_image_url":"","fifu_image_alt":"","footnotes":""},"categories":[235],"tags":[],"class_list":["post-18166","post","type-post","status-publish","format-standard","has-post-thumbnail","hentry","category-politica-exterior"],"_links":{"self":[{"href":"https:\/\/elmundodelosnegocios.com.do\/v1\/wp-json\/wp\/v2\/posts\/18166","targetHints":{"allow":["GET"]}}],"collection":[{"href":"https:\/\/elmundodelosnegocios.com.do\/v1\/wp-json\/wp\/v2\/posts"}],"about":[{"href":"https:\/\/elmundodelosnegocios.com.do\/v1\/wp-json\/wp\/v2\/types\/post"}],"author":[{"embeddable":true,"href":"https:\/\/elmundodelosnegocios.com.do\/v1\/wp-json\/wp\/v2\/users\/2"}],"replies":[{"embeddable":true,"href":"https:\/\/elmundodelosnegocios.com.do\/v1\/wp-json\/wp\/v2\/comments?post=18166"}],"version-history":[{"count":0,"href":"https:\/\/elmundodelosnegocios.com.do\/v1\/wp-json\/wp\/v2\/posts\/18166\/revisions"}],"wp:featuredmedia":[{"embeddable":true,"href":"https:\/\/elmundodelosnegocios.com.do\/v1\/wp-json\/wp\/v2\/media\/18167"}],"wp:attachment":[{"href":"https:\/\/elmundodelosnegocios.com.do\/v1\/wp-json\/wp\/v2\/media?parent=18166"}],"wp:term":[{"taxonomy":"category","embeddable":true,"href":"https:\/\/elmundodelosnegocios.com.do\/v1\/wp-json\/wp\/v2\/categories?post=18166"},{"taxonomy":"post_tag","embeddable":true,"href":"https:\/\/elmundodelosnegocios.com.do\/v1\/wp-json\/wp\/v2\/tags?post=18166"}],"curies":[{"name":"wp","href":"https:\/\/api.w.org\/{rel}","templated":true}]}}