{"id":18178,"date":"2022-06-20T05:40:28","date_gmt":"2022-06-20T10:10:28","guid":{"rendered":"http:\/\/elmundodelosnegocios.com.do\/v1\/?p=18178"},"modified":"2022-06-20T05:40:28","modified_gmt":"2022-06-20T10:10:28","slug":"bisono-destaca-que-reactivacion-economica-es-uno-de-los-logros-trascendentales-de-la-ultima-decada","status":"publish","type":"post","link":"https:\/\/elmundodelosnegocios.com.do\/v1\/bisono-destaca-que-reactivacion-economica-es-uno-de-los-logros-trascendentales-de-la-ultima-decada\/","title":{"rendered":"Bison\u00f3 destaca que reactivaci\u00f3n econ\u00f3mica es uno de los logros trascendentales de la \u00faltima d\u00e9cada"},"content":{"rendered":"<p>Santo Domingo.- El ministro de Industria, Comercio y Mipymes, V\u00edctor -Ito-Bison\u00f3, destac\u00f3 el acelerado crecimiento que exhiben los sectores zonas francas e industrias y que han contribu\u00eddo a romper r\u00e9cord de exportaciones y generaci\u00f3n de empleos, gracias a las pol\u00edticas p\u00fablicas impulsadas por el gobierno del presidente Luis Abinader.<\/p>\n<p>Al participar del Foro \u201cRetos y Oportunidades de la reactivaci\u00f3n econ\u00f3mica\u201d, que desarrolla el Grupo Editorial Gala, Bison\u00f3 indic\u00f3 que durante el per\u00edodo de reactivaci\u00f3n econ\u00f3mica postpandemia, el sector zonas francas ha roto r\u00e9cord y cuenta con m\u00e1s de 188 mil empleos directos con proyecciones de alcanzar los 200 mil puestos de trabajo al cierre de a\u00f1o, crecimiento que no exhib\u00eda el pa\u00eds desde hace m\u00e1s de dos d\u00e9cadas.<\/p>\n<p>Dijo que durante los primeros cinco meses de este a\u00f1o el sector industrial ha invertido 50 mil millones de pesos en ampliaciones de naves, nuevas industrias y calific\u00f3 esto como \u201creflejo de una econom\u00eda din\u00e1mica\u201d. Asegur\u00f3 que estos indicadores positivos son resultado de una decisi\u00f3n de Estado del presidente Abinader de impulsar al sector, a trav\u00e9s de la mesa de la industrializaci\u00f3n, iniciativa que ha abierto las puertas para la inversi\u00f3n extranjera, la transparencia y competitividad.<\/p>\n<p>\u201cLa reactivaci\u00f3n econ\u00f3mica es posiblemente uno de los dos o tres logros m\u00e1s trascendentales de la \u00faltima d\u00e9cada en la Rep\u00fablica Dominicana\u201d, destac\u00f3 el ministro. Asimismo, resalt\u00f3 el inter\u00e9s y respaldo del gobierno en favor de las mipymes, motor de la econom\u00eda, logrando importantes acuerdos que han permitido identificar y propiciar el financiamiento y la capacitaci\u00f3n de empresas lideradas, principalmente, por mujeres y j\u00f3venes emprendedores en materia de formalizaci\u00f3n, digitalizaci\u00f3n, y administraci\u00f3n financiera para la sostenibilidad de ese importante sector productivo.<\/p>\n<p>\u201cDesde que llegamos al MICM, nos hemos convertido en promotores de la transparencia, el desarrollo econ\u00f3mico, y la sostenibilidad de los sectores productivos, garantes de la acelerada recuperaci\u00f3n de la econom\u00eda que puede exhibir la Rep\u00fablica Dominicana\u201d, indic\u00f3 el titular del MICM. Durante el encuentro dijo que el pa\u00eds se encamina a convertirse en el principal HUB log\u00edstico e industrial de la regi\u00f3n, y muestra de ello se evidencia en el inter\u00e9s de grandes multinacionales de capital extranjero de operar desde la Rep\u00fablica Dominicana.<\/p>\n<p>Sobre el foro Business. Es un espacio interactivo que re\u00fane a importantes actores de la vida econ\u00f3mica nacional con el inter\u00e9s de propiciar una v\u00eda de intercambio para el desarrollo de pol\u00edticas p\u00fablicas.<\/p>\n","protected":false},"excerpt":{"rendered":"<p>Santo Domingo.- El ministro de Industria, Comercio y Mipymes, V\u00edctor -Ito-Bison\u00f3, destac\u00f3 el acelerado crecimiento que exhiben los sectores zonas francas e industrias y que han contribu\u00eddo a romper r\u00e9cord&hellip; <\/p>\n","protected":false},"author":2,"featured_media":18180,"comment_status":"closed","ping_status":"closed","sticky":false,"template":"","format":"standard","meta":{"fifu_image_url":"","fifu_image_alt":"","footnotes":""},"categories":[62],"tags":[],"class_list":["post-18178","post","type-post","status-publish","format-standard","has-post-thumbnail","hentry","category-economia"],"_links":{"self":[{"href":"https:\/\/elmundodelosnegocios.com.do\/v1\/wp-json\/wp\/v2\/posts\/18178","targetHints":{"allow":["GET"]}}],"collection":[{"href":"https:\/\/elmundodelosnegocios.com.do\/v1\/wp-json\/wp\/v2\/posts"}],"about":[{"href":"https:\/\/elmundodelosnegocios.com.do\/v1\/wp-json\/wp\/v2\/types\/post"}],"author":[{"embeddable":true,"href":"https:\/\/elmundodelosnegocios.com.do\/v1\/wp-json\/wp\/v2\/users\/2"}],"replies":[{"embeddable":true,"href":"https:\/\/elmundodelosnegocios.com.do\/v1\/wp-json\/wp\/v2\/comments?post=18178"}],"version-history":[{"count":0,"href":"https:\/\/elmundodelosnegocios.com.do\/v1\/wp-json\/wp\/v2\/posts\/18178\/revisions"}],"wp:featuredmedia":[{"embeddable":true,"href":"https:\/\/elmundodelosnegocios.com.do\/v1\/wp-json\/wp\/v2\/media\/18180"}],"wp:attachment":[{"href":"https:\/\/elmundodelosnegocios.com.do\/v1\/wp-json\/wp\/v2\/media?parent=18178"}],"wp:term":[{"taxonomy":"category","embeddable":true,"href":"https:\/\/elmundodelosnegocios.com.do\/v1\/wp-json\/wp\/v2\/categories?post=18178"},{"taxonomy":"post_tag","embeddable":true,"href":"https:\/\/elmundodelosnegocios.com.do\/v1\/wp-json\/wp\/v2\/tags?post=18178"}],"curies":[{"name":"wp","href":"https:\/\/api.w.org\/{rel}","templated":true}]}}