{"id":18188,"date":"2022-06-20T05:50:57","date_gmt":"2022-06-20T10:20:57","guid":{"rendered":"http:\/\/elmundodelosnegocios.com.do\/v1\/?p=18188"},"modified":"2022-06-20T05:50:57","modified_gmt":"2022-06-20T10:20:57","slug":"indotel-e-itla-firman-convenio-de-cooperacion-para-alojar-en-viviendas-estudiantiles-a-jovenes-de-escasos-recursos","status":"publish","type":"post","link":"https:\/\/elmundodelosnegocios.com.do\/v1\/indotel-e-itla-firman-convenio-de-cooperacion-para-alojar-en-viviendas-estudiantiles-a-jovenes-de-escasos-recursos\/","title":{"rendered":"Indotel e Itla firman convenio de cooperaci\u00f3n para alojar en viviendas estudiantiles a j\u00f3venes de escasos recursos"},"content":{"rendered":"<p>El Instituto dominicano de las Telecomunicaciones (INDOTEL) y el Instituto Tecnol\u00f3gico de las Am\u00e9ricas (ITLA) firmaron un convenio de cooperaci\u00f3n, en el que cede en calidad de pr\u00e9stamo a la instituci\u00f3n educativa 19 apartamentos ubicados en el residencial Panamericano, que ser\u00e1n utilizados en beneficio de los estudiantes de escasos recursos.<\/p>\n<p>Este documento fue suscrito por el presidente del Consejo Directivo del INDOTEL, Nelson Arroyo, y el rector del ITLA, Omar M\u00e9ndez.<\/p>\n<p>Con esta alianza el ITLA tambi\u00e9n otorgar\u00e1 70 becas anuales a estudiantes de escasos recursos econ\u00f3micos que logren aprobar el debido proceso de selecci\u00f3n de la comisi\u00f3n ejecutoria del Indotel.<\/p>\n<p>El titular de la entidad encargada de regular las telecomunicaciones afirm\u00f3 que esta alianza le permitir\u00e1n a j\u00f3venes de todo el pa\u00eds a tener facilidades para acercarse al centro de estudios y brindarle oportunidades de insertase en el mercado laboral.<\/p>\n<p>\u201cNosotros en este gobierno que encabeza el presidente Luis Abinader, tenemos el objetivo com\u00fan donde la gente sea el centro de las pol\u00edticas p\u00fablicas\u201d, enfatiz\u00f3.<\/p>\n<p>Asimismo, Omar M\u00e9ndez rector del ITLA, manifest\u00f3 que desde el inicio, ambas gestiones han trabajado de manera conjunta para facilitar la educaci\u00f3n tecnol\u00f3gica.<\/p>\n<p>\u201cIndotel ha sido una mano amiga para seguir las ejecutorias del presidente de la Rep\u00fablica en materia de telecomunicaciones. Y quiero destacar que con la firma de este acuerdo se van a beneficiar muchos j\u00f3venes. J\u00f3venes que, quiz\u00e1s por el distanciamiento, no pueden costearse una vivienda\u201d, destac\u00f3.<\/p>\n<p>Resalt\u00f3 que esto permitir\u00e1 aumentar la capacidad de alojamiento para estudiantes en el ITLA.<\/p>\n<p>En el acto de firma participaron otros ejecutivos de las dos instituciones.<\/p>\n","protected":false},"excerpt":{"rendered":"<p>El Instituto dominicano de las Telecomunicaciones (INDOTEL) y el Instituto Tecnol\u00f3gico de las Am\u00e9ricas (ITLA) firmaron un convenio de cooperaci\u00f3n, en el que cede en calidad de pr\u00e9stamo a la&hellip; <\/p>\n","protected":false},"author":2,"featured_media":18190,"comment_status":"closed","ping_status":"closed","sticky":false,"template":"","format":"standard","meta":{"fifu_image_url":"","fifu_image_alt":"","footnotes":""},"categories":[78],"tags":[],"class_list":["post-18188","post","type-post","status-publish","format-standard","has-post-thumbnail","hentry","category-con-responsabilidad"],"_links":{"self":[{"href":"https:\/\/elmundodelosnegocios.com.do\/v1\/wp-json\/wp\/v2\/posts\/18188","targetHints":{"allow":["GET"]}}],"collection":[{"href":"https:\/\/elmundodelosnegocios.com.do\/v1\/wp-json\/wp\/v2\/posts"}],"about":[{"href":"https:\/\/elmundodelosnegocios.com.do\/v1\/wp-json\/wp\/v2\/types\/post"}],"author":[{"embeddable":true,"href":"https:\/\/elmundodelosnegocios.com.do\/v1\/wp-json\/wp\/v2\/users\/2"}],"replies":[{"embeddable":true,"href":"https:\/\/elmundodelosnegocios.com.do\/v1\/wp-json\/wp\/v2\/comments?post=18188"}],"version-history":[{"count":0,"href":"https:\/\/elmundodelosnegocios.com.do\/v1\/wp-json\/wp\/v2\/posts\/18188\/revisions"}],"wp:featuredmedia":[{"embeddable":true,"href":"https:\/\/elmundodelosnegocios.com.do\/v1\/wp-json\/wp\/v2\/media\/18190"}],"wp:attachment":[{"href":"https:\/\/elmundodelosnegocios.com.do\/v1\/wp-json\/wp\/v2\/media?parent=18188"}],"wp:term":[{"taxonomy":"category","embeddable":true,"href":"https:\/\/elmundodelosnegocios.com.do\/v1\/wp-json\/wp\/v2\/categories?post=18188"},{"taxonomy":"post_tag","embeddable":true,"href":"https:\/\/elmundodelosnegocios.com.do\/v1\/wp-json\/wp\/v2\/tags?post=18188"}],"curies":[{"name":"wp","href":"https:\/\/api.w.org\/{rel}","templated":true}]}}