{"id":18221,"date":"2022-06-20T11:42:03","date_gmt":"2022-06-20T16:12:03","guid":{"rendered":"http:\/\/elmundodelosnegocios.com.do\/v1\/?p=18221"},"modified":"2022-06-20T11:42:03","modified_gmt":"2022-06-20T16:12:03","slug":"acuerdan-prodominicana-y-fedomu-impulsar-inversiones-municipios","status":"publish","type":"post","link":"https:\/\/elmundodelosnegocios.com.do\/v1\/acuerdan-prodominicana-y-fedomu-impulsar-inversiones-municipios\/","title":{"rendered":"Acuerdan ProDominicana y FEDOMU impulsar inversiones municipios"},"content":{"rendered":"<p>Santo Domingo, R.D. Junio 20, 2022.- La directora ejecutiva del Centro de Exportaci\u00f3n e Inversi\u00f3n de la Rep\u00fablica Dominicana (ProDominicana), Biviana Riveiro Disla, y el presidente de la Federaci\u00f3n Dominicana de Municipios (FEDOMU) y alcalde de La Vega, Kelvin Cruz, firmaron un acuerdo de colaboraci\u00f3n que busca impulsar la capacidad exportadora y la atracci\u00f3n de inversiones de los gobiernos locales.<\/p>\n<figure class=\"wp-block-image size-full\"><img loading=\"lazy\" decoding=\"async\" class=\"wp-image-8200 td-animation-stack-type0-1\" src=\"https:\/\/transportelogisticacomerciointernacional.com\/wp-content\/uploads\/sites\/25\/2022\/06\/00D.jpg\" sizes=\"auto, (max-width: 1020px) 100vw, 1020px\" srcset=\"https:\/\/transportelogisticacomerciointernacional.com\/wp-content\/uploads\/sites\/25\/2022\/06\/00D.jpg 1020w, https:\/\/transportelogisticacomerciointernacional.com\/wp-content\/uploads\/sites\/25\/2022\/06\/00D-300x200.jpg 300w, https:\/\/transportelogisticacomerciointernacional.com\/wp-content\/uploads\/sites\/25\/2022\/06\/00D-768x512.jpg 768w, https:\/\/transportelogisticacomerciointernacional.com\/wp-content\/uploads\/sites\/25\/2022\/06\/00D-696x464.jpg 696w, https:\/\/transportelogisticacomerciointernacional.com\/wp-content\/uploads\/sites\/25\/2022\/06\/00D-630x420.jpg 630w\" alt=\"\" width=\"1020\" height=\"680\" \/><\/figure>\n<p>A trav\u00e9s de la alianza, ambas instituciones ejecutar\u00e1n acciones orientadas a fortalecer los sectores productivos de los 158 municipios del pa\u00eds. Mediante el enfoque territorial, el fomento de las exportaciones y la atracci\u00f3n de IED tendr\u00e1n un car\u00e1cter mucho m\u00e1s puntual.<\/p>\n<p>Biviana Riveiro dijo que con el acuerdo \u201cLas exportaciones y la IED est\u00e1n poni\u00e9ndose al alcance de cada ciudadano, pyme y empresa del pa\u00eds. Entre los instrumentos con los que contamos y esta alianza, la \u00fanica certeza que tenemos es que las exportaciones volver\u00e1n a romper r\u00e9cord\u201d.<\/p>\n<figure class=\"wp-block-image size-full\"><img loading=\"lazy\" decoding=\"async\" class=\"wp-image-8201 td-animation-stack-type0-1\" src=\"https:\/\/transportelogisticacomerciointernacional.com\/wp-content\/uploads\/sites\/25\/2022\/06\/00c.jpg\" sizes=\"auto, (max-width: 1020px) 100vw, 1020px\" srcset=\"https:\/\/transportelogisticacomerciointernacional.com\/wp-content\/uploads\/sites\/25\/2022\/06\/00c.jpg 1020w, https:\/\/transportelogisticacomerciointernacional.com\/wp-content\/uploads\/sites\/25\/2022\/06\/00c-300x200.jpg 300w, https:\/\/transportelogisticacomerciointernacional.com\/wp-content\/uploads\/sites\/25\/2022\/06\/00c-768x512.jpg 768w, https:\/\/transportelogisticacomerciointernacional.com\/wp-content\/uploads\/sites\/25\/2022\/06\/00c-696x464.jpg 696w, https:\/\/transportelogisticacomerciointernacional.com\/wp-content\/uploads\/sites\/25\/2022\/06\/00c-630x420.jpg 630w\" alt=\"\" width=\"1020\" height=\"680\" \/><\/figure>\n<p>Asimismo, Kelvin Cruz, con una visi\u00f3n municipal manifest\u00f3: \u201cSabemos que el comercio y la producci\u00f3n son esenciales para que podamos contar con empleos productivos y dignos. Sabemos tambi\u00e9n que la atracci\u00f3n de inversi\u00f3n privada directa, tanto nacional como extranjera constituye una estrategia que ha repercutido favorablemente en la mejora de las condiciones de vida de la poblaci\u00f3n\u201d.<\/p>\n<p>Con esta alianza, ambas entidades propiciar\u00e1n la adecuaci\u00f3n de los gobiernos locales para su participaci\u00f3n en la Ventanilla \u00danica de Inversiones (VUI). Esto permitir\u00e1 que los municipios accedan a mayores recursos para su desarrollo econ\u00f3mico.<\/p>\n<p>En la actividad tambi\u00e9n se presentaron los resultados del estudio Perfiles Productivos Provinciales para la Exportaci\u00f3n y Atracci\u00f3n de Inversi\u00f3n para el Desarrollo. La investigaci\u00f3n contiene informaci\u00f3n actualizada sobre el flujo comercial de las distintas provincias del pa\u00eds. El mismo, facilita la comprensi\u00f3n de la din\u00e1mica comercial en todo el pa\u00eds. Esto permite tomar decisiones mucho m\u00e1s efectivas en torno a inversiones y formas de fomentar las exportaciones desde un enfoque territorial.<\/p>\n","protected":false},"excerpt":{"rendered":"<p>Santo Domingo, R.D. Junio 20, 2022.- La directora ejecutiva del Centro de Exportaci\u00f3n e Inversi\u00f3n de la Rep\u00fablica Dominicana (ProDominicana), Biviana Riveiro Disla, y el presidente de la Federaci\u00f3n Dominicana&hellip; <\/p>\n","protected":false},"author":2,"featured_media":18222,"comment_status":"closed","ping_status":"closed","sticky":false,"template":"","format":"standard","meta":{"fifu_image_url":"","fifu_image_alt":"","footnotes":""},"categories":[74],"tags":[],"class_list":["post-18221","post","type-post","status-publish","format-standard","has-post-thumbnail","hentry","category-comercio-internacional"],"_links":{"self":[{"href":"https:\/\/elmundodelosnegocios.com.do\/v1\/wp-json\/wp\/v2\/posts\/18221","targetHints":{"allow":["GET"]}}],"collection":[{"href":"https:\/\/elmundodelosnegocios.com.do\/v1\/wp-json\/wp\/v2\/posts"}],"about":[{"href":"https:\/\/elmundodelosnegocios.com.do\/v1\/wp-json\/wp\/v2\/types\/post"}],"author":[{"embeddable":true,"href":"https:\/\/elmundodelosnegocios.com.do\/v1\/wp-json\/wp\/v2\/users\/2"}],"replies":[{"embeddable":true,"href":"https:\/\/elmundodelosnegocios.com.do\/v1\/wp-json\/wp\/v2\/comments?post=18221"}],"version-history":[{"count":0,"href":"https:\/\/elmundodelosnegocios.com.do\/v1\/wp-json\/wp\/v2\/posts\/18221\/revisions"}],"wp:featuredmedia":[{"embeddable":true,"href":"https:\/\/elmundodelosnegocios.com.do\/v1\/wp-json\/wp\/v2\/media\/18222"}],"wp:attachment":[{"href":"https:\/\/elmundodelosnegocios.com.do\/v1\/wp-json\/wp\/v2\/media?parent=18221"}],"wp:term":[{"taxonomy":"category","embeddable":true,"href":"https:\/\/elmundodelosnegocios.com.do\/v1\/wp-json\/wp\/v2\/categories?post=18221"},{"taxonomy":"post_tag","embeddable":true,"href":"https:\/\/elmundodelosnegocios.com.do\/v1\/wp-json\/wp\/v2\/tags?post=18221"}],"curies":[{"name":"wp","href":"https:\/\/api.w.org\/{rel}","templated":true}]}}