{"id":18227,"date":"2022-06-20T11:56:27","date_gmt":"2022-06-20T16:26:27","guid":{"rendered":"http:\/\/elmundodelosnegocios.com.do\/v1\/?p=18227"},"modified":"2022-06-20T11:56:27","modified_gmt":"2022-06-20T16:26:27","slug":"congresista-torres-respalda-dominicano-alvarez-para-asamblea-estatal-distrito-78-bronx","status":"publish","type":"post","link":"https:\/\/elmundodelosnegocios.com.do\/v1\/congresista-torres-respalda-dominicano-alvarez-para-asamblea-estatal-distrito-78-bronx\/","title":{"rendered":"Congresista Torres respalda dominicano \u00c1lvarez para Asamblea Estatal  distrito 78 Bronx"},"content":{"rendered":"<p>Bronx-NY, Junio 2022.- \u201cGeorge \u00c1lvarez luchar\u00e1 incansablemente para garantizar que todos los ni\u00f1os tengan acceso a una buena educaci\u00f3n. Me enorgullece respaldarlo y alentar a todos a votar por \u00e9l el 28 de junio\u201d, dijo el congresista Ritchie Torres (NY-15) al momento de apoyar al dominicano George \u00c1lvarez. Las votaciones por adelantado de las primarias del Partido Dem\u00f3crata para Asamblea y para Gobernador del estado de New York comienzan este s\u00e1bado 18 concluyendo el martes 28 de junio con las votaciones generales. \u00c1lvarez un experimentado l\u00edder comunitario, con liderazgo, carisma entregado por las causas de los m\u00e1s necesitados del distrito se convertir\u00e1 en el pr\u00f3ximo Asamble\u00edsta del distrito 78 al ganar la primaria dem\u00f3crata.<br \/>\nCabe destacar que George \u00c1lvarez se ha convertido en el preferido de los votantes dominicanos y latinos para ganar la primaria dem\u00f3crata para la Asamblea Estatal por el distrito 78 del Bronx el 28 de junio de 2022. El quisqueyano ha recibido el apoyo del congresista Adriano Espaillat, los concejales Pierina S\u00e1nchez y Oswald Feliz, otros l\u00edderes electos, comunitarios y los residentes en el distrito 78 del Bronx.<\/p>\n<p>\u201cNo hay dudas que George \u00c1lvarez ser\u00e1 nuestro pr\u00f3ximo Asamble\u00edsta por el Distrito 78 en El Bronx, donde el 65 por ciento es de origen hispano, la mayor\u00eda el 53 % dominicano. Vote Dem\u00f3crata el martes 28 de junio\u201d, dijo Luis Hidalgo.<br \/>\n\u201cDominicanos y latinos del Bronx la victoria es nuestra el 28 de junio. Vamos a defender lo nuestro en busca de un mejor progreso para nuestras comunidades. Acomp\u00e1\u00f1anos un d\u00eda de voluntario al lado de nuestro candidato George \u00c1lvarez. Vamos a ganar la primaria el 28 de junio en favor de un l\u00edder nuestro como lo es George \u00c1lvarez\u201d, finaliz\u00f3 diciendo Luis Hidalgo.<br \/>\n<iframe loading=\"lazy\" title=\"George Alvarez sera nuestro AD. Dominicanos y latinos del Bronx la victoria es nuestra el 28 de juni\" width=\"1110\" height=\"624\" src=\"https:\/\/www.youtube.com\/embed\/EqAY9nzT8Ss?feature=oembed\" frameborder=\"0\" allow=\"accelerometer; autoplay; clipboard-write; encrypted-media; gyroscope; picture-in-picture\" allowfullscreen><\/iframe><\/p>\n","protected":false},"excerpt":{"rendered":"<p>Bronx-NY, Junio 2022.- \u201cGeorge \u00c1lvarez luchar\u00e1 incansablemente para garantizar que todos los ni\u00f1os tengan acceso a una buena educaci\u00f3n. Me enorgullece respaldarlo y alentar a todos a votar por \u00e9l&hellip; <\/p>\n","protected":false},"author":2,"featured_media":18228,"comment_status":"closed","ping_status":"closed","sticky":false,"template":"","format":"standard","meta":{"fifu_image_url":"","fifu_image_alt":"","footnotes":""},"categories":[231],"tags":[],"class_list":["post-18227","post","type-post","status-publish","format-standard","has-post-thumbnail","hentry","category-politica"],"_links":{"self":[{"href":"https:\/\/elmundodelosnegocios.com.do\/v1\/wp-json\/wp\/v2\/posts\/18227","targetHints":{"allow":["GET"]}}],"collection":[{"href":"https:\/\/elmundodelosnegocios.com.do\/v1\/wp-json\/wp\/v2\/posts"}],"about":[{"href":"https:\/\/elmundodelosnegocios.com.do\/v1\/wp-json\/wp\/v2\/types\/post"}],"author":[{"embeddable":true,"href":"https:\/\/elmundodelosnegocios.com.do\/v1\/wp-json\/wp\/v2\/users\/2"}],"replies":[{"embeddable":true,"href":"https:\/\/elmundodelosnegocios.com.do\/v1\/wp-json\/wp\/v2\/comments?post=18227"}],"version-history":[{"count":0,"href":"https:\/\/elmundodelosnegocios.com.do\/v1\/wp-json\/wp\/v2\/posts\/18227\/revisions"}],"wp:featuredmedia":[{"embeddable":true,"href":"https:\/\/elmundodelosnegocios.com.do\/v1\/wp-json\/wp\/v2\/media\/18228"}],"wp:attachment":[{"href":"https:\/\/elmundodelosnegocios.com.do\/v1\/wp-json\/wp\/v2\/media?parent=18227"}],"wp:term":[{"taxonomy":"category","embeddable":true,"href":"https:\/\/elmundodelosnegocios.com.do\/v1\/wp-json\/wp\/v2\/categories?post=18227"},{"taxonomy":"post_tag","embeddable":true,"href":"https:\/\/elmundodelosnegocios.com.do\/v1\/wp-json\/wp\/v2\/tags?post=18227"}],"curies":[{"name":"wp","href":"https:\/\/api.w.org\/{rel}","templated":true}]}}