{"id":18230,"date":"2022-06-20T12:05:09","date_gmt":"2022-06-20T16:35:09","guid":{"rendered":"http:\/\/elmundodelosnegocios.com.do\/v1\/?p=18230"},"modified":"2022-06-20T12:05:09","modified_gmt":"2022-06-20T16:35:09","slug":"presenta-seguros-reservas-documental-evolucion-del-seguro-la-historia","status":"publish","type":"post","link":"https:\/\/elmundodelosnegocios.com.do\/v1\/presenta-seguros-reservas-documental-evolucion-del-seguro-la-historia\/","title":{"rendered":"Presenta Seguros Reservas documental \u201cEvoluci\u00f3n del Seguro, la historia\u201d"},"content":{"rendered":"<p>La empresa est\u00e1 consolidada por su exitosa trayectoria en el sector asegurador, producto de la evidenciada competitividad comercial y el arduo trabajo que realizan profesionales capacitados y de vasta experiencia.<br \/>\nSanto Domingo, Rep. Dom.- Ejecutivos de Seguros Reservas presentaron el documental \u201cEvoluci\u00f3n del Seguro, la Historia\u201d, el cual recopila la trayectoria y transformaci\u00f3n de las \u00faltimas d\u00e9cadas del sector asegurador en la Rep\u00fablica Dominicana.<\/p>\n<p>La presentaci\u00f3n de este importante audiovisual que sirve como herramienta de referencia para la industria del seguro, se realiz\u00f3 en la Sala M\u00e1ximo Avil\u00e9s Blonda del Palacio de Bellas Artes, actividad que fue encabezada por V\u00edctor J. Rojas, vicepresidente ejecutivo de Seguros Reservas y por el administrador general del Banco de Reservas Samuel Pereyra, en calidad de presidente del Consejo de Administraci\u00f3n de Seguros Reservas.<\/p>\n<p>Rojas destac\u00f3 que este material es un aporte para honrar la trascendencia de los que supieron emprender para proteger a otros, creando con su ejemplo, una historia que hoy se documenta para la formaci\u00f3n de las nuevas generaciones del sector asegurador.<\/p>\n<p>El estreno del documental cont\u00f3 con la participaci\u00f3n de la autoridad m\u00e1xima del sector Josefa Castillo, Superintendente de Seguros, quien a su vez fue una de las principales personalidades del material f\u00edlmico.<\/p>\n<p>El documental cuenta con la participaci\u00f3n de personalidades de alto renombre en el sector asegurador, quienes fueron las figuras principales de este proyecto y reconocidos durante el evento por su aporte, destacando entre ellos Dr. Jorge A. Subero Isa, Ex Presidente de la Suprema Corte de Justicia y Presidente y Socio-Fundador de Consultores Estrat\u00e9gicos, Miguel Villam\u00e1n, Presidente Ejecutivo de la C\u00e1mara Dominicana De Aseguradores Y Reaseguradores \u2013CADOAR-, Zaide Alba Cavagliano &#8211; Presidente de la Asociaci\u00f3n Dominicana de Corredores de Seguros -ADOCOSE-, Lu\u00eds V\u00e1squez Hirujo, Presidente de la Corporaci\u00f3n Am\u00e9rica, S.A. y Accionista del Grupo Universal, Dr. Fernando Ballista, Abogado y Consultor Empresarial y Seguros &amp; Presidente y Fundador de General de Seguros Tambi\u00e9n, Eduardo Cruz, Presidente Ejecutivo &amp; CEO de Grupo Humano, Nina D\u2019Agostini, Vicepresidente de Seguros Crecer, H\u00e9ctor Corominas, Presidente de Seguros Pep\u00edn, Alexandra Izquierdo &#8211; Vicepresidente de Pe\u00f1a Izquierdo Corredores de seguros, Juan Garrig\u00f3 Lefeld &#8211; Fundador y Socio Principal de Garrig\u00f3 Reasesores, y Cecilio V\u00e1zquez, Instructor de ventas especializado en Seguros de Persona.<\/p>\n<p>Durante este encuentro Seguros Reservas entreg\u00f3 un reconocimiento a la C\u00e1mara Dominicana de Aseguradores y Reaseguradores (CADOAR), por su destacada trayectoria durante 50 a\u00f1os, siendo la instituci\u00f3n facilitadora de nexos efectivos de solidaridad profesional para el fomento, difusi\u00f3n y desarrollo del seguro privado. El mismo fue recibido por la junta directiva actual.<\/p>\n<p>Asimismo, a la presentaci\u00f3n se dieron cita ejecutivos de ADOCOSE y CADOAR; as\u00ed como tambi\u00e9n representantes de entidades gubernamentales, de empresas de seguro, corredores y aliados del sector asegurador.<\/p>\n","protected":false},"excerpt":{"rendered":"<p>La empresa est\u00e1 consolidada por su exitosa trayectoria en el sector asegurador, producto de la evidenciada competitividad comercial y el arduo trabajo que realizan profesionales capacitados y de vasta experiencia.&hellip; <\/p>\n","protected":false},"author":2,"featured_media":18232,"comment_status":"closed","ping_status":"closed","sticky":false,"template":"","format":"standard","meta":{"fifu_image_url":"","fifu_image_alt":"","footnotes":""},"categories":[89],"tags":[],"class_list":["post-18230","post","type-post","status-publish","format-standard","has-post-thumbnail","hentry","category-seguros"],"_links":{"self":[{"href":"https:\/\/elmundodelosnegocios.com.do\/v1\/wp-json\/wp\/v2\/posts\/18230","targetHints":{"allow":["GET"]}}],"collection":[{"href":"https:\/\/elmundodelosnegocios.com.do\/v1\/wp-json\/wp\/v2\/posts"}],"about":[{"href":"https:\/\/elmundodelosnegocios.com.do\/v1\/wp-json\/wp\/v2\/types\/post"}],"author":[{"embeddable":true,"href":"https:\/\/elmundodelosnegocios.com.do\/v1\/wp-json\/wp\/v2\/users\/2"}],"replies":[{"embeddable":true,"href":"https:\/\/elmundodelosnegocios.com.do\/v1\/wp-json\/wp\/v2\/comments?post=18230"}],"version-history":[{"count":0,"href":"https:\/\/elmundodelosnegocios.com.do\/v1\/wp-json\/wp\/v2\/posts\/18230\/revisions"}],"wp:featuredmedia":[{"embeddable":true,"href":"https:\/\/elmundodelosnegocios.com.do\/v1\/wp-json\/wp\/v2\/media\/18232"}],"wp:attachment":[{"href":"https:\/\/elmundodelosnegocios.com.do\/v1\/wp-json\/wp\/v2\/media?parent=18230"}],"wp:term":[{"taxonomy":"category","embeddable":true,"href":"https:\/\/elmundodelosnegocios.com.do\/v1\/wp-json\/wp\/v2\/categories?post=18230"},{"taxonomy":"post_tag","embeddable":true,"href":"https:\/\/elmundodelosnegocios.com.do\/v1\/wp-json\/wp\/v2\/tags?post=18230"}],"curies":[{"name":"wp","href":"https:\/\/api.w.org\/{rel}","templated":true}]}}