{"id":18436,"date":"2022-06-28T12:21:38","date_gmt":"2022-06-28T16:51:38","guid":{"rendered":"https:\/\/elmundodelosnegocios.com.do\/v1\/?p=18436"},"modified":"2022-06-28T12:25:00","modified_gmt":"2022-06-28T16:55:00","slug":"banco-popular-realiza-jornada-de-reforestacion-junto-a-proveedores-y-colaboradores-voluntarios","status":"publish","type":"post","link":"https:\/\/elmundodelosnegocios.com.do\/v1\/banco-popular-realiza-jornada-de-reforestacion-junto-a-proveedores-y-colaboradores-voluntarios\/","title":{"rendered":"Banco Popular realiza jornada de reforestaci\u00f3n junto a proveedores y colaboradores voluntarios"},"content":{"rendered":"<p>\u200bSan Jos\u00e9 de las Matas, Santiago. \u2013 El Banco Popular Dominicano realiz\u00f3 una jornada de reforestaci\u00f3n con la participaci\u00f3n de proveedores y empleados voluntarios en la comunidad de Los Montones Abajo, municipio de San Jos\u00e9 de las Matas, en la cual fueron plantados 3,260 \u00e1rboles de grevillea, naranja agria, mara, cabirma, uvero y pinos caribaea en terrenos gestionados por el Plan Sierra, y con la coordinaci\u00f3n de la Fundaci\u00f3n Popular.<\/p>\n<figure id=\"attachment_18440\" aria-describedby=\"caption-attachment-18440\" style=\"width: 850px\" class=\"wp-caption aligncenter\"><a href=\"http:\/\/elmundodelosnegocios.com.do\/v1\/wp-content\/uploads\/2022\/06\/1-3.jpg\"><img loading=\"lazy\" decoding=\"async\" class=\"size-full wp-image-18440\" src=\"http:\/\/elmundodelosnegocios.com.do\/v1\/wp-content\/uploads\/2022\/06\/1-3.jpg\" alt=\"De izquierda a derecha, los se\u00f1ores Leonel NG, Libby Padilla, Ayeisa de los Santos, El\u00edas Dinzey y Carmen Rita Cordero.            \" width=\"850\" height=\"450\" srcset=\"https:\/\/elmundodelosnegocios.com.do\/v1\/wp-content\/uploads\/2022\/06\/1-3.jpg 850w, https:\/\/elmundodelosnegocios.com.do\/v1\/wp-content\/uploads\/2022\/06\/1-3-300x159.jpg 300w, https:\/\/elmundodelosnegocios.com.do\/v1\/wp-content\/uploads\/2022\/06\/1-3-768x407.jpg 768w\" sizes=\"auto, (max-width: 850px) 100vw, 850px\" \/><\/a><figcaption id=\"caption-attachment-18440\" class=\"wp-caption-text\">De izquierda a derecha, los se\u00f1ores Leonel NG, Libby Padilla, Ayeisa de los Santos, El\u00edas Dinzey y Carmen Rita Cordero.<\/figcaption><\/figure>\n<p>Esta siembra respalda las acciones de la organizaci\u00f3n financiera y su casa matriz Grupo Popular para afianzar su cadena de valor, brindando espacios de conocimiento y educaci\u00f3n a sus proveedores y colaboradores sobre desaf\u00edos ambientales y desarrollo sostenible.<\/p>\n<p>En adici\u00f3n, la jornada de reforestaci\u00f3n acerca a la organizaci\u00f3n bancaria a alcanzar su meta de lograr m\u00e1s de 1 mill\u00f3n de \u00e1rboles para el a\u00f1o 2030, como parte de su visi\u00f3n sostenible y la adhesi\u00f3n a los Principios de Banca Responsable de Naciones Unidas y el Acuerdo de Par\u00eds sobre cambio clim\u00e1tico.<\/p>\n<p>Durante la actividad, el personal voluntario contribuy\u00f3 al aumento de la cobertura boscosa de la sierra en 57.6 tareas de tierra, cuya presencia resulta favorable para la microcuenca Inoa, en la subcuenca Amina.<\/p>\n<p>Con esta intervenci\u00f3n en esta zona geogr\u00e1fica, adem\u00e1s, se procura retener 391,200 kilogramos de suelo y almacenar 9.78 millones de litros de agua anualmente. En tanto, en su etapa adulta esta cantidad de \u00e1rboles plantados podr\u00e1n capturar 1.043 toneladas de CO2.<\/p>\n<div id='gallery-1' class='gallery galleryid-18436 gallery-columns-4 gallery-size-large'><figure class='gallery-item'>\n\t\t\t<div class='gallery-icon landscape'>\n\t\t\t\t<a href='https:\/\/elmundodelosnegocios.com.do\/v1\/wp-content\/uploads\/2022\/06\/2-3.jpg'><img loading=\"lazy\" decoding=\"async\" width=\"850\" height=\"450\" src=\"https:\/\/elmundodelosnegocios.com.do\/v1\/wp-content\/uploads\/2022\/06\/2-3.jpg\" class=\"attachment-large size-large\" alt=\"\" srcset=\"https:\/\/elmundodelosnegocios.com.do\/v1\/wp-content\/uploads\/2022\/06\/2-3.jpg 850w, https:\/\/elmundodelosnegocios.com.do\/v1\/wp-content\/uploads\/2022\/06\/2-3-300x159.jpg 300w, https:\/\/elmundodelosnegocios.com.do\/v1\/wp-content\/uploads\/2022\/06\/2-3-768x407.jpg 768w\" sizes=\"auto, (max-width: 850px) 100vw, 850px\" \/><\/a>\n\t\t\t<\/div><\/figure><figure class='gallery-item'>\n\t\t\t<div class='gallery-icon landscape'>\n\t\t\t\t<a href='https:\/\/elmundodelosnegocios.com.do\/v1\/wp-content\/uploads\/2022\/06\/3-4.jpg'><img loading=\"lazy\" decoding=\"async\" width=\"850\" height=\"450\" src=\"https:\/\/elmundodelosnegocios.com.do\/v1\/wp-content\/uploads\/2022\/06\/3-4.jpg\" class=\"attachment-large size-large\" alt=\"\" srcset=\"https:\/\/elmundodelosnegocios.com.do\/v1\/wp-content\/uploads\/2022\/06\/3-4.jpg 850w, https:\/\/elmundodelosnegocios.com.do\/v1\/wp-content\/uploads\/2022\/06\/3-4-300x159.jpg 300w, https:\/\/elmundodelosnegocios.com.do\/v1\/wp-content\/uploads\/2022\/06\/3-4-768x407.jpg 768w\" sizes=\"auto, (max-width: 850px) 100vw, 850px\" \/><\/a>\n\t\t\t<\/div><\/figure><figure class='gallery-item'>\n\t\t\t<div class='gallery-icon landscape'>\n\t\t\t\t<a href='https:\/\/elmundodelosnegocios.com.do\/v1\/wp-content\/uploads\/2022\/06\/4-1.jpg'><img loading=\"lazy\" decoding=\"async\" width=\"850\" height=\"450\" src=\"https:\/\/elmundodelosnegocios.com.do\/v1\/wp-content\/uploads\/2022\/06\/4-1.jpg\" class=\"attachment-large size-large\" alt=\"\" srcset=\"https:\/\/elmundodelosnegocios.com.do\/v1\/wp-content\/uploads\/2022\/06\/4-1.jpg 850w, https:\/\/elmundodelosnegocios.com.do\/v1\/wp-content\/uploads\/2022\/06\/4-1-300x159.jpg 300w, https:\/\/elmundodelosnegocios.com.do\/v1\/wp-content\/uploads\/2022\/06\/4-1-768x407.jpg 768w\" sizes=\"auto, (max-width: 850px) 100vw, 850px\" \/><\/a>\n\t\t\t<\/div><\/figure><figure class='gallery-item'>\n\t\t\t<div class='gallery-icon landscape'>\n\t\t\t\t<a href='https:\/\/elmundodelosnegocios.com.do\/v1\/wp-content\/uploads\/2022\/06\/5-1.jpg'><img loading=\"lazy\" decoding=\"async\" width=\"850\" height=\"450\" src=\"https:\/\/elmundodelosnegocios.com.do\/v1\/wp-content\/uploads\/2022\/06\/5-1.jpg\" class=\"attachment-large size-large\" alt=\"\" srcset=\"https:\/\/elmundodelosnegocios.com.do\/v1\/wp-content\/uploads\/2022\/06\/5-1.jpg 850w, https:\/\/elmundodelosnegocios.com.do\/v1\/wp-content\/uploads\/2022\/06\/5-1-300x159.jpg 300w, https:\/\/elmundodelosnegocios.com.do\/v1\/wp-content\/uploads\/2022\/06\/5-1-768x407.jpg 768w\" sizes=\"auto, (max-width: 850px) 100vw, 850px\" \/><\/a>\n\t\t\t<\/div><\/figure><figure class='gallery-item'>\n\t\t\t<div class='gallery-icon landscape'>\n\t\t\t\t<a href='https:\/\/elmundodelosnegocios.com.do\/v1\/wp-content\/uploads\/2022\/06\/6-1.jpg'><img loading=\"lazy\" decoding=\"async\" width=\"850\" height=\"450\" src=\"https:\/\/elmundodelosnegocios.com.do\/v1\/wp-content\/uploads\/2022\/06\/6-1.jpg\" class=\"attachment-large size-large\" alt=\"\" srcset=\"https:\/\/elmundodelosnegocios.com.do\/v1\/wp-content\/uploads\/2022\/06\/6-1.jpg 850w, https:\/\/elmundodelosnegocios.com.do\/v1\/wp-content\/uploads\/2022\/06\/6-1-300x159.jpg 300w, https:\/\/elmundodelosnegocios.com.do\/v1\/wp-content\/uploads\/2022\/06\/6-1-768x407.jpg 768w\" sizes=\"auto, (max-width: 850px) 100vw, 850px\" \/><\/a>\n\t\t\t<\/div><\/figure><figure class='gallery-item'>\n\t\t\t<div class='gallery-icon landscape'>\n\t\t\t\t<a href='https:\/\/elmundodelosnegocios.com.do\/v1\/wp-content\/uploads\/2022\/06\/7.jpg'><img loading=\"lazy\" decoding=\"async\" width=\"850\" height=\"450\" src=\"https:\/\/elmundodelosnegocios.com.do\/v1\/wp-content\/uploads\/2022\/06\/7.jpg\" class=\"attachment-large size-large\" alt=\"\" srcset=\"https:\/\/elmundodelosnegocios.com.do\/v1\/wp-content\/uploads\/2022\/06\/7.jpg 850w, https:\/\/elmundodelosnegocios.com.do\/v1\/wp-content\/uploads\/2022\/06\/7-300x159.jpg 300w, https:\/\/elmundodelosnegocios.com.do\/v1\/wp-content\/uploads\/2022\/06\/7-768x407.jpg 768w\" sizes=\"auto, (max-width: 850px) 100vw, 850px\" \/><\/a>\n\t\t\t<\/div><\/figure><figure class='gallery-item'>\n\t\t\t<div class='gallery-icon landscape'>\n\t\t\t\t<a href='https:\/\/elmundodelosnegocios.com.do\/v1\/wp-content\/uploads\/2022\/06\/8.jpg'><img loading=\"lazy\" decoding=\"async\" width=\"850\" height=\"450\" src=\"https:\/\/elmundodelosnegocios.com.do\/v1\/wp-content\/uploads\/2022\/06\/8.jpg\" class=\"attachment-large size-large\" alt=\"\" srcset=\"https:\/\/elmundodelosnegocios.com.do\/v1\/wp-content\/uploads\/2022\/06\/8.jpg 850w, https:\/\/elmundodelosnegocios.com.do\/v1\/wp-content\/uploads\/2022\/06\/8-300x159.jpg 300w, https:\/\/elmundodelosnegocios.com.do\/v1\/wp-content\/uploads\/2022\/06\/8-768x407.jpg 768w\" sizes=\"auto, (max-width: 850px) 100vw, 850px\" \/><\/a>\n\t\t\t<\/div><\/figure><figure class='gallery-item'>\n\t\t\t<div class='gallery-icon landscape'>\n\t\t\t\t<a href='https:\/\/elmundodelosnegocios.com.do\/v1\/wp-content\/uploads\/2022\/06\/9.jpg'><img loading=\"lazy\" decoding=\"async\" width=\"850\" height=\"450\" src=\"https:\/\/elmundodelosnegocios.com.do\/v1\/wp-content\/uploads\/2022\/06\/9.jpg\" class=\"attachment-large size-large\" alt=\"\" srcset=\"https:\/\/elmundodelosnegocios.com.do\/v1\/wp-content\/uploads\/2022\/06\/9.jpg 850w, https:\/\/elmundodelosnegocios.com.do\/v1\/wp-content\/uploads\/2022\/06\/9-300x159.jpg 300w, https:\/\/elmundodelosnegocios.com.do\/v1\/wp-content\/uploads\/2022\/06\/9-768x407.jpg 768w\" sizes=\"auto, (max-width: 850px) 100vw, 850px\" \/><\/a>\n\t\t\t<\/div><\/figure>\n\t\t<\/div>\n\n<p><strong>Banca responsable<\/strong><\/p>\n<p>Desde hace d\u00e9cadas el Banco Popular realiza jornadas de siembra con la finalidad de contribuir al desarrollo sostenible de la Rep\u00fablica Dominicana.<\/p>\n<p>En este sentido, la se\u00f1ora Ayeisa de los Santos, vicepresidente del \u00c1rea Gesti\u00f3n de Abastecimiento del Popular, subray\u00f3 la importancia de la extensi\u00f3n a los suplidores de la visi\u00f3n sostenible de la organizaci\u00f3n reconoci\u00e9ndoles como \u201csocios estrat\u00e9gicos, pues nos ayudan a brindar un servicio excepcional a nuestros clientes\u00bb, indic\u00f3 la ejecutiva.<\/p>\n<p>El se\u00f1or El\u00edas Dinzey, gerente general de la Fundaci\u00f3n Popular, remarc\u00f3 la importancia de estas jornadas para preservar el patrimonio medioambiental de las presentes y futuras generaciones.<\/p>\n<p>En tanto, la coordinadora de la Agencia Forestal del Plan Sierra, se\u00f1ora Libby Padilla, valor\u00f3 la iniciativa y su impacto favorable en la recuperaci\u00f3n de la cobertura boscosa.<\/p>\n<p>Asimismo, agradeci\u00f3 a la entidad financiera su constante trabajo en actividades de reforestaci\u00f3n, as\u00ed como en la educaci\u00f3n y la divulgaci\u00f3n de estilos de vida medioambientalmente sostenibles.<\/p>\n","protected":false},"excerpt":{"rendered":"<p>\u200bSan Jos\u00e9 de las Matas, Santiago. \u2013 El Banco Popular Dominicano realiz\u00f3 una jornada de reforestaci\u00f3n con la participaci\u00f3n de proveedores y empleados voluntarios en la comunidad de Los Montones&hellip; <\/p>\n","protected":false},"author":2,"featured_media":18438,"comment_status":"closed","ping_status":"closed","sticky":false,"template":"","format":"standard","meta":{"fifu_image_url":"","fifu_image_alt":"","footnotes":""},"categories":[78],"tags":[],"class_list":["post-18436","post","type-post","status-publish","format-standard","has-post-thumbnail","hentry","category-con-responsabilidad"],"_links":{"self":[{"href":"https:\/\/elmundodelosnegocios.com.do\/v1\/wp-json\/wp\/v2\/posts\/18436","targetHints":{"allow":["GET"]}}],"collection":[{"href":"https:\/\/elmundodelosnegocios.com.do\/v1\/wp-json\/wp\/v2\/posts"}],"about":[{"href":"https:\/\/elmundodelosnegocios.com.do\/v1\/wp-json\/wp\/v2\/types\/post"}],"author":[{"embeddable":true,"href":"https:\/\/elmundodelosnegocios.com.do\/v1\/wp-json\/wp\/v2\/users\/2"}],"replies":[{"embeddable":true,"href":"https:\/\/elmundodelosnegocios.com.do\/v1\/wp-json\/wp\/v2\/comments?post=18436"}],"version-history":[{"count":0,"href":"https:\/\/elmundodelosnegocios.com.do\/v1\/wp-json\/wp\/v2\/posts\/18436\/revisions"}],"wp:featuredmedia":[{"embeddable":true,"href":"https:\/\/elmundodelosnegocios.com.do\/v1\/wp-json\/wp\/v2\/media\/18438"}],"wp:attachment":[{"href":"https:\/\/elmundodelosnegocios.com.do\/v1\/wp-json\/wp\/v2\/media?parent=18436"}],"wp:term":[{"taxonomy":"category","embeddable":true,"href":"https:\/\/elmundodelosnegocios.com.do\/v1\/wp-json\/wp\/v2\/categories?post=18436"},{"taxonomy":"post_tag","embeddable":true,"href":"https:\/\/elmundodelosnegocios.com.do\/v1\/wp-json\/wp\/v2\/tags?post=18436"}],"curies":[{"name":"wp","href":"https:\/\/api.w.org\/{rel}","templated":true}]}}