{"id":18531,"date":"2022-07-01T03:00:43","date_gmt":"2022-07-01T07:30:43","guid":{"rendered":"http:\/\/elmundodelosnegocios.com.do\/v1\/index.php\/2022\/07\/01\/polestar-toca-la-campana-del-nasdaq-para-celebrar-su-salida-a-bolsa\/"},"modified":"2022-07-01T03:00:43","modified_gmt":"2022-07-01T07:30:43","slug":"polestar-toca-la-campana-del-nasdaq-para-celebrar-su-salida-a-bolsa","status":"publish","type":"post","link":"https:\/\/elmundodelosnegocios.com.do\/v1\/polestar-toca-la-campana-del-nasdaq-para-celebrar-su-salida-a-bolsa\/","title":{"rendered":"Polestar toca la campana del Nasdaq para celebrar su salida a bolsa"},"content":{"rendered":"<p>NUEVA YORK&#8211;(BUSINESS WIRE)&#8211;Polestar, la marca sueca de coches el\u00e9ctricos, hizo sonar la famosa campana del Nasdaq en Nueva York para celebrar su salida a bolsa. Polestar comenz\u00f3 a cotizar oficialmente con el s\u00edmbolo \u00abPSNY\u00bb el 24 de junio de 2022.<\/p>\n<p>Thomas Ingenlath, CEO de Polestar, estuvo acompa\u00f1ado por miembros de los equipos de Polestar y Gores Guggenheim en Nueva York para marcar el \u00faltimo hito en el camino de Polestar hacia la movilidad sostenible.<\/p>\n<p>Thomas Ingenlath, CEO de Polestar, ha declarado: \u00abEste d\u00eda nos llena de orgullo y el toque de campana en el Nasdaq es un s\u00edmbolo de ello. Hoy se abre un nuevo cap\u00edtulo en la historia de Polestar. Tenemos una visi\u00f3n clara de c\u00f3mo ser\u00e1 esa evoluci\u00f3n. La salida a bolsa nos sirve de plataforma para impulsar con m\u00e1s fuerza la transici\u00f3n a la movilidad sostenible\u00bb.<\/p>\n<p>El toque de campana se retransmiti\u00f3 en las vallas digitales del Nasdaq en Times Square, en las que aparec\u00edan im\u00e1genes de algunos de los m\u00e1s de 2000 empleados de Polestar en todo el mundo y la declaraci\u00f3n de la misi\u00f3n de la empresa. Los veh\u00edculos Polestar 2 con las letras de PSNY tambi\u00e9n se exhibieron en la famosa plaza.<\/p>\n<p>Se conect\u00f3 con las oficinas y puntos de venta de Polestar en los 25 mercados en los que opera la marca para ver el evento en directo y poder ser testigos del momento a nivel local.<\/p>\n<p>La salida a bolsa ayudar\u00e1 a Polestar a cumplir sus ambiciosos planes de crecimiento en algunos de los segmentos del mercado de coches el\u00e9ctricos m\u00e1s atractivos del mundo, al tiempo que avanzar\u00e1 en sus objetivos de sostenibilidad l\u00edderes en la industria, como el desarrollo de un veh\u00edculo totalmente neutro en carbono para 2030.<\/p>\n<p>Polestar est\u00e1 entrando en un per\u00edodo de r\u00e1pido crecimiento con mucho impulso, al tiempo que desarrolla una cartera de productos diversificada. De aqu\u00ed a 2024, el fabricante de autom\u00f3viles tiene previsto introducir tres nuevos veh\u00edculos el\u00e9ctricos de gama alta, incluidos dos SUV. El primero es el Polestar 3, un SUV totalmente el\u00e9ctrico cuyo lanzamiento est\u00e1 previsto para octubre de 2022 y que establecer\u00e1 un nuevo est\u00e1ndar en este segmento premium de alto margen.<\/p>\n<p>Fin.<\/p>\n<p>Acerca de Polestar<\/p>\n<p>Polestar Automotive Holding UK PLC (Nasdaq: PSNY) (\u00abPolestar\u00bb) es un fabricante sueco de coches el\u00e9ctricos de lujo formado en 2017 por Volvo Car AB (publ.) (junto con sus filiales \u00abVolvo Cars\u00bb) y Zhejiang Geely Holding Group Co, Ltd (\u00abGeely\u00bb). Polestar se beneficia de las sinergias t\u00e9cnicas y tecnol\u00f3gicas en relaci\u00f3n con Volvo Cars y, por tanto, de importantes econom\u00edas de escala.<\/p>\n<p>Polestar tiene su sede en Gotemburgo (Suecia). Sus veh\u00edculos est\u00e1n actualmente disponibles y ya en la carretera en Europa, Norteam\u00e9rica, China y Asia-Pac\u00edfico. La empresa tiene previsto ofrecer sus veh\u00edculos en un total de 30 mercados para 2023. Polestar produce actualmente sus veh\u00edculos en dos lugares de China y tiene previsto a\u00f1adir m\u00e1s instalaciones de producci\u00f3n en Estados Unidos.<\/p>\n<p>Polestar ha fabricado hasta el momento dos veh\u00edculos el\u00e9ctricos de altas prestaciones. El Polestar 1 se produjo en peque\u00f1as series entre 2019 y 2021. El GT, con un tren motriz h\u00edbrido de alto rendimiento y una carrocer\u00eda de carbono, ofrece 609 CV, 1.000 Nm y una autonom\u00eda el\u00e9ctrica de 124 km (WLTP), la mejor cifra para un coche h\u00edbrido en el mundo en ese momento.<\/p>\n<p>El Polestar 2 es el primer utilitario de altas prestaciones totalmente el\u00e9ctrico producido en serie por la compa\u00f1\u00eda. La gama de modelos del Polestar 2 incluye tres variantes con una combinaci\u00f3n de bater\u00edas est\u00e1ndar y de larga duraci\u00f3n que alcanzan capacidades de hasta 78 kWh, as\u00ed como trenes motrices de doble motor y de un motor con hasta 300 kW \/ 408 CV y 660 Nm.<\/p>\n<p>A partir de 2022, Polestar tiene previsto lanzar un nuevo veh\u00edculo el\u00e9ctrico al a\u00f1o, empezando por el Polestar 3, el primer SUV el\u00e9ctrico de altas prestaciones de la compa\u00f1\u00eda, cuyo lanzamiento est\u00e1 previsto para octubre de 2022. A este le seguir\u00e1 en 2023 el Polestar 4, un SUV coup\u00e9 el\u00e9ctrico de altas prestaciones de menor tama\u00f1o.<\/p>\n<p>El lanzamiento del Polestar 5 est\u00e1 previsto para 2024. El GT el\u00e9ctrico de cuatro puertas representa la evoluci\u00f3n del Polestar Precept, el concept car que Polestar desvel\u00f3 en 2020 y que present\u00f3 como la visi\u00f3n de futuro de la marca en t\u00e9rminos de dise\u00f1o, tecnolog\u00eda y sostenibilidad. Polestar pretende reducir su impacto clim\u00e1tico con cada nuevo modelo y producir un coche verdaderamente neutro en carbono para 2030.<\/p>\n<p>A principios de marzo de 2022, Polestar desvel\u00f3 su segundo concept car, un roadster de altas prestaciones con propulsi\u00f3n el\u00e9ctrica que se basa en las ambiciones de dise\u00f1o, tecnolog\u00eda y sostenibilidad de Precept y muestra la visi\u00f3n de la marca sobre los futuros deportivos. El descapotable de techo r\u00edgido representa una evoluci\u00f3n del lenguaje de dise\u00f1o \u00fanico mostrado por primera vez por Precept y hace hincapi\u00e9 en una experiencia de conducci\u00f3n din\u00e1mica. El concepto contin\u00faa centr\u00e1ndose en la sostenibilidad y la tecnolog\u00eda y tiene como objetivo una mayor circularidad.<\/p>\n<p>\u00abEl comunicado en el idioma original es la versi\u00f3n oficial y autorizada del mismo. Esta traducci\u00f3n es solamente un medio de ayuda y deber\u00e1 ser comparada con el texto en idioma original, que es la \u00fanica versi\u00f3n del texto que tendr\u00e1 validez legal\u00bb.<br \/>\n Contacts<br \/>\nBojana Flint<br \/>\nPolestar (Relaciones con inversores)<br \/>\nbojana.flint@polestar.com<\/p>\n<p>John Paolo Canton<br \/>\nPolestar<br \/>\njp.canton@polestar.com<\/p>\n","protected":false},"excerpt":{"rendered":"<p>NUEVA YORK&#8211;(BUSINESS WIRE)&#8211;Polestar, la marca sueca de coches el\u00e9ctricos, hizo sonar la famosa campana del Nasdaq en Nueva York para celebrar su salida a bolsa. Polestar comenz\u00f3 a cotizar oficialmente&hellip; <\/p>\n","protected":false},"author":2,"featured_media":18532,"comment_status":"closed","ping_status":"closed","sticky":false,"template":"","format":"standard","meta":{"fifu_image_url":"","fifu_image_alt":"","footnotes":""},"categories":[252],"tags":[253],"class_list":["post-18531","post","type-post","status-publish","format-standard","has-post-thumbnail","hentry","category-business-wire","tag-business-wire"],"_links":{"self":[{"href":"https:\/\/elmundodelosnegocios.com.do\/v1\/wp-json\/wp\/v2\/posts\/18531","targetHints":{"allow":["GET"]}}],"collection":[{"href":"https:\/\/elmundodelosnegocios.com.do\/v1\/wp-json\/wp\/v2\/posts"}],"about":[{"href":"https:\/\/elmundodelosnegocios.com.do\/v1\/wp-json\/wp\/v2\/types\/post"}],"author":[{"embeddable":true,"href":"https:\/\/elmundodelosnegocios.com.do\/v1\/wp-json\/wp\/v2\/users\/2"}],"replies":[{"embeddable":true,"href":"https:\/\/elmundodelosnegocios.com.do\/v1\/wp-json\/wp\/v2\/comments?post=18531"}],"version-history":[{"count":0,"href":"https:\/\/elmundodelosnegocios.com.do\/v1\/wp-json\/wp\/v2\/posts\/18531\/revisions"}],"wp:featuredmedia":[{"embeddable":true,"href":"https:\/\/elmundodelosnegocios.com.do\/v1\/wp-json\/wp\/v2\/media\/18532"}],"wp:attachment":[{"href":"https:\/\/elmundodelosnegocios.com.do\/v1\/wp-json\/wp\/v2\/media?parent=18531"}],"wp:term":[{"taxonomy":"category","embeddable":true,"href":"https:\/\/elmundodelosnegocios.com.do\/v1\/wp-json\/wp\/v2\/categories?post=18531"},{"taxonomy":"post_tag","embeddable":true,"href":"https:\/\/elmundodelosnegocios.com.do\/v1\/wp-json\/wp\/v2\/tags?post=18531"}],"curies":[{"name":"wp","href":"https:\/\/api.w.org\/{rel}","templated":true}]}}