{"id":18645,"date":"2022-07-06T03:01:00","date_gmt":"2022-07-06T07:31:00","guid":{"rendered":"https:\/\/elmundodelosnegocios.com.do\/v1\/index.php\/2022\/07\/06\/resumen-xperi-adquiere-vewd-software\/"},"modified":"2022-07-06T03:01:00","modified_gmt":"2022-07-06T07:31:00","slug":"resumen-xperi-adquiere-vewd-software","status":"publish","type":"post","link":"https:\/\/elmundodelosnegocios.com.do\/v1\/resumen-xperi-adquiere-vewd-software\/","title":{"rendered":"Resumen: Xperi adquiere Vewd Software"},"content":{"rendered":"<p>Acelera la entrada en el espacio de la televisi\u00f3n conectada y establece la submarca TiVo como una plataforma independiente l\u00edder de streaming de medios de comunicaci\u00f3n<br \/>\nSAN JOS\u00c9, California&#8211;(BUSINESS WIRE)&#8211;Xperi Holding Corporation (NASDAQ: XPER) (\u00abXperi\u00bb o la \u00abempresa\u00bb) ha anunciado hoy que ha adquirido Vewd Software Holdings Limited (\u00abVewd\u00bb) por 109 millones de d\u00f3lares mediante una combinaci\u00f3n de efectivo y deuda. Vewd es un proveedor l\u00edder mundial de soluciones de televisi\u00f3n over-the-top (\u00abOTT\u00bb) e h\u00edbrida que se comercializa en m\u00e1s de 30 millones de dispositivos de televisi\u00f3n conectados anualmente. La adquisici\u00f3n convierte a Xperi en una de las principales plataformas independientes de streaming a trav\u00e9s de su marca TiVo y en el mayor proveedor independiente de middleware de Smart TV a nivel mundial. Adem\u00e1s, la transacci\u00f3n da a Xperi acceso a una huella europea instalada de aproximadamente 15 millones de dispositivos que pueden ser habilitados para la monetizaci\u00f3n, incluyendo la activaci\u00f3n de TiVo+, un servicio de televisi\u00f3n gratuito con publicidad.<\/p>\n<p>El comunicado en el idioma original es la versi\u00f3n oficial y autorizada del mismo. Esta traducci\u00f3n es solamente un medio de ayuda y deber\u00e1 ser comparada con el texto en idioma original, que es la \u00fanica versi\u00f3n del texto que tendr\u00e1 validez legal.<br \/>\n Contacts<br \/>\nXperi Investor Contact:Jill Koval, Arbor Advisory Group<br \/>\n+1 203-832-4449<br \/>\nir@xperi.com<\/p>\n<p>Media Contact:Amy Brennan, Senior Director, Corporate Communications<br \/>\n+1 949-518-6846<br \/>\namy.brennan@xperi.com<\/p>\n","protected":false},"excerpt":{"rendered":"<p>Acelera la entrada en el espacio de la televisi\u00f3n conectada y establece la submarca TiVo como una plataforma independiente l\u00edder de streaming de medios de comunicaci\u00f3n SAN JOS\u00c9, California&#8211;(BUSINESS WIRE)&#8211;Xperi&hellip; <\/p>\n","protected":false},"author":2,"featured_media":18646,"comment_status":"closed","ping_status":"closed","sticky":false,"template":"","format":"standard","meta":{"fifu_image_url":"","fifu_image_alt":"","footnotes":""},"categories":[252],"tags":[253],"class_list":["post-18645","post","type-post","status-publish","format-standard","has-post-thumbnail","hentry","category-business-wire","tag-business-wire"],"_links":{"self":[{"href":"https:\/\/elmundodelosnegocios.com.do\/v1\/wp-json\/wp\/v2\/posts\/18645","targetHints":{"allow":["GET"]}}],"collection":[{"href":"https:\/\/elmundodelosnegocios.com.do\/v1\/wp-json\/wp\/v2\/posts"}],"about":[{"href":"https:\/\/elmundodelosnegocios.com.do\/v1\/wp-json\/wp\/v2\/types\/post"}],"author":[{"embeddable":true,"href":"https:\/\/elmundodelosnegocios.com.do\/v1\/wp-json\/wp\/v2\/users\/2"}],"replies":[{"embeddable":true,"href":"https:\/\/elmundodelosnegocios.com.do\/v1\/wp-json\/wp\/v2\/comments?post=18645"}],"version-history":[{"count":0,"href":"https:\/\/elmundodelosnegocios.com.do\/v1\/wp-json\/wp\/v2\/posts\/18645\/revisions"}],"wp:featuredmedia":[{"embeddable":true,"href":"https:\/\/elmundodelosnegocios.com.do\/v1\/wp-json\/wp\/v2\/media\/18646"}],"wp:attachment":[{"href":"https:\/\/elmundodelosnegocios.com.do\/v1\/wp-json\/wp\/v2\/media?parent=18645"}],"wp:term":[{"taxonomy":"category","embeddable":true,"href":"https:\/\/elmundodelosnegocios.com.do\/v1\/wp-json\/wp\/v2\/categories?post=18645"},{"taxonomy":"post_tag","embeddable":true,"href":"https:\/\/elmundodelosnegocios.com.do\/v1\/wp-json\/wp\/v2\/tags?post=18645"}],"curies":[{"name":"wp","href":"https:\/\/api.w.org\/{rel}","templated":true}]}}