{"id":18658,"date":"2022-07-06T07:36:54","date_gmt":"2022-07-06T12:06:54","guid":{"rendered":"http:\/\/elmundodelosnegocios.com.do\/v1\/?p=18658"},"modified":"2022-07-06T07:36:54","modified_gmt":"2022-07-06T12:06:54","slug":"micm-lanza-plataforma-mercado-justo-en-beneficio-de-la-industria-gastronomica-de-rd","status":"publish","type":"post","link":"https:\/\/elmundodelosnegocios.com.do\/v1\/micm-lanza-plataforma-mercado-justo-en-beneficio-de-la-industria-gastronomica-de-rd\/","title":{"rendered":"MICM lanza plataforma \u201cMercado Justo\u201d en beneficio de la industria gastron\u00f3mica de RD"},"content":{"rendered":"<p>Santo Domingo.- En aras de impulsar y dinamizar a los sectores productivos de la vida nacional, el ministro de Industria, Comercio y Mipymes (MICM), V\u00edctor -Ito- Bison\u00f3, anunci\u00f3 la puesta en funcionamiento de una nueva plataforma digital denominada \u201cMercado Justo\u201d, para viabilizar la comunicaci\u00f3n, reducir la intermediaci\u00f3n de otros actores y lograr el incremento de los beneficios de quienes forman parte de la industria gastron\u00f3mica, sector que genera m\u00e1s de 300 mil empleos y aporta cerca de un 3% al Producto Interno Bruto (PIB).<\/p>\n<p><img loading=\"lazy\" decoding=\"async\" class=\"aligncenter size-full\" src=\"https:\/\/micm.gob.do\/media\/zoo\/images\/MICM_lanza_plataforma_Mercado_Justo_01_db75cb554cb8c7898c0cae8ae3dc582d.jpeg\" width=\"900\" height=\"600\" \/><br \/>\n.<br \/>\nLa plataforma funcionar\u00e1 como un banco de datos de personal cualificado, especialmente para aquellos que hayan participado de las distintas capacitaciones brindadas en el marco del Programa de Apoyo a la Industria Gastron\u00f3mica, que lidera el MICM, a trav\u00e9s del Viceministerio de Comercio Interno, y que buscan insertarse en el mercado laboral.<\/p>\n<p>El ministro Bison\u00f3 resalt\u00f3 los aportes del sector gastron\u00f3mico y reafirm\u00f3 el compromiso del gobierno de fomentar el impulso de esta industria como referente de la regi\u00f3n y del mundo.<\/p>\n<p>\u201cGracias al trabajo arduo, la entrega y el compromiso de este sector, nos complace desarrollar iniciativas que sirvan de est\u00edmulo para continuar logrando el posicionamiento de la Rep\u00fablica Dominicana como Capital Gastron\u00f3mica de las Am\u00e9ricas\u201d, expres\u00f3 el titular del MICM.<\/p>\n<p>El lanzamiento del portal web mercadojusto.micm.gob.do se realiz\u00f3 durante el Congreso Anual Gastron\u00f3mico, que se celebr\u00f3 del 28 al 30 de junio, en la capital dominicana, y cont\u00f3 con la participaci\u00f3n de reconocidos l\u00edderes del sector restaurantes, bares y hosteler\u00eda.<\/p>\n<p><img loading=\"lazy\" decoding=\"async\" class=\"aligncenter size-full\" src=\"https:\/\/micm.gob.do\/images\/noticias\/2022\/07-julio\/MICM_lanza_plataforma_Mercado_Justo_02.jpeg\" width=\"900\" height=\"600\" \/><br \/>\n.En la inauguraci\u00f3n de la feria estuvieron, adem\u00e1s del ministro Bison\u00f3, los viceministros del MICM, Ram\u00f3n P\u00e9rez Ferm\u00edn, de Comercio Interno; y Fantino Polanco, de Desarrollo Industrial; as\u00ed como Roberto Henr\u00edquez, viceministro de Calidad y Servicios del Ministerio de Turismo; Marcelle \u00c1lvarez, directora AGH, e Iv\u00e1n Cunillera, director del Hotel Catalonia Santo Domingo.<\/p>\n<p><img loading=\"lazy\" decoding=\"async\" class=\"alignnone size-full\" src=\"https:\/\/micm.gob.do\/images\/noticias\/2022\/07-julio\/MICM_lanza_plataforma_Mercado_Justo_03.jpeg\" width=\"900\" height=\"600\" \/><\/p>\n","protected":false},"excerpt":{"rendered":"<p>Santo Domingo.- En aras de impulsar y dinamizar a los sectores productivos de la vida nacional, el ministro de Industria, Comercio y Mipymes (MICM), V\u00edctor -Ito- Bison\u00f3, anunci\u00f3 la puesta&hellip; <\/p>\n","protected":false},"author":2,"featured_media":18660,"comment_status":"closed","ping_status":"closed","sticky":false,"template":"","format":"standard","meta":{"fifu_image_url":"","fifu_image_alt":"","footnotes":""},"categories":[85],"tags":[],"class_list":["post-18658","post","type-post","status-publish","format-standard","has-post-thumbnail","hentry","category-gastronomia"],"_links":{"self":[{"href":"https:\/\/elmundodelosnegocios.com.do\/v1\/wp-json\/wp\/v2\/posts\/18658","targetHints":{"allow":["GET"]}}],"collection":[{"href":"https:\/\/elmundodelosnegocios.com.do\/v1\/wp-json\/wp\/v2\/posts"}],"about":[{"href":"https:\/\/elmundodelosnegocios.com.do\/v1\/wp-json\/wp\/v2\/types\/post"}],"author":[{"embeddable":true,"href":"https:\/\/elmundodelosnegocios.com.do\/v1\/wp-json\/wp\/v2\/users\/2"}],"replies":[{"embeddable":true,"href":"https:\/\/elmundodelosnegocios.com.do\/v1\/wp-json\/wp\/v2\/comments?post=18658"}],"version-history":[{"count":0,"href":"https:\/\/elmundodelosnegocios.com.do\/v1\/wp-json\/wp\/v2\/posts\/18658\/revisions"}],"wp:featuredmedia":[{"embeddable":true,"href":"https:\/\/elmundodelosnegocios.com.do\/v1\/wp-json\/wp\/v2\/media\/18660"}],"wp:attachment":[{"href":"https:\/\/elmundodelosnegocios.com.do\/v1\/wp-json\/wp\/v2\/media?parent=18658"}],"wp:term":[{"taxonomy":"category","embeddable":true,"href":"https:\/\/elmundodelosnegocios.com.do\/v1\/wp-json\/wp\/v2\/categories?post=18658"},{"taxonomy":"post_tag","embeddable":true,"href":"https:\/\/elmundodelosnegocios.com.do\/v1\/wp-json\/wp\/v2\/tags?post=18658"}],"curies":[{"name":"wp","href":"https:\/\/api.w.org\/{rel}","templated":true}]}}