{"id":18689,"date":"2022-07-07T07:52:48","date_gmt":"2022-07-07T12:22:48","guid":{"rendered":"http:\/\/elmundodelosnegocios.com.do\/v1\/?p=18689"},"modified":"2022-07-07T07:52:48","modified_gmt":"2022-07-07T12:22:48","slug":"presidente-abinader-impulsa-a-las-mipymes-industriales-para-que-tengan-prioridad-en-procesos-de-compra-del-estado","status":"publish","type":"post","link":"https:\/\/elmundodelosnegocios.com.do\/v1\/presidente-abinader-impulsa-a-las-mipymes-industriales-para-que-tengan-prioridad-en-procesos-de-compra-del-estado\/","title":{"rendered":"Presidente Abinader impulsa a las mipymes industriales para que tengan prioridad en procesos de compra del Estado"},"content":{"rendered":"<p data-uw-styling-context=\"true\"><span data-uw-styling-context=\"true\">Santo Domingo.- El\u00a0<strong data-uw-styling-context=\"true\">Presidente Luis Abinader\u00a0<\/strong>implement\u00f3 este mi\u00e9rcoles el\u00a0<strong data-uw-styling-context=\"true\">Decreto\u00a031-22<\/strong>, que permitir\u00e1 a las micro, peque\u00f1as y medianas industrias (mipymes industriales<strong data-uw-styling-context=\"true\">) tener prioridad en los procesos de compra y contrataciones de 18 instituciones p\u00fablicas de car\u00e1cter social.<\/strong><\/span><\/p>\n<p data-uw-styling-context=\"true\"><span data-uw-styling-context=\"true\">Esta pol\u00edtica\u00a0<strong data-uw-styling-context=\"true\">contribuir\u00e1 en gran medida a lograr un desarrollo industrial inclusivo y sostenible en el pa\u00eds<\/strong>, y representa un hito trascendental para el desarrollo del sector y el crecimiento de su productividad y competitividad.\u00a0<\/span><\/p>\n<p data-uw-styling-context=\"true\"><span data-uw-styling-context=\"true\">Con esta iniciativa, el Gobierno promover\u00e1 la adquisici\u00f3n de bienes y servicios producidos por manos dominicanas,\u00a0<strong data-uw-styling-context=\"true\">una medida que robustece el tejido productivo nacional y estimular\u00e1 la generaci\u00f3n de empleos de calidad.<\/strong><\/span><\/p>\n<p data-uw-styling-context=\"true\"><span data-uw-styling-context=\"true\">Al hablar durante el acto, realizado en el Sal\u00f3n Verde del Palacio Nacional, el jefe de Estado dijo estar convencido de que las industrias mipymes cuentan con la calidad necesaria para suplir la demanda de bienes de las instituciones.<\/span><\/p>\n<p data-uw-styling-context=\"true\"><img loading=\"lazy\" decoding=\"async\" src=\"https:\/\/presidencia.gob.do\/sites\/default\/files\/content\/38956_1657156986_original.jpeg\" alt=\"\" width=\"4171\" height=\"2781\" data-entity-type=\"file\" data-entity-uuid=\"b8ce662c-1970-4b45-b5bd-e26d1ea8534a\" data-uw-styling-context=\"true\" \/><\/p>\n<p data-uw-styling-context=\"true\"><span data-uw-styling-context=\"true\"><strong data-uw-styling-context=\"true\">Estamos ante un gran cambio<\/strong><\/span><\/p>\n<p data-uw-styling-context=\"true\"><span data-uw-styling-context=\"true\"><em data-uw-styling-context=\"true\">\u201cSin duda, estamos ante un gran cambio, que implica una profunda democratizaci\u00f3n de las oportunidades y una revalorizaci\u00f3n del concepto \u2018Hecho en Rep\u00fablica Dominicana\u2019, que llevar\u00e1 bienestar a todos los dominicanos\u201d,<\/em>\u00a0declar\u00f3 el mandatario.<\/span><\/p>\n<p data-uw-styling-context=\"true\"><span data-uw-styling-context=\"true\">Asimismo, expuso que cree que las compras p\u00fablicas pueden ser utilizadas como una herramienta para el desarrollo de los sectores productivos\u00a0<em data-uw-styling-context=\"true\">\u201cy esta pol\u00edtica tiene un trasfondo muy noble y necesario\u201d.<\/em><\/span><\/p>\n<p data-uw-styling-context=\"true\"><span data-uw-styling-context=\"true\"><em data-uw-styling-context=\"true\">\u201cPara el gobierno dominicano no hay logro m\u00e1s reconfortante que lograr que los dominicanos puedan mejorar sus condiciones de vida y su bienestar\u201d,<\/em>\u00a0indic\u00f3 el Presidente Abinader.<\/span><\/p>\n<p data-uw-styling-context=\"true\"><span data-uw-styling-context=\"true\">A juicio del mandatario, con esta pol\u00edtica se pone en el m\u00e1s alto nivel lo hecho en Rep\u00fablica Dominicana,<em data-uw-styling-context=\"true\">\u00a0\u201clo fabricado por nuestra gente, y a trav\u00e9s de estas instituciones de \u00edndole social, se lo ponemos a disposici\u00f3n de los grupos vulnerables y m\u00e1s desfavorecidos\u201d.<\/em><\/span><\/p>\n<p data-uw-styling-context=\"true\"><img loading=\"lazy\" decoding=\"async\" src=\"https:\/\/presidencia.gob.do\/sites\/default\/files\/content\/39017_1657156892_original.jpg\" alt=\"\" width=\"6720\" height=\"3776\" data-entity-type=\"file\" data-entity-uuid=\"45db4c92-6db9-494d-a923-437b36d13979\" data-uw-styling-context=\"true\" \/><\/p>\n<p data-uw-styling-context=\"true\"><span data-uw-styling-context=\"true\"><strong data-uw-styling-context=\"true\">Sector mipymes hab\u00eda sido olvidado<\/strong><\/span><\/p>\n<p data-uw-styling-context=\"true\"><span data-uw-styling-context=\"true\">De su lado, el Ministro de Industria, Comercio y Mipymes,\u00a0<strong data-uw-styling-context=\"true\">Ito Bison\u00f3<\/strong>, dijo que el Gobierno del Presidente Abinader asumi\u00f3 el compromiso de respaldar a las mipymes industriales, un sector que durante dos d\u00e9cadas hab\u00eda sido olvidado y excluido de los procesos de compras y contrataciones gubernamentales.<\/span><\/p>\n<p data-uw-styling-context=\"true\"><span data-uw-styling-context=\"true\"><em data-uw-styling-context=\"true\">\u201cEstas acciones son un espaldarazo para que puedan desarrollarse y seguir creciendo\u201d,<\/em>\u00a0sostuvo Bison\u00f3.<\/span><\/p>\n<p data-uw-styling-context=\"true\"><span data-uw-styling-context=\"true\">El funcionario indic\u00f3 que, con miras a facilitar la implementaci\u00f3n de la medida, se cre\u00f3 un registro actualizado de los bienes que producen las mipymes industriales habilitadas.<\/span><\/p>\n<p data-uw-styling-context=\"true\"><img loading=\"lazy\" decoding=\"async\" src=\"https:\/\/presidencia.gob.do\/sites\/default\/files\/content\/38969_1657157048_original.jpeg\" alt=\"\" width=\"3966\" height=\"2637\" data-entity-type=\"file\" data-entity-uuid=\"ef0c6d36-197a-446d-880e-7f25491ac145\" data-uw-styling-context=\"true\" \/><\/p>\n<p data-uw-styling-context=\"true\"><span data-uw-styling-context=\"true\"><strong data-uw-styling-context=\"true\">Mipymes representan cerca del 98 % del tejido productivo nacional<\/strong><\/span><\/p>\n<p data-uw-styling-context=\"true\"><span data-uw-styling-context=\"true\">En tanto, el director general de Contrataciones P\u00fablicas, Carlos Pimentel, asegur\u00f3 que,\u00a0<em data-uw-styling-context=\"true\">\u201cesta acci\u00f3n, en el orden estrat\u00e9gico, fortalece el mercado p\u00fablico mediante contrataciones innovadoras que permitir\u00e1n avanzar en la generaci\u00f3n de econom\u00eda de triple impacto<\/em>\u201d.<\/span><\/p>\n<p data-uw-styling-context=\"true\"><span data-uw-styling-context=\"true\">Respecto a las compras y contrataciones p\u00fablicas a\u00f1adi\u00f3 que estas representan entre el\u00a0<strong data-uw-styling-context=\"true\">28 %\u00a0<\/strong>y<strong data-uw-styling-context=\"true\">\u00a033 %<\/strong>\u00a0del presupuesto nacional, y que constituyen un factor clave para el desarrollo y para que las instituciones estatales puedan cumplir con sus planes, estrategias, compromisos y metas.<\/span><\/p>\n<p data-uw-styling-context=\"true\"><span data-uw-styling-context=\"true\">Manifest\u00f3 que el monto contratado por las\u00a0<strong data-uw-styling-context=\"true\">18 instituciones indicadas<\/strong>\u00a0en el decreto es de\u00a0<strong data-uw-styling-context=\"true\">108 millones de pesos, desde agosto de 2020 a la fecha<\/strong>, y que de ese monto el\u00a0<strong data-uw-styling-context=\"true\">47 % fue adjudicado para la adquisici\u00f3n de bienes.<\/strong><\/span><\/p>\n<p data-uw-styling-context=\"true\"><span data-uw-styling-context=\"true\">Explic\u00f3 que estos datos muestran la magnitud del alcance de este decreto y que el\u00a0<strong data-uw-styling-context=\"true\">67 %<\/strong>\u00a0de los procesos publicados de las<strong data-uw-styling-context=\"true\">\u00a018 instituciones<\/strong>\u00a0corresponden a la compra de bienes, y\u00a0<strong data-uw-styling-context=\"true\">24 %<\/strong>\u00a0es destinado a mipymes.<\/span><\/p>\n<p data-uw-styling-context=\"true\"><span data-uw-styling-context=\"true\">Carlos Pimentel argument\u00f3 que las mipymes representan cerca del 98 % del tejido productivo nacional y generan un aproximado de<strong data-uw-styling-context=\"true\">\u00a02.2 millones\u00a0<\/strong>de empleos directos,\u00a0<em data-uw-styling-context=\"true\">\u201clo que representa un\u00a0<strong data-uw-styling-context=\"true\">54 %\u00a0<\/strong>de la poblaci\u00f3n ocupada laboralmente de la Rep\u00fablica Dominicana, un sector que aporta cerca del\u00a0<strong data-uw-styling-context=\"true\">40 %<\/strong>\u00a0del PIB nacional<\/em>\u201d.<\/span><\/p>\n<p data-uw-styling-context=\"true\"><span data-uw-styling-context=\"true\">Dijo que con la promulgaci\u00f3n del\u00a0<strong data-uw-styling-context=\"true\">Decreto<a href=\"https:\/\/presidencia.gob.do\/decretos\/31-22\" data-uw-styling-context=\"true\">\u00a031-22<\/a>,\u00a0<\/strong>en enero, hubo un incremento de\u00a0<strong data-uw-styling-context=\"true\">82 %\u00a0<\/strong>de las empresas habilitadas para participar y las solicitudes de\u00a0<strong data-uw-styling-context=\"true\">Registro Industrial en PROINDUSTRIA aumentaron en un 80 %.<\/strong><\/span><\/p>\n<p data-uw-styling-context=\"true\"><span data-uw-styling-context=\"true\">Explic\u00f3 que solo en actividades manufactureras, el impacto inmediato de este decreto podr\u00eda permear a m\u00e1s de\u00a0<strong data-uw-styling-context=\"true\">120 mil empleos directos de mipymes industriales,\u00a0<\/strong>que ya est\u00e1n habilitadas para impactar cerca de\u00a0<strong data-uw-styling-context=\"true\">360,000 empleos indirectos\u00a0<\/strong>de diversas actividades econ\u00f3micas mipymes,\u00a0<strong data-uw-styling-context=\"true\">equivalente a un 16 % de los empleos\u00a0<\/strong>aproximados que generan las micro, peque\u00f1as y medianas empresas en la Rep\u00fablica Dominicana.<\/span><\/p>\n<p data-uw-styling-context=\"true\"><span data-uw-styling-context=\"true\"><strong data-uw-styling-context=\"true\">El Decreto 31-22<\/strong><\/span><\/p>\n<p data-uw-styling-context=\"true\"><span data-uw-styling-context=\"true\">El\u00a0<strong data-uw-styling-context=\"true\">Decreto\u00a0<a href=\"https:\/\/presidencia.gob.do\/decretos\/31-22\" data-uw-styling-context=\"true\">31-22<\/a><\/strong>\u00a0tiene la vocaci\u00f3n de beneficiar a casi<strong data-uw-styling-context=\"true\">\u00a06,000 unidades productivas consideradas mipymes industriales<\/strong>, las cuales aportan m\u00e1s de\u00a0<strong data-uw-styling-context=\"true\">30,000 empleos formales<\/strong>\u00a0en todo el territorio dominicano.<\/span><\/p>\n<p data-uw-styling-context=\"true\"><span data-uw-styling-context=\"true\">Este sector, que cumple con un rol fundamental en la dinamizaci\u00f3n de las econom\u00edas locales, tambi\u00e9n representa el\u00a0<strong data-uw-styling-context=\"true\">90\u00a0<\/strong><em data-uw-styling-context=\"true\"><strong data-uw-styling-context=\"true\">%<\/strong>\u00a0<\/em><strong data-uw-styling-context=\"true\">el total de las industrias de manufactura local existentes en el pa\u00eds<\/strong>.<\/span><\/p>\n<p data-uw-styling-context=\"true\"><span data-uw-styling-context=\"true\">Las disposiciones del referido decreto abarcan al Plan Social de la Presidencia, Programa Sup\u00e9rate, Comedores Econ\u00f3micos, Instituto Nacional de Bienestar Estudiantil, Polic\u00eda Nacional, Servicio Nacional de Salud, centros p\u00fablicos de salud, Ministerio de Defensa, Comisi\u00f3n Presidencial de Apoyo al Desarrollo Barrial y Comisi\u00f3n Presidencial de Apoyo al Desarrollo Provincial.<\/span><\/p>\n<p data-uw-styling-context=\"true\"><span data-uw-styling-context=\"true\">De igual manera, al Instituto Nacional de Atenci\u00f3n Integral a la Primera Infancia, el Consejo Nacional para la Ni\u00f1ez y la Adolescencia, Consejo Nacional de la Persona Envejeciente, Promese Cal, Instituto de Estabilizaci\u00f3n de Precios, Ministerio de Educaci\u00f3n, Ministerio de la Vivienda, Instituto de Auxilios y Viviendas, Unidad Ejecutora para la Readecuaci\u00f3n de Barrios y Entornos, entre otras entidades que tienen relaci\u00f3n con los programas citados.<\/span><\/p>\n","protected":false},"excerpt":{"rendered":"<p>Santo Domingo.- El\u00a0Presidente Luis Abinader\u00a0implement\u00f3 este mi\u00e9rcoles el\u00a0Decreto\u00a031-22, que permitir\u00e1 a las micro, peque\u00f1as y medianas industrias (mipymes industriales) tener prioridad en los procesos de compra y contrataciones de 18&hellip; <\/p>\n","protected":false},"author":2,"featured_media":18690,"comment_status":"closed","ping_status":"closed","sticky":false,"template":"","format":"standard","meta":{"fifu_image_url":"","fifu_image_alt":"","footnotes":""},"categories":[161],"tags":[],"class_list":["post-18689","post","type-post","status-publish","format-standard","has-post-thumbnail","hentry","category-mipymes"],"_links":{"self":[{"href":"https:\/\/elmundodelosnegocios.com.do\/v1\/wp-json\/wp\/v2\/posts\/18689","targetHints":{"allow":["GET"]}}],"collection":[{"href":"https:\/\/elmundodelosnegocios.com.do\/v1\/wp-json\/wp\/v2\/posts"}],"about":[{"href":"https:\/\/elmundodelosnegocios.com.do\/v1\/wp-json\/wp\/v2\/types\/post"}],"author":[{"embeddable":true,"href":"https:\/\/elmundodelosnegocios.com.do\/v1\/wp-json\/wp\/v2\/users\/2"}],"replies":[{"embeddable":true,"href":"https:\/\/elmundodelosnegocios.com.do\/v1\/wp-json\/wp\/v2\/comments?post=18689"}],"version-history":[{"count":0,"href":"https:\/\/elmundodelosnegocios.com.do\/v1\/wp-json\/wp\/v2\/posts\/18689\/revisions"}],"wp:featuredmedia":[{"embeddable":true,"href":"https:\/\/elmundodelosnegocios.com.do\/v1\/wp-json\/wp\/v2\/media\/18690"}],"wp:attachment":[{"href":"https:\/\/elmundodelosnegocios.com.do\/v1\/wp-json\/wp\/v2\/media?parent=18689"}],"wp:term":[{"taxonomy":"category","embeddable":true,"href":"https:\/\/elmundodelosnegocios.com.do\/v1\/wp-json\/wp\/v2\/categories?post=18689"},{"taxonomy":"post_tag","embeddable":true,"href":"https:\/\/elmundodelosnegocios.com.do\/v1\/wp-json\/wp\/v2\/tags?post=18689"}],"curies":[{"name":"wp","href":"https:\/\/api.w.org\/{rel}","templated":true}]}}