{"id":18699,"date":"2022-07-07T08:03:48","date_gmt":"2022-07-07T12:33:48","guid":{"rendered":"http:\/\/elmundodelosnegocios.com.do\/v1\/?p=18699"},"modified":"2022-07-07T08:41:43","modified_gmt":"2022-07-07T13:11:43","slug":"banco-popular-y-conadis-incrementaran-inclusion-bancaria-personas-discapacidad","status":"publish","type":"post","link":"https:\/\/elmundodelosnegocios.com.do\/v1\/banco-popular-y-conadis-incrementaran-inclusion-bancaria-personas-discapacidad\/","title":{"rendered":"Banco Popular y CONADIS incrementar\u00e1n inclusi\u00f3n bancaria personas discapacidad"},"content":{"rendered":"<p>Acuerdo se enmarca en el programa para clientes y colaboradores \u201cPopular para todos\u201d<\/p>\n<p>Santo Domingo, D.N. \u2013 El Banco Popular Dominicano y el Consejo Nacional de Discapacidad (CONADIS) firmaron un acuerdo de colaboraci\u00f3n con la finalidad de incrementar la igualdad de derechos, la inclusi\u00f3n y el acceso a los servicios y productos financieros de las personas con discapacidad a trav\u00e9s de la entidad bancaria.<\/p>\n<div id='gallery-1' class='gallery galleryid-18699 gallery-columns-2 gallery-size-large'><figure class='gallery-item'>\n\t\t\t<div class='gallery-icon landscape'>\n\t\t\t\t<a href='https:\/\/elmundodelosnegocios.com.do\/v1\/wp-content\/uploads\/2022\/07\/1-5.jpg'><img loading=\"lazy\" decoding=\"async\" width=\"844\" height=\"450\" src=\"https:\/\/elmundodelosnegocios.com.do\/v1\/wp-content\/uploads\/2022\/07\/1-5.jpg\" class=\"attachment-large size-large\" alt=\"De izquierda a derecha, los se\u00f1ores Maritza Botier, Soraya S\u00e1nchez, Antonia Ant\u00f3n de Hern\u00e1ndez, Osvaldo Canario, Mar\u00eda Povedano y Esteban Mart\u00ednez-Murga\" aria-describedby=\"gallery-1-18701\" srcset=\"https:\/\/elmundodelosnegocios.com.do\/v1\/wp-content\/uploads\/2022\/07\/1-5.jpg 844w, https:\/\/elmundodelosnegocios.com.do\/v1\/wp-content\/uploads\/2022\/07\/1-5-300x160.jpg 300w, https:\/\/elmundodelosnegocios.com.do\/v1\/wp-content\/uploads\/2022\/07\/1-5-768x409.jpg 768w\" sizes=\"auto, (max-width: 844px) 100vw, 844px\" \/><\/a>\n\t\t\t<\/div>\n\t\t\t\t<figcaption class='wp-caption-text gallery-caption' id='gallery-1-18701'>\n\t\t\t\tDe izquierda a derecha, los se\u00f1ores Maritza Botier, Soraya S\u00e1nchez, Antonia Ant\u00f3n de Hern\u00e1ndez, Osvaldo Canario, Mar\u00eda Povedano y Esteban Mart\u00ednez-Murga\n\t\t\t\t<\/figcaption><\/figure><figure class='gallery-item'>\n\t\t\t<div class='gallery-icon landscape'>\n\t\t\t\t<a href='https:\/\/elmundodelosnegocios.com.do\/v1\/wp-content\/uploads\/2022\/07\/2-3.jpg'><img loading=\"lazy\" decoding=\"async\" width=\"844\" height=\"450\" src=\"https:\/\/elmundodelosnegocios.com.do\/v1\/wp-content\/uploads\/2022\/07\/2-3.jpg\" class=\"attachment-large size-large\" alt=\"\" aria-describedby=\"gallery-1-18702\" srcset=\"https:\/\/elmundodelosnegocios.com.do\/v1\/wp-content\/uploads\/2022\/07\/2-3.jpg 844w, https:\/\/elmundodelosnegocios.com.do\/v1\/wp-content\/uploads\/2022\/07\/2-3-300x160.jpg 300w, https:\/\/elmundodelosnegocios.com.do\/v1\/wp-content\/uploads\/2022\/07\/2-3-768x409.jpg 768w\" sizes=\"auto, (max-width: 844px) 100vw, 844px\" \/><\/a>\n\t\t\t<\/div>\n\t\t\t\t<figcaption class='wp-caption-text gallery-caption' id='gallery-1-18702'>\n\t\t\t\tDe izquierda a derecha, los se\u00f1ores Antonia Ant\u00f3n de Hern\u00e1ndez, Osvaldo Canario y Mar\u00eda Povedano.\n\t\t\t\t<\/figcaption><\/figure><figure class='gallery-item'>\n\t\t\t<div class='gallery-icon landscape'>\n\t\t\t\t<a href='https:\/\/elmundodelosnegocios.com.do\/v1\/wp-content\/uploads\/2022\/07\/3.jpg'><img loading=\"lazy\" decoding=\"async\" width=\"844\" height=\"450\" src=\"https:\/\/elmundodelosnegocios.com.do\/v1\/wp-content\/uploads\/2022\/07\/3.jpg\" class=\"attachment-large size-large\" alt=\"\" aria-describedby=\"gallery-1-18703\" srcset=\"https:\/\/elmundodelosnegocios.com.do\/v1\/wp-content\/uploads\/2022\/07\/3.jpg 844w, https:\/\/elmundodelosnegocios.com.do\/v1\/wp-content\/uploads\/2022\/07\/3-300x160.jpg 300w, https:\/\/elmundodelosnegocios.com.do\/v1\/wp-content\/uploads\/2022\/07\/3-768x409.jpg 768w\" sizes=\"auto, (max-width: 844px) 100vw, 844px\" \/><\/a>\n\t\t\t<\/div>\n\t\t\t\t<figcaption class='wp-caption-text gallery-caption' id='gallery-1-18703'>\n\t\t\t\tEl Popular ha dise\u00f1ado un programa de pasant\u00edas y empleos para personas con discapacidad.\n\t\t\t\t<\/figcaption><\/figure><figure class='gallery-item'>\n\t\t\t<div class='gallery-icon landscape'>\n\t\t\t\t<a href='https:\/\/elmundodelosnegocios.com.do\/v1\/wp-content\/uploads\/2022\/07\/4.jpg'><img loading=\"lazy\" decoding=\"async\" width=\"844\" height=\"450\" src=\"https:\/\/elmundodelosnegocios.com.do\/v1\/wp-content\/uploads\/2022\/07\/4.jpg\" class=\"attachment-large size-large\" alt=\"\" aria-describedby=\"gallery-1-18704\" srcset=\"https:\/\/elmundodelosnegocios.com.do\/v1\/wp-content\/uploads\/2022\/07\/4.jpg 844w, https:\/\/elmundodelosnegocios.com.do\/v1\/wp-content\/uploads\/2022\/07\/4-300x160.jpg 300w, https:\/\/elmundodelosnegocios.com.do\/v1\/wp-content\/uploads\/2022\/07\/4-768x409.jpg 768w\" sizes=\"auto, (max-width: 844px) 100vw, 844px\" \/><\/a>\n\t\t\t<\/div>\n\t\t\t\t<figcaption class='wp-caption-text gallery-caption' id='gallery-1-18704'>\n\t\t\t\tLa entidad financiera ha definido pol\u00edticas internas para la atenci\u00f3n especializada de los clientes con discapacidad. \n\t\t\t\t<\/figcaption><\/figure><figure class='gallery-item'>\n\t\t\t<div class='gallery-icon landscape'>\n\t\t\t\t<a href='https:\/\/elmundodelosnegocios.com.do\/v1\/wp-content\/uploads\/2022\/07\/5.jpg'><img loading=\"lazy\" decoding=\"async\" width=\"844\" height=\"450\" src=\"https:\/\/elmundodelosnegocios.com.do\/v1\/wp-content\/uploads\/2022\/07\/5.jpg\" class=\"attachment-large size-large\" alt=\"\" aria-describedby=\"gallery-1-18705\" srcset=\"https:\/\/elmundodelosnegocios.com.do\/v1\/wp-content\/uploads\/2022\/07\/5.jpg 844w, https:\/\/elmundodelosnegocios.com.do\/v1\/wp-content\/uploads\/2022\/07\/5-300x160.jpg 300w, https:\/\/elmundodelosnegocios.com.do\/v1\/wp-content\/uploads\/2022\/07\/5-768x409.jpg 768w\" sizes=\"auto, (max-width: 844px) 100vw, 844px\" \/><\/a>\n\t\t\t<\/div>\n\t\t\t\t<figcaption class='wp-caption-text gallery-caption' id='gallery-1-18705'>\n\t\t\t\tLa se\u00f1ora Antonia Ant\u00f3n de Hern\u00e1ndez, vicepresidenta ejecutiva senior de Gesti\u00f3n Humana, Transformaci\u00f3n Cultural, Administraci\u00f3n de Cr\u00e9ditos y Cumplimiento del Banco Popular, y Osvaldo Canario, director del CONADIS.\n\t\t\t\t<\/figcaption><\/figure><figure class='gallery-item'>\n\t\t\t<div class='gallery-icon landscape'>\n\t\t\t\t<a href='https:\/\/elmundodelosnegocios.com.do\/v1\/wp-content\/uploads\/2022\/07\/6.jpg'><img loading=\"lazy\" decoding=\"async\" width=\"844\" height=\"450\" src=\"https:\/\/elmundodelosnegocios.com.do\/v1\/wp-content\/uploads\/2022\/07\/6.jpg\" class=\"attachment-large size-large\" alt=\"\" aria-describedby=\"gallery-1-18706\" srcset=\"https:\/\/elmundodelosnegocios.com.do\/v1\/wp-content\/uploads\/2022\/07\/6.jpg 844w, https:\/\/elmundodelosnegocios.com.do\/v1\/wp-content\/uploads\/2022\/07\/6-300x160.jpg 300w, https:\/\/elmundodelosnegocios.com.do\/v1\/wp-content\/uploads\/2022\/07\/6-768x409.jpg 768w\" sizes=\"auto, (max-width: 844px) 100vw, 844px\" \/><\/a>\n\t\t\t<\/div>\n\t\t\t\t<figcaption class='wp-caption-text gallery-caption' id='gallery-1-18706'>\n\t\t\t\tDe izquierda a derecha, los se\u00f1ores Antonia Ant\u00f3n de Hern\u00e1ndez, Osvaldo Canario y Mar\u00eda Povedano.\n\t\t\t\t<\/figcaption><\/figure><figure class='gallery-item'>\n\t\t\t<div class='gallery-icon landscape'>\n\t\t\t\t<a href='https:\/\/elmundodelosnegocios.com.do\/v1\/wp-content\/uploads\/2022\/07\/7.jpg'><img loading=\"lazy\" decoding=\"async\" width=\"844\" height=\"450\" src=\"https:\/\/elmundodelosnegocios.com.do\/v1\/wp-content\/uploads\/2022\/07\/7.jpg\" class=\"attachment-large size-large\" alt=\"\" aria-describedby=\"gallery-1-18707\" srcset=\"https:\/\/elmundodelosnegocios.com.do\/v1\/wp-content\/uploads\/2022\/07\/7.jpg 844w, https:\/\/elmundodelosnegocios.com.do\/v1\/wp-content\/uploads\/2022\/07\/7-300x160.jpg 300w, https:\/\/elmundodelosnegocios.com.do\/v1\/wp-content\/uploads\/2022\/07\/7-768x409.jpg 768w\" sizes=\"auto, (max-width: 844px) 100vw, 844px\" \/><\/a>\n\t\t\t<\/div>\n\t\t\t\t<figcaption class='wp-caption-text gallery-caption' id='gallery-1-18707'>\n\t\t\t\tLa entidad financiera ha definido pol\u00edticas internas para la atenci\u00f3n especializada de los clientes con discapacidad. \n\t\t\t\t<\/figcaption><\/figure><figure class='gallery-item'>\n\t\t\t<div class='gallery-icon landscape'>\n\t\t\t\t<a href='https:\/\/elmundodelosnegocios.com.do\/v1\/wp-content\/uploads\/2022\/07\/8.jpg'><img loading=\"lazy\" decoding=\"async\" width=\"844\" height=\"450\" src=\"https:\/\/elmundodelosnegocios.com.do\/v1\/wp-content\/uploads\/2022\/07\/8.jpg\" class=\"attachment-large size-large\" alt=\"\" aria-describedby=\"gallery-1-18708\" srcset=\"https:\/\/elmundodelosnegocios.com.do\/v1\/wp-content\/uploads\/2022\/07\/8.jpg 844w, https:\/\/elmundodelosnegocios.com.do\/v1\/wp-content\/uploads\/2022\/07\/8-300x160.jpg 300w, https:\/\/elmundodelosnegocios.com.do\/v1\/wp-content\/uploads\/2022\/07\/8-768x409.jpg 768w\" sizes=\"auto, (max-width: 844px) 100vw, 844px\" \/><\/a>\n\t\t\t<\/div>\n\t\t\t\t<figcaption class='wp-caption-text gallery-caption' id='gallery-1-18708'>\n\t\t\t\tEl banco coordina charlas de sensibilizaci\u00f3n sobre inclusi\u00f3n del servicio bancario tanto para colaboradores como para personas con discapacidad\n\t\t\t\t<\/figcaption><\/figure><figure class='gallery-item'>\n\t\t\t<div class='gallery-icon landscape'>\n\t\t\t\t<a href='https:\/\/elmundodelosnegocios.com.do\/v1\/wp-content\/uploads\/2022\/07\/9.jpg'><img loading=\"lazy\" decoding=\"async\" width=\"844\" height=\"450\" src=\"https:\/\/elmundodelosnegocios.com.do\/v1\/wp-content\/uploads\/2022\/07\/9.jpg\" class=\"attachment-large size-large\" alt=\"\" aria-describedby=\"gallery-1-18709\" srcset=\"https:\/\/elmundodelosnegocios.com.do\/v1\/wp-content\/uploads\/2022\/07\/9.jpg 844w, https:\/\/elmundodelosnegocios.com.do\/v1\/wp-content\/uploads\/2022\/07\/9-300x160.jpg 300w, https:\/\/elmundodelosnegocios.com.do\/v1\/wp-content\/uploads\/2022\/07\/9-768x409.jpg 768w\" sizes=\"auto, (max-width: 844px) 100vw, 844px\" \/><\/a>\n\t\t\t<\/div>\n\t\t\t\t<figcaption class='wp-caption-text gallery-caption' id='gallery-1-18709'>\n\t\t\t\tEn la actualidad existen 13 oficinas completamente adaptadas para personas con discapacidad motora f\u00edsica y discapacidad sensorial auditiva.\n\t\t\t\t<\/figcaption><\/figure><figure class='gallery-item'>\n\t\t\t<div class='gallery-icon landscape'>\n\t\t\t\t<a href='https:\/\/elmundodelosnegocios.com.do\/v1\/wp-content\/uploads\/2022\/07\/10.jpg'><img loading=\"lazy\" decoding=\"async\" width=\"844\" height=\"450\" src=\"https:\/\/elmundodelosnegocios.com.do\/v1\/wp-content\/uploads\/2022\/07\/10.jpg\" class=\"attachment-large size-large\" alt=\"\" aria-describedby=\"gallery-1-18710\" srcset=\"https:\/\/elmundodelosnegocios.com.do\/v1\/wp-content\/uploads\/2022\/07\/10.jpg 844w, https:\/\/elmundodelosnegocios.com.do\/v1\/wp-content\/uploads\/2022\/07\/10-300x160.jpg 300w, https:\/\/elmundodelosnegocios.com.do\/v1\/wp-content\/uploads\/2022\/07\/10-768x409.jpg 768w\" sizes=\"auto, (max-width: 844px) 100vw, 844px\" \/><\/a>\n\t\t\t<\/div>\n\t\t\t\t<figcaption class='wp-caption-text gallery-caption' id='gallery-1-18710'>\n\t\t\t\tLa web Popularenlinea.com, el principal canal digital, es accesible para clientes con diferentes niveles de discapacidad sensorial visual y cognitiva.\n\t\t\t\t<\/figcaption><\/figure>\n\t\t<\/div>\n\n<p>Esta iniciativa enfatiza el compromiso del banco con los Principios de Banca Responsable y los Objetivos de Desarrollo Sostenible de las Naciones Unidas para continuar reduciendo las barreras de acceso y el trato igualitario a las personas con discapacidad, profundizando as\u00ed la labor en marcha que est\u00e1 desarrollando con su programa \u201cPopular para todos\u201d, el cual se implementa tanto en los clientes como en los colaboradores del Banco Popular.<\/p>\n<p>En sus palabras para la firma de este acuerdo, la se\u00f1ora Antonia Ant\u00f3n de Hern\u00e1ndez, vicepresidenta ejecutiva senior de Gesti\u00f3n Humana, Transformaci\u00f3n Cultural, Administraci\u00f3n de Cr\u00e9ditos y Cumplimiento del Banco Popular, destac\u00f3 la transcendencia del programa \u201cPopular para Todos\u201d como parte de la visi\u00f3n sostenible que lleva a cabo la organizaci\u00f3n financiera.<\/p>\n<p>\u201cSin dudas, nuestra iniciativa impacta en el bienestar de las personas y en el desarrollo sostenible de la naci\u00f3n. Y como recuerdan los Objetivos de Desarrollo Sostenible, con \u00abPopular para Todos\u00bb no dejamos a nadie atr\u00e1s\u201d, subray\u00f3 la se\u00f1ora Ant\u00f3n.<\/p>\n<p>El director del CONADIS, doctor Osvaldo Canario, valor\u00f3 el acuerdo con la entidad bancaria, resaltando la labor que ha realizado el sector financiero en materia de inclusi\u00f3n, \u201cen especial las medidas adoptada por el Banco Popular\u201d.<br \/>\n\u201cDesde nuestra instituci\u00f3n estaremos acompa\u00f1\u00e1ndolos en el proceso de fortalecer las buenas pr\u00e1cticas e iniciativas con las que la instituci\u00f3n se ha comprometido y que promuevan la accesibilidad e inclusi\u00f3n\u201d, indic\u00f3 el funcionario p\u00fablico.<\/p>\n<p><strong>Charlas, orientaci\u00f3n, empleos y pol\u00edticas institucionales<\/strong><\/p>\n<p>En el marco de esta alianza, el Popular ha dise\u00f1ado un programa de pasant\u00edas y empleos para personas con discapacidad, coordina charlas de sensibilizaci\u00f3n sobre inclusi\u00f3n del servicio bancario tanto para colaboradores como para personas con discapacidad, y ha creado c\u00e1psulas inclusivas de atenci\u00f3n al cliente.<\/p>\n<p>Asimismo, la entidad financiera ha definido pol\u00edticas internas para la inclusi\u00f3n del personal con discapacidad y la atenci\u00f3n especializada del cliente que forme parte de esta poblaci\u00f3n. De igual forma, el banco contempla realizar un levantamiento para evaluar las remodelaciones y adecuaciones estructurales de las oficinas asignadas y su se\u00f1al\u00e9tica.<br \/>\nEn la actualidad ya cuenta con 13 oficinas completamente adaptadas para personas con discapacidad motora f\u00edsica y discapacidad sensorial auditiva, al contar con colaboradores entrenados en lengua de se\u00f1as que puedan brindar el servicio, al igual que su principal canal digital, la web Popularenlinea.com, que es accesible para clientes con diferentes niveles de discapacidad sensorial visual y discapacidad cognitiva.<\/p>\n<p>Como parte del acuerdo, CONADIS se comprometi\u00f3 a prestar asistencia para estas ejecutorias, facilitando el acompa\u00f1amiento, asesor\u00eda y soporte t\u00e9cnico en la materia para llevarlas a buen t\u00e9rmino.<\/p>\n","protected":false},"excerpt":{"rendered":"<p>Acuerdo se enmarca en el programa para clientes y colaboradores \u201cPopular para todos\u201d Santo Domingo, D.N. \u2013 El Banco Popular Dominicano y el Consejo Nacional de Discapacidad (CONADIS) firmaron un&hellip; <\/p>\n","protected":false},"author":2,"featured_media":18701,"comment_status":"closed","ping_status":"closed","sticky":false,"template":"","format":"standard","meta":{"fifu_image_url":"","fifu_image_alt":"","footnotes":""},"categories":[80],"tags":[],"class_list":["post-18699","post","type-post","status-publish","format-standard","has-post-thumbnail","hentry","category-salud"],"_links":{"self":[{"href":"https:\/\/elmundodelosnegocios.com.do\/v1\/wp-json\/wp\/v2\/posts\/18699","targetHints":{"allow":["GET"]}}],"collection":[{"href":"https:\/\/elmundodelosnegocios.com.do\/v1\/wp-json\/wp\/v2\/posts"}],"about":[{"href":"https:\/\/elmundodelosnegocios.com.do\/v1\/wp-json\/wp\/v2\/types\/post"}],"author":[{"embeddable":true,"href":"https:\/\/elmundodelosnegocios.com.do\/v1\/wp-json\/wp\/v2\/users\/2"}],"replies":[{"embeddable":true,"href":"https:\/\/elmundodelosnegocios.com.do\/v1\/wp-json\/wp\/v2\/comments?post=18699"}],"version-history":[{"count":0,"href":"https:\/\/elmundodelosnegocios.com.do\/v1\/wp-json\/wp\/v2\/posts\/18699\/revisions"}],"wp:featuredmedia":[{"embeddable":true,"href":"https:\/\/elmundodelosnegocios.com.do\/v1\/wp-json\/wp\/v2\/media\/18701"}],"wp:attachment":[{"href":"https:\/\/elmundodelosnegocios.com.do\/v1\/wp-json\/wp\/v2\/media?parent=18699"}],"wp:term":[{"taxonomy":"category","embeddable":true,"href":"https:\/\/elmundodelosnegocios.com.do\/v1\/wp-json\/wp\/v2\/categories?post=18699"},{"taxonomy":"post_tag","embeddable":true,"href":"https:\/\/elmundodelosnegocios.com.do\/v1\/wp-json\/wp\/v2\/tags?post=18699"}],"curies":[{"name":"wp","href":"https:\/\/api.w.org\/{rel}","templated":true}]}}