{"id":18720,"date":"2022-07-07T13:23:36","date_gmt":"2022-07-07T17:53:36","guid":{"rendered":"http:\/\/elmundodelosnegocios.com.do\/v1\/?p=18720"},"modified":"2022-07-07T13:23:36","modified_gmt":"2022-07-07T17:53:36","slug":"ministro-de-energia-y-minas-dictara-conferencia-republica-dominicana-en-el-mapa-global-de-la-energia","status":"publish","type":"post","link":"https:\/\/elmundodelosnegocios.com.do\/v1\/ministro-de-energia-y-minas-dictara-conferencia-republica-dominicana-en-el-mapa-global-de-la-energia\/","title":{"rendered":"Ministro de Energ\u00eda y Minas dictar\u00e1 conferencia \u201cRep\u00fablica Dominicana en el mapa global de la energ\u00eda\u201d"},"content":{"rendered":"<p>Santo Domingo. &#8211; El Ministro de Energ\u00eda y Minas, Antonio Almonte Reynoso, dictar\u00e1 la conferencia magistral \u201cRep\u00fablica Dominicana en el mapa global de la energ\u00eda\u201d, este jueves 14, a las 5:30 de la tarde, en el Auditorio Manuel del Cabral de la Biblioteca Pedro Mir, en la Universidad Aut\u00f3noma de Santo Domingo.<\/p>\n<p>La ponencia se enmarca dentro de la presentaci\u00f3n de la edici\u00f3n n\u00famero 14 de la revista Pa\u00eds Dominicano Tem\u00e1tico, que dirige el periodista Rafael Menoscal Reynoso.<\/p>\n<p>La disertaci\u00f3n del funcionario del gobierno ser\u00e1 comentada por los ingenieros Jos\u00e9 Luis Moreno San Juan, director del Instituto de Energ\u00eda de la Universidad Aut\u00f3noma de Santo Domingo (UASD), y Ziomara Reyes, acad\u00e9mica y especialista en la materia.<\/p>\n<p>Menoscal Reynoso explic\u00f3 que la nueva edici\u00f3n titulada \u201cEnerg\u00eda: generaci\u00f3n, distribuci\u00f3n y crisis global\u201d, la encabeza el Ministro Almonte Reynoso con una introducci\u00f3n de gran inter\u00e9s, en la que dilucida las l\u00edneas maestras de las autoridades para enfrentar las grandes dificultades del sistema energ\u00e9tico nacional.<\/p>\n<p>Tambi\u00e9n escriben, el director del Instituto de Energ\u00eda de la Universidad Aut\u00f3noma de Santo Domingo, Jos\u00e9 Luis Moreno San Juan; Mart\u00edn Robles Morillo, administrador general de la Empresa de Transmisi\u00f3n El\u00e9ctrica Dominicana (ETED); Enrique De Le\u00f3n, consultor especializado en descentralizaci\u00f3n del Estado, desarrollo local y municipios; Maritza Ruiz, investigadora del Observatorio Dominicano de Pol\u00edticas P\u00fablicas (ODPP) de la Universidad Aut\u00f3noma de Santo Domingo (UASD); Jos\u00e9 Antonio Balaguer, ingeniero electromec\u00e1nico, con m\u00e1s de 25 a\u00f1os de experiencia en desarrollo y gesti\u00f3n de proyectos de energ\u00eda, automatizaci\u00f3n y telecomunicaciones para empresas locales e internacionales.<\/p>\n<p>Participan, igualmente, Bernardo Castellanos, consultor energ\u00e9tico de instituciones financieras e inversionistas privados; Cristino S\u00e1nchez Rivera, ingeniero electromec\u00e1nico, con 30 a\u00f1os de experiencia en el sector el\u00e9ctrico; Bienvenido Mej\u00eda, miembro del Consejo Unificado de las EDES, y Jhonny Ram\u00f3n Cabrera Morel, experto certificado en Econom\u00eda de la Regulaci\u00f3n de Servicios P\u00fablicos y Tarifas.<\/p>\n<p>En el \u00e1mbito internacional, firma un art\u00edculo el uruguayo Ram\u00f3n M\u00e9ndez Galain, reconocido acad\u00e9mico, director nacional de Energ\u00eda del Gobierno del Uruguay, quien dise\u00f1\u00f3 la Pol\u00edtica Energ\u00e9tica de su pa\u00eds para el per\u00edodo 2008-2030. Esto ayud\u00f3 a transformar el panorama econ\u00f3mico de su pa\u00eds y lo llev\u00f3 a ser escogido por la revista Fortune como uno de los 50 principales l\u00edderes mundiales del 2016.<\/p>\n<p>Asimismo, escribe el guatemalteco Maximiliano Lainfiesta, catedr\u00e1tico universitario e instructor de temas de energ\u00eda renovable en diversas universidades de Am\u00e9rica, con m\u00e1s de 15 a\u00f1os de experiencia en la implementaci\u00f3n de sistemas sostenibles de energ\u00eda, que incluyen: energ\u00eda solar t\u00e9rmica, energ\u00eda solar y fotovoltaica, eficiencia energ\u00e9tica, almacenamiento de energ\u00eda, sistemas de energ\u00eda cr\u00edticos y deshidrataci\u00f3n solar. Se incluye, adem\u00e1s, a la espa\u00f1ola Carlota Ruiz, abogada ambientalista del Instituto Internacional de Derecho y Medio Ambiente.<\/p>\n<p>A la actividad est\u00e1n invitados el Presidente Luis Abinader y la Vicepresidenta Raquel Pe\u00f1a y han confirmado su participaci\u00f3n ministros, directores generales, funcionarios de distintos organismos del gobierno, congresistas, empresarios, representantes de organizaciones de la sociedad civil, acad\u00e9micos de universidades, ejecutivos de empresas el\u00e9ctricas, as\u00ed como de las altas cortes y dirigentes pol\u00edticos.<\/p>\n<p>El director de la revista Pa\u00eds Dominicano Tem\u00e1tico anunci\u00f3 que la pr\u00f3xima edici\u00f3n, correspondiente a septiembre, abordar\u00e1 el tema de la investigaci\u00f3n en materia educativa, mientras que el primer n\u00famero del 2023 se titular\u00e1 \u201cTurismo, desarrollo y relaciones exteriores en Rep\u00fablica Dominicana, el cual se presentar\u00e1 en enero del pr\u00f3ximo a\u00f1o, a fin de que se constituya en Publicaci\u00f3n Pa\u00eds en la Feria Internacional de Turismo de 2023, a celebrarse en Madrid, Espa\u00f1a.<\/p>\n","protected":false},"excerpt":{"rendered":"<p>Santo Domingo. &#8211; El Ministro de Energ\u00eda y Minas, Antonio Almonte Reynoso, dictar\u00e1 la conferencia magistral \u201cRep\u00fablica Dominicana en el mapa global de la energ\u00eda\u201d, este jueves 14, a las&hellip; <\/p>\n","protected":false},"author":2,"featured_media":18722,"comment_status":"closed","ping_status":"closed","sticky":false,"template":"","format":"standard","meta":{"fifu_image_url":"","fifu_image_alt":"","footnotes":""},"categories":[182],"tags":[],"class_list":["post-18720","post","type-post","status-publish","format-standard","has-post-thumbnail","hentry","category-energia"],"_links":{"self":[{"href":"https:\/\/elmundodelosnegocios.com.do\/v1\/wp-json\/wp\/v2\/posts\/18720","targetHints":{"allow":["GET"]}}],"collection":[{"href":"https:\/\/elmundodelosnegocios.com.do\/v1\/wp-json\/wp\/v2\/posts"}],"about":[{"href":"https:\/\/elmundodelosnegocios.com.do\/v1\/wp-json\/wp\/v2\/types\/post"}],"author":[{"embeddable":true,"href":"https:\/\/elmundodelosnegocios.com.do\/v1\/wp-json\/wp\/v2\/users\/2"}],"replies":[{"embeddable":true,"href":"https:\/\/elmundodelosnegocios.com.do\/v1\/wp-json\/wp\/v2\/comments?post=18720"}],"version-history":[{"count":0,"href":"https:\/\/elmundodelosnegocios.com.do\/v1\/wp-json\/wp\/v2\/posts\/18720\/revisions"}],"wp:featuredmedia":[{"embeddable":true,"href":"https:\/\/elmundodelosnegocios.com.do\/v1\/wp-json\/wp\/v2\/media\/18722"}],"wp:attachment":[{"href":"https:\/\/elmundodelosnegocios.com.do\/v1\/wp-json\/wp\/v2\/media?parent=18720"}],"wp:term":[{"taxonomy":"category","embeddable":true,"href":"https:\/\/elmundodelosnegocios.com.do\/v1\/wp-json\/wp\/v2\/categories?post=18720"},{"taxonomy":"post_tag","embeddable":true,"href":"https:\/\/elmundodelosnegocios.com.do\/v1\/wp-json\/wp\/v2\/tags?post=18720"}],"curies":[{"name":"wp","href":"https:\/\/api.w.org\/{rel}","templated":true}]}}