{"id":18734,"date":"2022-07-09T03:01:18","date_gmt":"2022-07-09T07:31:18","guid":{"rendered":"https:\/\/elmundodelosnegocios.com.do\/v1\/index.php\/2022\/07\/09\/andes-str-cierra-primer-fondo-institucional-para-invertir-en-propiedades-tipo-airbnb\/"},"modified":"2022-07-09T03:01:18","modified_gmt":"2022-07-09T07:31:18","slug":"andes-str-cierra-primer-fondo-institucional-para-invertir-en-propiedades-tipo-airbnb","status":"publish","type":"post","link":"https:\/\/elmundodelosnegocios.com.do\/v1\/andes-str-cierra-primer-fondo-institucional-para-invertir-en-propiedades-tipo-airbnb\/","title":{"rendered":"Andes STR Cierra Primer Fondo Institucional para Invertir en propiedades tipo Airbnb"},"content":{"rendered":"<p>AUSTIN, Texas&#8211;(BUSINESS WIRE)&#8211;Andes STR y WEG Capital anunciaron el cierre de WEG-Andes Fund I, su fondo inaugural de capital privado inmobiliario. Con apalancamiento, el fondo planea adquirir USD 25 millones en casas Single Family en su primera etapa.<\/p>\n<p>El fondo es el primero de su tipo como un veh\u00edculo enfocado exclusivamente en ayudar a inversionistas a obtener exposici\u00f3n a una cartera de propiedades de arriendo a corto plazo (STR por su sigla en ingl\u00e9s, o tipo Airbnb) para las cuales Andes STR brinda el servicio completo al inversionista, buscando, comprando y administrando las propiedades. El fondo se centrar\u00e1 en la compra de propiedades en el \u00e1rea de Orlando, FL, un lugar con una fuerte demanda durante todo el a\u00f1o y con buenos fundamentos a largo plazo.<\/p>\n<p>\u201cEs incre\u00edblemente dif\u00edcil invertir en propiedades de renta a corto plazo a gran escala. Lanzamos Andes STR para utilizar tecnolog\u00eda de punta con el fin de ayudar a inversionistas inmobiliarios disfrutar de los retornos atractivos que pueden entregar los arriendos tipo Airbnb. Este fondo demuestra que los inversionistas quieren invertir en la clase de activos y encuentran atractiva nuestra soluci\u00f3n completa y que aprovecha nuestra tecnolog\u00eda\u201d, dijo Sebasti\u00e1n Rivas, CEO y fundador de Andes STR.<\/p>\n<p>\u201cDesde que comenzamos las conversaciones con Andes en el tercer trimestre de 2021, hemos estado entusiasmados con la oportunidad de inversi\u00f3n de STR que podr\u00edamos brindar a nuestra base de clientes sofisticada y existente\u201d, coment\u00f3 Guillermo Arriagada, socio de WEG Capital. \u201cNo podr\u00edamos estar m\u00e1s contentos con la tecnolog\u00eda de punta, el perfil de retorno ajustado al riesgo, y el equipo ejecutivo de Andes STR. En este per\u00edodo de turbulencia econ\u00f3mica, nuestros clientes han expresado un gran inter\u00e9s en estos activos que brindan protecci\u00f3n contra la inflaci\u00f3n con gran potencial de retornos altos y excelente protecci\u00f3n a la baja\u201d.<\/p>\n<p>Matias Duhart, cofundador y gerente de inversiones de Andes STR, coment\u00f3: \u201cEstamos encantados de asociarnos con WEG en nuestro primer fondo institucional y esperamos trabajar con ellos en el futuro. La asociaci\u00f3n con WEG fue natural, dadas nuestras conexiones mutuas y la capacidad de conectar inversionistas internacionales sofisticados con propiedades de arriendos a corto plazo. Tambi\u00e9n les gust\u00f3 nuestro enfoque impulsado por la tecnolog\u00eda, utilizando machine learning para encontrar propiedades que muestren potencial para superar la inversi\u00f3n promedio\u201d.<\/p>\n<p>Se prev\u00e9 que WEG-Andes Fund I se invierta durante este a\u00f1o, y se mantenga invertido en un horizonte de tiempo total de cinco a\u00f1os. Los inversionistas en WEG-Andes Fund I incluyen Family Offices y ejecutivos de la industria financiera de Am\u00e9rica del Norte y del Sur, as\u00ed como los fundadores de Andes STR y WEG Capital Partners.<\/p>\n<p>DLA Piper LLP se desempe\u00f1\u00f3 como asesor externo del fondo.<\/p>\n<p>Este comunicado de prensa no pretende y no constituye una oferta de venta o la solicitud de una oferta de venta o la solicitud de una oferta de inversi\u00f3n en cualquier participaci\u00f3n en WEG-Andes Fund I o cualquier fondo adicional relacionado con STR, ni no habr\u00e1 ninguna venta de dicho inter\u00e9s en ninguna jurisdicci\u00f3n en la que dicha oferta, solicitud o venta sea ilegal antes del registro o la calificaci\u00f3n seg\u00fan las leyes de valores de dicha jurisdicci\u00f3n. Cualquier oferta, solicitud o inversi\u00f3n ha sido o ser\u00e1 estructurada para cumplir con las leyes de valores aplicables.<\/p>\n<p>Acerca de Andes STR<\/p>\n<p>Andes STR es una galardona empresa de tecnolog\u00eda de administraci\u00f3n de propiedades respaldada por algunas de las firmas de capital de riesgo m\u00e1s grandes y destacadas de EE. UU. Andes est\u00e1 dirigido por un equipo de clase mundial con la misi\u00f3n de revolucionar el mundo de la inversi\u00f3n en activos inmobiliarios mediante la transformaci\u00f3n de los arriendos a corto plazo en una clase de activo en la que sea f\u00e1cil invertir y est\u00e9 ampliamente disponible. La empresa emplea tecnolog\u00eda patentada para ofrecer a los inversionistas inversiones de arriendos a corto plazo llave en mano y orientadas a la rentabilidad. Andes se fund\u00f3 en 2021 y tiene su sede en Austin, TX. El equipo tiene experiencia invirtiendo y administrando carteras de arriendos a corto plazo desde 2018 en EE. UU., Canad\u00e1 y Chile. Para m\u00e1s informaci\u00f3n, visite https:\/\/andstr.com\/<\/p>\n<p>Acerca de WEG Capital<\/p>\n<p>WEG Capital es una firma de inversi\u00f3n global con sede en Santiago, Chile, que brinda servicios financieros, asesor\u00eda en finanzas corporativas y servicios de gesti\u00f3n de activos. Los socios fundadores tienen m\u00e1s de 20 a\u00f1os de experiencia brindando finanzas corporativas, estrategia de negocios, asesor\u00eda de inversi\u00f3n en activos alternativos y estructuraci\u00f3n de deuda privada. WEG Capital invierte de manera responsable en nombre de instituciones e individuos con el objetivo de preservar el capital, generar retornos atractivos y generar un impacto positivo para la comunidad. Para m\u00e1s informaci\u00f3n, visite https:\/\/wegcapital.cl\/<br \/>\n Contacts<br \/>\nMart\u00edn Zegers, Director de Desarrollo de Negocios (mzegers@andstr.com)<\/p>\n","protected":false},"excerpt":{"rendered":"<p>AUSTIN, Texas&#8211;(BUSINESS WIRE)&#8211;Andes STR y WEG Capital anunciaron el cierre de WEG-Andes Fund I, su fondo inaugural de capital privado inmobiliario. Con apalancamiento, el fondo planea adquirir USD 25 millones&hellip; <\/p>\n","protected":false},"author":2,"featured_media":18735,"comment_status":"closed","ping_status":"closed","sticky":false,"template":"","format":"standard","meta":{"fifu_image_url":"","fifu_image_alt":"","footnotes":""},"categories":[252],"tags":[253],"class_list":["post-18734","post","type-post","status-publish","format-standard","has-post-thumbnail","hentry","category-business-wire","tag-business-wire"],"_links":{"self":[{"href":"https:\/\/elmundodelosnegocios.com.do\/v1\/wp-json\/wp\/v2\/posts\/18734","targetHints":{"allow":["GET"]}}],"collection":[{"href":"https:\/\/elmundodelosnegocios.com.do\/v1\/wp-json\/wp\/v2\/posts"}],"about":[{"href":"https:\/\/elmundodelosnegocios.com.do\/v1\/wp-json\/wp\/v2\/types\/post"}],"author":[{"embeddable":true,"href":"https:\/\/elmundodelosnegocios.com.do\/v1\/wp-json\/wp\/v2\/users\/2"}],"replies":[{"embeddable":true,"href":"https:\/\/elmundodelosnegocios.com.do\/v1\/wp-json\/wp\/v2\/comments?post=18734"}],"version-history":[{"count":0,"href":"https:\/\/elmundodelosnegocios.com.do\/v1\/wp-json\/wp\/v2\/posts\/18734\/revisions"}],"wp:featuredmedia":[{"embeddable":true,"href":"https:\/\/elmundodelosnegocios.com.do\/v1\/wp-json\/wp\/v2\/media\/18735"}],"wp:attachment":[{"href":"https:\/\/elmundodelosnegocios.com.do\/v1\/wp-json\/wp\/v2\/media?parent=18734"}],"wp:term":[{"taxonomy":"category","embeddable":true,"href":"https:\/\/elmundodelosnegocios.com.do\/v1\/wp-json\/wp\/v2\/categories?post=18734"},{"taxonomy":"post_tag","embeddable":true,"href":"https:\/\/elmundodelosnegocios.com.do\/v1\/wp-json\/wp\/v2\/tags?post=18734"}],"curies":[{"name":"wp","href":"https:\/\/api.w.org\/{rel}","templated":true}]}}