{"id":18739,"date":"2022-07-11T08:40:29","date_gmt":"2022-07-11T13:10:29","guid":{"rendered":"http:\/\/elmundodelosnegocios.com.do\/v1\/?p=18739"},"modified":"2022-07-11T08:40:29","modified_gmt":"2022-07-11T13:10:29","slug":"campana-el-lado-positivo-del-banco-popular-gana-dos-premios-effie","status":"publish","type":"post","link":"https:\/\/elmundodelosnegocios.com.do\/v1\/campana-el-lado-positivo-del-banco-popular-gana-dos-premios-effie\/","title":{"rendered":"Campa\u00f1a \u201cEl Lado Positivo\u201d del Banco Popular gana dos premios Effie"},"content":{"rendered":"<p>Santo Domingo, D.N. \u2013 La campa\u00f1a institucional \u201c<a href=\"https:\/\/www.youtube.com\/watch?v=WXhYf96znJc\" target=\"_blank\" rel=\"noopener\">El Lado Positivo\u200b<\/a>\u00bb del Banco Popular Dominicano gan\u00f3 oro en la categor\u00eda \u201cReputaci\u00f3n Corporativa\u00bb y plata en \u201cImpacto Positivo &#8211; Bien Social\u00bb, en la tercera gala de los premios Effie Awards Rep\u00fablica Dominicana, culminando as\u00ed una trayectoria de premios nacionales e internacionales.<\/p>\n<p>Los galardones recibidos en los premios Effie, que organiza en el pa\u00eds la Asociaci\u00f3n Dominicana de Empresas de Comunicaci\u00f3n Comercial (ADECC), son los sextos que recibe esta campa\u00f1a institucional del Banco Popular, en una gala donde sobresali\u00f3 entre 205 piezas publicitarias finalistas, un 25% m\u00e1s que en las dos pasadas ediciones de estos premios.<\/p>\n<div id='gallery-1' class='gallery galleryid-18739 gallery-columns-2 gallery-size-large'><figure class='gallery-item'>\n\t\t\t<div class='gallery-icon landscape'>\n\t\t\t\t<a href='https:\/\/elmundodelosnegocios.com.do\/v1\/wp-content\/uploads\/2022\/07\/1-6.jpg'><img loading=\"lazy\" decoding=\"async\" width=\"844\" height=\"450\" src=\"https:\/\/elmundodelosnegocios.com.do\/v1\/wp-content\/uploads\/2022\/07\/1-6.jpg\" class=\"attachment-large size-large\" alt=\"\" srcset=\"https:\/\/elmundodelosnegocios.com.do\/v1\/wp-content\/uploads\/2022\/07\/1-6.jpg 844w, https:\/\/elmundodelosnegocios.com.do\/v1\/wp-content\/uploads\/2022\/07\/1-6-300x160.jpg 300w, https:\/\/elmundodelosnegocios.com.do\/v1\/wp-content\/uploads\/2022\/07\/1-6-768x409.jpg 768w\" sizes=\"auto, (max-width: 844px) 100vw, 844px\" \/><\/a>\n\t\t\t<\/div><\/figure><figure class='gallery-item'>\n\t\t\t<div class='gallery-icon landscape'>\n\t\t\t\t<a href='https:\/\/elmundodelosnegocios.com.do\/v1\/wp-content\/uploads\/2022\/07\/2-4.jpg'><img loading=\"lazy\" decoding=\"async\" width=\"844\" height=\"450\" src=\"https:\/\/elmundodelosnegocios.com.do\/v1\/wp-content\/uploads\/2022\/07\/2-4.jpg\" class=\"attachment-large size-large\" alt=\"\" srcset=\"https:\/\/elmundodelosnegocios.com.do\/v1\/wp-content\/uploads\/2022\/07\/2-4.jpg 844w, https:\/\/elmundodelosnegocios.com.do\/v1\/wp-content\/uploads\/2022\/07\/2-4-300x160.jpg 300w, https:\/\/elmundodelosnegocios.com.do\/v1\/wp-content\/uploads\/2022\/07\/2-4-768x409.jpg 768w\" sizes=\"auto, (max-width: 844px) 100vw, 844px\" \/><\/a>\n\t\t\t<\/div><\/figure>\n\t\t<\/div>\n\n<p>El prop\u00f3sito de los Effie es promover y reconocer la efectividad de las ideas y estrategias en las comunicaciones comerciales e institucionales, siendo considerado uno de los premios m\u00e1s apreciados en el mundo del mercadeo y la comunicaci\u00f3n.<\/p>\n<p><strong>Otros premios recibidos<\/strong><\/p>\n<p>A nivel internacional, \u201cEl Lado Positivo\u00bb obtuvo, en Estados Unidos, el\u00a0<a href=\"https:\/\/www.popularenlinea.com\/Personas\/sala-de-prensa\/Pages\/El-Lado-Positivo-del-Popular-gana-oro-en-premios-internacionales-Stevie-Awards.aspx\" target=\"_blank\" rel=\"noopener\">Stevie\u00ae Award de Oro<\/a>\u00a0a la Mejor Campa\u00f1a de Comunicaciones y Relaciones P\u00fablicas en la categor\u00eda Servicio P\u00fablico del A\u00f1o; en M\u00e9xico, el premio\u00a0<a href=\"https:\/\/www.popularenlinea.com\/Personas\/sala-de-prensa\/Pages\/El-Lado-Positivo-gana-SABRE-Awards-mejor-campana-Caribe.aspx\" target=\"_blank\" rel=\"noopener\">SABRE Latam<\/a>\u00a0a la mejor campa\u00f1a de la regi\u00f3n del Caribe y, en Espa\u00f1a, el galard\u00f3n a la mejor Campa\u00f1a de Comunicaci\u00f3n de Coronavirus, en la categor\u00eda de Comunicaci\u00f3n Responsable, de los\u00a0<a href=\"https:\/\/www.popularenlinea.com\/Personas\/sala-de-prensa\/Pages\/El-Lado-Positivo-premiada-Espana-premio-Corresponsables.aspx\" target=\"_blank\" rel=\"noopener\">Premios Corresponsables Iberoam\u00e9rica<\/a>, organizados por la Fundaci\u00f3n Corresponsables.<\/p>\n<p>Adem\u00e1s de los Effie, en la Rep\u00fablica Dominicana la campa\u00f1a fue reconocida con el premio\u00a0<a href=\"https:\/\/www.popularenlinea.com\/Personas\/sala-de-prensa\/Pages\/Campana-del-Banco-Popular-El-lado-positivo-es-reconocida-localmente.aspx\" target=\"_blank\" rel=\"noopener\">Factor de \u00c9xito Oro\u200b<\/a>, por parte de la ADECC y la revista Factor de \u00c9xito, y como mejor campa\u00f1a de comunicaci\u00f3n en la Jornada de Comunicaci\u00f3n Corporativa 2021 de la Pontificia Universidad Cat\u00f3lica Madre y Maestra.<\/p>\n<p><strong>Mensaje de resiliencia colectiva\u00a0<\/strong><\/p>\n<p>Lanzada en enero de 2021, \u201cEl Lado Positivo\u00bb se compuso de piezas audiovisuales, impresas, radiales y para el ecosistema digital, que en su conjunto motivaban la reflexi\u00f3n, a valorar lo bueno con lo que se cuenta y aunar esfuerzos colectivos para contribuir con la reactivaci\u00f3n econ\u00f3mica y social del pa\u00eds, con un mensaje de esperanza y resiliencia.<\/p>\n<p>La agencia de publicidad Cazar3 fue la responsable de la ejecuci\u00f3n de esta campa\u00f1a institucional y la productora Kokaleka de su producci\u00f3n, junto al acompa\u00f1amiento del banco.<\/p>\n<p><strong>Premios Effie a AFP Popular<\/strong><\/p>\n<p>Por su parte, AFP Popular, tambi\u00e9n filial del Grupo Popular, recibi\u00f3 otros dos galardones Effie por su campa\u00f1a \u201cYo hablo con Santa\u00bb, en la que se invitaba a las familias a registrarse para que sus hijos peque\u00f1os recibieran una videollamada personalizada de Santa Claus durante sus vacaciones navide\u00f1as y compartieran con \u00e9l sus cartas y sue\u00f1os de Navidad.<\/p>\n<p>Esta campa\u00f1a, tambi\u00e9n ejecutada por la agencia Cazar3, obtuvo plata en la categor\u00eda de \u201cSeasonal Marketing\u00bb y bronce en \u201cExperiencial Marketing: live y digital\u00bb. Su mensaje central se bas\u00f3 en acercar la magia y la felicidad de la Navidad a todos los hogares por medio de la tecnolog\u00eda, salvando as\u00ed las limitaciones ocasionadas por la pandemia de la COVID-19.<\/p>\n","protected":false},"excerpt":{"rendered":"<p>Santo Domingo, D.N. \u2013 La campa\u00f1a institucional \u201cEl Lado Positivo\u200b\u00bb del Banco Popular Dominicano gan\u00f3 oro en la categor\u00eda \u201cReputaci\u00f3n Corporativa\u00bb y plata en \u201cImpacto Positivo &#8211; Bien Social\u00bb, en&hellip; <\/p>\n","protected":false},"author":2,"featured_media":18741,"comment_status":"closed","ping_status":"closed","sticky":false,"template":"","format":"standard","meta":{"fifu_image_url":"","fifu_image_alt":"","footnotes":""},"categories":[66],"tags":[],"class_list":["post-18739","post","type-post","status-publish","format-standard","has-post-thumbnail","hentry","category-publicidad-promocion-investigacion"],"_links":{"self":[{"href":"https:\/\/elmundodelosnegocios.com.do\/v1\/wp-json\/wp\/v2\/posts\/18739","targetHints":{"allow":["GET"]}}],"collection":[{"href":"https:\/\/elmundodelosnegocios.com.do\/v1\/wp-json\/wp\/v2\/posts"}],"about":[{"href":"https:\/\/elmundodelosnegocios.com.do\/v1\/wp-json\/wp\/v2\/types\/post"}],"author":[{"embeddable":true,"href":"https:\/\/elmundodelosnegocios.com.do\/v1\/wp-json\/wp\/v2\/users\/2"}],"replies":[{"embeddable":true,"href":"https:\/\/elmundodelosnegocios.com.do\/v1\/wp-json\/wp\/v2\/comments?post=18739"}],"version-history":[{"count":0,"href":"https:\/\/elmundodelosnegocios.com.do\/v1\/wp-json\/wp\/v2\/posts\/18739\/revisions"}],"wp:featuredmedia":[{"embeddable":true,"href":"https:\/\/elmundodelosnegocios.com.do\/v1\/wp-json\/wp\/v2\/media\/18741"}],"wp:attachment":[{"href":"https:\/\/elmundodelosnegocios.com.do\/v1\/wp-json\/wp\/v2\/media?parent=18739"}],"wp:term":[{"taxonomy":"category","embeddable":true,"href":"https:\/\/elmundodelosnegocios.com.do\/v1\/wp-json\/wp\/v2\/categories?post=18739"},{"taxonomy":"post_tag","embeddable":true,"href":"https:\/\/elmundodelosnegocios.com.do\/v1\/wp-json\/wp\/v2\/tags?post=18739"}],"curies":[{"name":"wp","href":"https:\/\/api.w.org\/{rel}","templated":true}]}}