{"id":18817,"date":"2022-07-16T03:00:57","date_gmt":"2022-07-16T07:30:57","guid":{"rendered":"https:\/\/elmundodelosnegocios.com.do\/v1\/index.php\/2022\/07\/16\/resumen-la-empresa-de-tecnologia-de-nominas-mercans-incorpora-a-andre-voolaid-a-su-consejo-de-administracion\/"},"modified":"2022-07-16T03:00:57","modified_gmt":"2022-07-16T07:30:57","slug":"resumen-la-empresa-de-tecnologia-de-nominas-mercans-incorpora-a-andre-voolaid-a-su-consejo-de-administracion","status":"publish","type":"post","link":"https:\/\/elmundodelosnegocios.com.do\/v1\/resumen-la-empresa-de-tecnologia-de-nominas-mercans-incorpora-a-andre-voolaid-a-su-consejo-de-administracion\/","title":{"rendered":"Resumen: La empresa de tecnolog\u00eda de n\u00f3minas Mercans incorpora a Andre Voolaid a su consejo de administraci\u00f3n"},"content":{"rendered":"<p>LONDRES&#8211;(BUSINESS WIRE)&#8211;Los accionistas de Mercans han designado a Andre Voolaid, director de tecnolog\u00eda (CTO) de la empresa desde hace tiempo, como nuevo miembro de su consejo de administraci\u00f3n.<\/p>\n<p>El consejo de administraci\u00f3n de Mercans ha declarado: \u00abLa incorporaci\u00f3n de Andre al consejo demuestra la visi\u00f3n de Mercans de convertirse en l\u00edder a nivel mundial en tecnolog\u00eda de n\u00f3minas. Hemos creado productos basados en tecnolog\u00eda de n\u00f3minas de primera clase y la experiencia t\u00e9cnica de Andre es inestimable para nuestra estrategia de crear soluciones disruptivas que transformen los sectores globales de n\u00f3minas y empleadores\u00bb.<\/p>\n<p>La incorporaci\u00f3n se produce tras varios nombramientos a nivel ejecutivo en las filas de la alta direcci\u00f3n de Mercans y es un testimonio de los ambiciosos planes de crecimiento de la empresa.<\/p>\n<p>El comunicado en el idioma original es la versi\u00f3n oficial y autorizada del mismo. Esta traducci\u00f3n es solamente un medio de ayuda y deber\u00e1 ser comparada con el texto en idioma original, que es la \u00fanica versi\u00f3n del texto que tendr\u00e1 validez legal.<br \/>\n Contacts<br \/>\nMohsin KhanDigital Marketing &amp; Communications Manager, mkhan@mercans.com<\/p>\n","protected":false},"excerpt":{"rendered":"<p>LONDRES&#8211;(BUSINESS WIRE)&#8211;Los accionistas de Mercans han designado a Andre Voolaid, director de tecnolog\u00eda (CTO) de la empresa desde hace tiempo, como nuevo miembro de su consejo de administraci\u00f3n. El consejo&hellip; <\/p>\n","protected":false},"author":2,"featured_media":18818,"comment_status":"closed","ping_status":"closed","sticky":false,"template":"","format":"standard","meta":{"fifu_image_url":"","fifu_image_alt":"","footnotes":""},"categories":[252],"tags":[253],"class_list":["post-18817","post","type-post","status-publish","format-standard","has-post-thumbnail","hentry","category-business-wire","tag-business-wire"],"_links":{"self":[{"href":"https:\/\/elmundodelosnegocios.com.do\/v1\/wp-json\/wp\/v2\/posts\/18817","targetHints":{"allow":["GET"]}}],"collection":[{"href":"https:\/\/elmundodelosnegocios.com.do\/v1\/wp-json\/wp\/v2\/posts"}],"about":[{"href":"https:\/\/elmundodelosnegocios.com.do\/v1\/wp-json\/wp\/v2\/types\/post"}],"author":[{"embeddable":true,"href":"https:\/\/elmundodelosnegocios.com.do\/v1\/wp-json\/wp\/v2\/users\/2"}],"replies":[{"embeddable":true,"href":"https:\/\/elmundodelosnegocios.com.do\/v1\/wp-json\/wp\/v2\/comments?post=18817"}],"version-history":[{"count":0,"href":"https:\/\/elmundodelosnegocios.com.do\/v1\/wp-json\/wp\/v2\/posts\/18817\/revisions"}],"wp:featuredmedia":[{"embeddable":true,"href":"https:\/\/elmundodelosnegocios.com.do\/v1\/wp-json\/wp\/v2\/media\/18818"}],"wp:attachment":[{"href":"https:\/\/elmundodelosnegocios.com.do\/v1\/wp-json\/wp\/v2\/media?parent=18817"}],"wp:term":[{"taxonomy":"category","embeddable":true,"href":"https:\/\/elmundodelosnegocios.com.do\/v1\/wp-json\/wp\/v2\/categories?post=18817"},{"taxonomy":"post_tag","embeddable":true,"href":"https:\/\/elmundodelosnegocios.com.do\/v1\/wp-json\/wp\/v2\/tags?post=18817"}],"curies":[{"name":"wp","href":"https:\/\/api.w.org\/{rel}","templated":true}]}}