{"id":19122,"date":"2022-08-02T09:11:10","date_gmt":"2022-08-02T13:41:10","guid":{"rendered":"http:\/\/elmundodelosnegocios.com.do\/v1\/?p=19122"},"modified":"2022-08-04T09:13:17","modified_gmt":"2022-08-04T13:43:17","slug":"un-dia-de-belleza-en-el-dreams-dominicus-la-romana","status":"publish","type":"post","link":"https:\/\/elmundodelosnegocios.com.do\/v1\/un-dia-de-belleza-en-el-dreams-dominicus-la-romana\/","title":{"rendered":"Un d\u00eda de belleza en el Dreams Dominicus La Romana"},"content":{"rendered":"<p>La belleza natural e integral de la mujer fue el tema central en la celebraci\u00f3n del <strong>\u201cBeauty Brunch Summer 2022\u201d<\/strong>, en su tercera edici\u00f3n, que tuvo como escenario el Dreams Dominicus La Romana, como parte de la campa\u00f1a de verano \u201cVacation Mode: Activated\u201d, de la cadena hotelera AMR Collection, que es parte de la cartera de marcas de Hyatt.<\/p>\n<p>En este \u00edntimo encuentro, que organiza Karina Fabi\u00e1n, asesora de imagen, decoradora de interiores y especialista en dise\u00f1o, con m\u00e1s de 10 a\u00f1os de experiencia en el mundo de la moda, se desarrollaron diferentes temas en busca de orientar a las asistentes a c\u00f3mo cuidar y resaltar su belleza.<\/p>\n<p>\u201cLas puertas del Dreams Dominicus La Romana siempre estar\u00e1n abiertas para eventos como el Beauty Brunch Summer; que motiven el crecimiento de la mujer y que le brinde las herramientas necesarias para realzar su belleza natural de manera \u00edntegra, contribuyendo a mejorar su autoestima y seguridad\u201d, expuso Elsa Ram\u00edrez Toca, gerente de Marketing &amp; Comunicaciones de AMR Collection.<\/p>\n<p>Con el prop\u00f3sito de concienciar acerca del cuidado de su cuerpo, se desglosaron diversos puntos importantes, entre ellos la forma correcta de crear rutinas de belleza que favorezcan la piel y c\u00f3mo cuidar de ella, principalmente durante la temporada de verano.<\/p>\n<p>Para estos temas se cont\u00f3 con la participaci\u00f3n y experiencia en el \u00e1rea de Kirshe Pi\u00f1eiro, doctora en Medicina Est\u00e9tica y Antiaging, quien se ha dado a conocer por ser una promotora de la belleza natural e integral y por acompa\u00f1ar a cientos de mujeres a envejecer con gracia y am\u00e1ndose a s\u00ed mismas.<\/p>\n","protected":false},"excerpt":{"rendered":"<p>La belleza natural e integral de la mujer fue el tema central en la celebraci\u00f3n del \u201cBeauty Brunch Summer 2022\u201d, en su tercera edici\u00f3n, que tuvo como escenario el Dreams&hellip; <\/p>\n","protected":false},"author":2,"featured_media":19124,"comment_status":"closed","ping_status":"closed","sticky":false,"template":"","format":"standard","meta":{"fifu_image_url":"","fifu_image_alt":"","footnotes":""},"categories":[105],"tags":[],"class_list":["post-19122","post","type-post","status-publish","format-standard","has-post-thumbnail","hentry","category-moda"],"_links":{"self":[{"href":"https:\/\/elmundodelosnegocios.com.do\/v1\/wp-json\/wp\/v2\/posts\/19122","targetHints":{"allow":["GET"]}}],"collection":[{"href":"https:\/\/elmundodelosnegocios.com.do\/v1\/wp-json\/wp\/v2\/posts"}],"about":[{"href":"https:\/\/elmundodelosnegocios.com.do\/v1\/wp-json\/wp\/v2\/types\/post"}],"author":[{"embeddable":true,"href":"https:\/\/elmundodelosnegocios.com.do\/v1\/wp-json\/wp\/v2\/users\/2"}],"replies":[{"embeddable":true,"href":"https:\/\/elmundodelosnegocios.com.do\/v1\/wp-json\/wp\/v2\/comments?post=19122"}],"version-history":[{"count":0,"href":"https:\/\/elmundodelosnegocios.com.do\/v1\/wp-json\/wp\/v2\/posts\/19122\/revisions"}],"wp:featuredmedia":[{"embeddable":true,"href":"https:\/\/elmundodelosnegocios.com.do\/v1\/wp-json\/wp\/v2\/media\/19124"}],"wp:attachment":[{"href":"https:\/\/elmundodelosnegocios.com.do\/v1\/wp-json\/wp\/v2\/media?parent=19122"}],"wp:term":[{"taxonomy":"category","embeddable":true,"href":"https:\/\/elmundodelosnegocios.com.do\/v1\/wp-json\/wp\/v2\/categories?post=19122"},{"taxonomy":"post_tag","embeddable":true,"href":"https:\/\/elmundodelosnegocios.com.do\/v1\/wp-json\/wp\/v2\/tags?post=19122"}],"curies":[{"name":"wp","href":"https:\/\/api.w.org\/{rel}","templated":true}]}}