{"id":19142,"date":"2022-08-05T10:01:16","date_gmt":"2022-08-05T14:31:16","guid":{"rendered":"http:\/\/elmundodelosnegocios.com.do\/v1\/?p=19142"},"modified":"2022-08-05T10:01:16","modified_gmt":"2022-08-05T14:31:16","slug":"superintendencia-de-salud-y-riesgos-laborales-inaugura-punto-gob-en-sambil","status":"publish","type":"post","link":"https:\/\/elmundodelosnegocios.com.do\/v1\/superintendencia-de-salud-y-riesgos-laborales-inaugura-punto-gob-en-sambil\/","title":{"rendered":"Superintendencia de Salud y Riesgos Laborales inaugura punto GOB en Sambil"},"content":{"rendered":"<p>Santo Domingo.- Con la intenci\u00f3n de\u00a0<strong>acercar a los usuarios los servicios ofrecidos por la Superintendencia de Salud y Riesgos Laborales (SISALRIL),<\/strong>\u00a0se efectu\u00f3\u00a0<strong>la apertura de un Centro de Atenci\u00f3n al Ciudadano en el Punto GOB ubicado en la plaza Sambil.<\/strong><\/p>\n<p>En este nuevo espacio caracterizado por la modernidad y eficacia de los Puntos GOB,\u00a0<strong>los usuarios podr\u00e1n obtener informaci\u00f3n sobre el Seguro de Riesgos Laborales (SRL) y el Seguro Familiar de Salud (SFS), as\u00ed como los subsidios por maternidad, lactancia y enfermedad com\u00fan.<\/strong><\/p>\n<p>De igual forma, podr\u00e1n gestionar respuesta, peticiones, quejas y reclamos referentes a investigaciones de afiliaci\u00f3n y traspasos irregulares, casos de gesti\u00f3n de afiliaci\u00f3n y renuncias al Plan Especial de Pensionados, actualizaciones de datos en el padr\u00f3n, entre otras gestiones. En este espacio los Promotores de Salud, tanto f\u00edsicos como morales, tambi\u00e9n podr\u00e1n recibir informaci\u00f3n sobre la acreditaci\u00f3n y renovaci\u00f3n de sus licencias.<\/p>\n<p><img loading=\"lazy\" decoding=\"async\" src=\"https:\/\/presidencia.gob.do\/sites\/default\/files\/content\/2_89.jpeg\" alt=\"\" width=\"1280\" height=\"854\" data-entity-type=\"file\" data-entity-uuid=\"6956296e-38f8-45a0-9ec3-6f579efa8a15\" \/><\/p>\n<p><em>\u201cDe esta manera ayudamos a acercar los servicios de la SISALRIL a los ciudadanos, ahorr\u00e1ndoles tiempo y dinero en desplazamientos; pero adem\u00e1s, con este nuevo punto cooperamos a la descentralizaci\u00f3n de los servicios p\u00fablicos, ampliando el acceso a las informaciones y gestiones estatales\u201d,<\/em>\u00a0expres\u00f3 el Dr. Jes\u00fas Feris Iglesias, superintendente de la SISALRIL.<\/p>\n<p>En la inauguraci\u00f3n estuvo presente el director general de la\u00a0<strong>Oficina Gubernamental de Tecnolog\u00edas de la Informaci\u00f3n y Comunicaci\u00f3n (OGTIC), el Lic. Pedro Quezada<\/strong>, quien indic\u00f3 su satisfacci\u00f3n con la integraci\u00f3n de los servicios de la SISALRIL en los\u00a0<strong>Centros de Servicios Presenciales o Puntos GOB.\u00a0<\/strong><em>\u00abCon esta apertura estamos cumpliendo con los deseos del Presidente de la Rep\u00fablica, Luis Abinader, quien ha asumido el reto de llevar los servicios p\u00fablicos a los ciudadanos. La incorporaci\u00f3n de la SISALRIL en el Punto GOB Sambil, busca agregar valor y calidad a los servicios p\u00fablicos\u00bb.<\/em><\/p>\n<p>El Punto GOB SISALRIL en Sambil\u00a0<strong>estar\u00e1 disponible en horario extendido de lunes a viernes de 8:00 a.m. a 8:00 p.m., y los s\u00e1bados de 8:00 a.m. a 4:00 p.m.<\/strong><\/p>\n","protected":false},"excerpt":{"rendered":"<p>Santo Domingo.- Con la intenci\u00f3n de\u00a0acercar a los usuarios los servicios ofrecidos por la Superintendencia de Salud y Riesgos Laborales (SISALRIL),\u00a0se efectu\u00f3\u00a0la apertura de un Centro de Atenci\u00f3n al Ciudadano&hellip; <\/p>\n","protected":false},"author":2,"featured_media":19143,"comment_status":"closed","ping_status":"closed","sticky":false,"template":"","format":"standard","meta":{"fifu_image_url":"","fifu_image_alt":"","footnotes":""},"categories":[80],"tags":[],"class_list":["post-19142","post","type-post","status-publish","format-standard","has-post-thumbnail","hentry","category-salud"],"_links":{"self":[{"href":"https:\/\/elmundodelosnegocios.com.do\/v1\/wp-json\/wp\/v2\/posts\/19142","targetHints":{"allow":["GET"]}}],"collection":[{"href":"https:\/\/elmundodelosnegocios.com.do\/v1\/wp-json\/wp\/v2\/posts"}],"about":[{"href":"https:\/\/elmundodelosnegocios.com.do\/v1\/wp-json\/wp\/v2\/types\/post"}],"author":[{"embeddable":true,"href":"https:\/\/elmundodelosnegocios.com.do\/v1\/wp-json\/wp\/v2\/users\/2"}],"replies":[{"embeddable":true,"href":"https:\/\/elmundodelosnegocios.com.do\/v1\/wp-json\/wp\/v2\/comments?post=19142"}],"version-history":[{"count":0,"href":"https:\/\/elmundodelosnegocios.com.do\/v1\/wp-json\/wp\/v2\/posts\/19142\/revisions"}],"wp:featuredmedia":[{"embeddable":true,"href":"https:\/\/elmundodelosnegocios.com.do\/v1\/wp-json\/wp\/v2\/media\/19143"}],"wp:attachment":[{"href":"https:\/\/elmundodelosnegocios.com.do\/v1\/wp-json\/wp\/v2\/media?parent=19142"}],"wp:term":[{"taxonomy":"category","embeddable":true,"href":"https:\/\/elmundodelosnegocios.com.do\/v1\/wp-json\/wp\/v2\/categories?post=19142"},{"taxonomy":"post_tag","embeddable":true,"href":"https:\/\/elmundodelosnegocios.com.do\/v1\/wp-json\/wp\/v2\/tags?post=19142"}],"curies":[{"name":"wp","href":"https:\/\/api.w.org\/{rel}","templated":true}]}}