{"id":19149,"date":"2022-08-05T16:33:00","date_gmt":"2022-08-05T21:03:00","guid":{"rendered":"http:\/\/elmundodelosnegocios.com.do\/v1\/?p=19149"},"modified":"2022-08-05T16:33:00","modified_gmt":"2022-08-05T21:03:00","slug":"realizara-el-popular-su-primera-feria-vehiculos-usados","status":"publish","type":"post","link":"https:\/\/elmundodelosnegocios.com.do\/v1\/realizara-el-popular-su-primera-feria-vehiculos-usados\/","title":{"rendered":"Realizara El Popular su primera Feria Veh\u00edculos Usados"},"content":{"rendered":"<p><span style=\"font-weight: 400;\">Santo Domingo, D.N.\u2013 El Banco Popular Dominicano inici\u00f3 su primera Feria de Veh\u00edculos Usados que se prolongar\u00e1 durante todo el mes de agosto hasta el 3 de septiembre en 226 dealers o distribuidores autorizados y 23 casas importadoras de todo el pa\u00eds, ofreciendo a los clientes competitivas tasas de inter\u00e9s fijas entre uno y tres a\u00f1os.<\/span><\/p>\n<p><a href=\"http:\/\/elmundodelosnegocios.com.do\/v1\/wp-content\/uploads\/2022\/08\/00.jpeg\"><img loading=\"lazy\" decoding=\"async\" class=\"aligncenter size-full wp-image-19150\" src=\"http:\/\/elmundodelosnegocios.com.do\/v1\/wp-content\/uploads\/2022\/08\/00.jpeg\" alt=\"\" width=\"1024\" height=\"683\" srcset=\"https:\/\/elmundodelosnegocios.com.do\/v1\/wp-content\/uploads\/2022\/08\/00.jpeg 1024w, https:\/\/elmundodelosnegocios.com.do\/v1\/wp-content\/uploads\/2022\/08\/00-300x200.jpeg 300w, https:\/\/elmundodelosnegocios.com.do\/v1\/wp-content\/uploads\/2022\/08\/00-768x512.jpeg 768w\" sizes=\"auto, (max-width: 1024px) 100vw, 1024px\" \/><\/a><\/p>\n<p><span style=\"font-weight: 400;\">En la Feria de Veh\u00edculos Usados Popular, los interesados en adquirir un autom\u00f3vil disfrutar\u00e1n de la posibilidad de financiar hasta el 90% del valor del veh\u00edculo y un plazo para pagar de hasta 5 a\u00f1os, adem\u00e1s de la opci\u00f3n de pagar el seguro del veh\u00edculo en c\u00f3modas cuotas mensuales, sin intereses o poder adquirirlo a un precio preferencial.<\/span><\/p>\n<p><span style=\"font-weight: 400;\">Esta iniciativa refuerza el inter\u00e9s del Banco Popular en continuar dinamizando el parque automovil\u00edstico de la Rep\u00fablica Dominicana, con la introducci\u00f3n de unidades m\u00e1s eficientes y modernas, adem\u00e1s de ofrecer alternativas a sus clientes.<\/span><\/p>\n<p><a href=\"http:\/\/elmundodelosnegocios.com.do\/v1\/wp-content\/uploads\/2022\/08\/01.jpeg\"><img loading=\"lazy\" decoding=\"async\" class=\"aligncenter size-full wp-image-19151\" src=\"http:\/\/elmundodelosnegocios.com.do\/v1\/wp-content\/uploads\/2022\/08\/01.jpeg\" alt=\"\" width=\"1024\" height=\"683\" srcset=\"https:\/\/elmundodelosnegocios.com.do\/v1\/wp-content\/uploads\/2022\/08\/01.jpeg 1024w, https:\/\/elmundodelosnegocios.com.do\/v1\/wp-content\/uploads\/2022\/08\/01-300x200.jpeg 300w, https:\/\/elmundodelosnegocios.com.do\/v1\/wp-content\/uploads\/2022\/08\/01-768x512.jpeg 768w\" sizes=\"auto, (max-width: 1024px) 100vw, 1024px\" \/><\/a><\/p>\n<p><span style=\"font-weight: 400;\">Seg\u00fan explic\u00f3 el vicepresidente ejecutivo de Negocios Personales y Sucursales, se\u00f1or Francisco Ram\u00edrez, \u201ccon esta iniciativa en el Popular seguimos brindando productos que se adaptan a las distintas necesidades de nuestros clientes y contribuimos con ello a la econom\u00eda local, al dinamizar el mercado de veh\u00edculos usados y seminuevos en el pa\u00eds\u201d.<\/span><\/p>\n<p><b>Veh\u00edculos seminuevos\u00a0\u00a0\u00a0<\/b><\/p>\n<p><span style=\"font-weight: 400;\">Una de las principales novedades de la Feria de Veh\u00edculos Usados Popular es la introducci\u00f3n del pr\u00e9stamo para veh\u00edculos seminuevos. Se trata de un financiamiento especial para autom\u00f3viles con hasta dos a\u00f1os de antig\u00fcedad, con garant\u00eda vigente del importador, hasta tres a\u00f1os de tasas fijas fijas y, en adici\u00f3n, menores que las de veh\u00edculos usados. Los ingresos m\u00ednimos para optar por este financiamiento son de RD$20,000 mensuales.<\/span><\/p>\n<p><span style=\"font-weight: 400;\">En tanto, para facilitar la planificaci\u00f3n financiera de los adquirientes, en el portal web Popularenlinea.com\/Usados el Popular puso a su disposici\u00f3n una calculadora virtual, donde pueden calcular las cuotas del financiamiento, ahorrando tiempo en la toma de decisi\u00f3n antes de realizar una visita f\u00edsica a los distribuidores autorizados o importadores. Asimismo, a trav\u00e9s de la web se puede solicitar directamente el pr\u00e9stamo.<\/span><\/p>\n","protected":false},"excerpt":{"rendered":"<p>Santo Domingo, D.N.\u2013 El Banco Popular Dominicano inici\u00f3 su primera Feria de Veh\u00edculos Usados que se prolongar\u00e1 durante todo el mes de agosto hasta el 3 de septiembre en 226&hellip; <\/p>\n","protected":false},"author":2,"featured_media":19150,"comment_status":"closed","ping_status":"closed","sticky":false,"template":"","format":"standard","meta":{"fifu_image_url":"","fifu_image_alt":"","footnotes":""},"categories":[180],"tags":[],"class_list":["post-19149","post","type-post","status-publish","format-standard","has-post-thumbnail","hentry","category-banca"],"_links":{"self":[{"href":"https:\/\/elmundodelosnegocios.com.do\/v1\/wp-json\/wp\/v2\/posts\/19149","targetHints":{"allow":["GET"]}}],"collection":[{"href":"https:\/\/elmundodelosnegocios.com.do\/v1\/wp-json\/wp\/v2\/posts"}],"about":[{"href":"https:\/\/elmundodelosnegocios.com.do\/v1\/wp-json\/wp\/v2\/types\/post"}],"author":[{"embeddable":true,"href":"https:\/\/elmundodelosnegocios.com.do\/v1\/wp-json\/wp\/v2\/users\/2"}],"replies":[{"embeddable":true,"href":"https:\/\/elmundodelosnegocios.com.do\/v1\/wp-json\/wp\/v2\/comments?post=19149"}],"version-history":[{"count":0,"href":"https:\/\/elmundodelosnegocios.com.do\/v1\/wp-json\/wp\/v2\/posts\/19149\/revisions"}],"wp:featuredmedia":[{"embeddable":true,"href":"https:\/\/elmundodelosnegocios.com.do\/v1\/wp-json\/wp\/v2\/media\/19150"}],"wp:attachment":[{"href":"https:\/\/elmundodelosnegocios.com.do\/v1\/wp-json\/wp\/v2\/media?parent=19149"}],"wp:term":[{"taxonomy":"category","embeddable":true,"href":"https:\/\/elmundodelosnegocios.com.do\/v1\/wp-json\/wp\/v2\/categories?post=19149"},{"taxonomy":"post_tag","embeddable":true,"href":"https:\/\/elmundodelosnegocios.com.do\/v1\/wp-json\/wp\/v2\/tags?post=19149"}],"curies":[{"name":"wp","href":"https:\/\/api.w.org\/{rel}","templated":true}]}}