{"id":19162,"date":"2022-08-07T13:07:26","date_gmt":"2022-08-07T17:37:26","guid":{"rendered":"http:\/\/elmundodelosnegocios.com.do\/v1\/?p=19162"},"modified":"2022-08-07T13:07:26","modified_gmt":"2022-08-07T17:37:26","slug":"gobierno-celebra-primer-congreso-de-normas-comunitarias","status":"publish","type":"post","link":"https:\/\/elmundodelosnegocios.com.do\/v1\/gobierno-celebra-primer-congreso-de-normas-comunitarias\/","title":{"rendered":"Gobierno celebra Primer Congreso de Normas Comunitarias"},"content":{"rendered":"<p>Santo Domingo. &#8211;\u00a0<strong>Con la presencia de la Vicepresidenta de la Rep\u00fablica, Raquel Pe\u00f1a, y el Ministro de Interior y Polic\u00eda, Jes\u00fas V\u00e1squez Mart\u00ednez<\/strong>, se dio apertura al\u00a0<strong>Seminario Taller sobre Seguridad Ciudadana y Normas Comunitarias\u00a0<\/strong>para involucrar de forma directa a los ciudadanos de m\u00e1s de 40 barrios de la capital e impactar a cientos de familias en las comunidades intervenidas mediante la\u00a0<strong>Estrategia Integral de Seguridad Ciudadana \u201cMi Pa\u00eds Seguro\u201d.<\/strong><\/p>\n<p>La Vicepresidenta asegur\u00f3 que\u00a0<em>\u00ablos cambios y la profunda transformaci\u00f3n que por a\u00f1os ha reclamado el pueblo dominicano van m\u00e1s all\u00e1 de un simple deseo porque hemos puesto atenci\u00f3n a esos reclamos con planificaci\u00f3n, buena gesti\u00f3n y un arduo trabajo del que ya estamos empezando a ver los frutos\u00bb.<\/em><\/p>\n<p>Pe\u00f1a destac\u00f3 que la estrategia del Plan de Seguridad Ciudadana en el Distrito Nacional se sustenta en el involucramiento de la comunidad en la vigilancia y la protecci\u00f3n de sus barrios, en permanente coordinaci\u00f3n con\u00a0<strong>las autoridades policiales y de justicia, que est\u00e1n llamadas a servir a los ciudadanos con respeto y en procura de garantizar los derechos de todos.<\/strong><\/p>\n<p>La Vicepresidenta enfatiz\u00f3 que el\u00a0<strong>Presidente Luis Abinader\u00a0<\/strong>ha asumido un compromiso moral y \u00e9tico con todos los dominicanos y dominicanas de trabajar para favorecer la generaci\u00f3n de\u00a0<strong>una conciencia ciudadana fuerte y bien arraigada<\/strong>\u00a0que nos eleve hacia el espacio de la decencia, la transparencia, el respeto a la convivencia y a la buena vecindad.<\/p>\n<p><em>\u00abEs por ello que este gobierno ha puesto un gran empe\u00f1o en profesionalizar a la Polic\u00eda Nacional, dot\u00e1ndola de mejores condiciones salariales, laborales y oportunidades de desarrollarse como individuos, para que esto tambi\u00e9n sea un camino por el que podamos transitar hacia la mejora de las relaciones entre ese cuerpo policial y los ciudadanos y ciudadanas de nuestro pa\u00eds\u00bb.<\/em><\/p>\n<p>Mientras que el Ministro de Interior y Policia expres\u00f3 su\u00a0<strong>preocupaci\u00f3n por la violencia en el pa\u00eds,<\/strong>\u00a0indicando que el 67 % de los casos es por problemas de convivencia ciudadana.\u00a0<em>\u201cY este acercamiento con los sectores comunitarios precisamente busca cambiar eso, modificar esa visi\u00f3n, que la gente pueda compartir en sociedad, que se llegue a ese pacto social y que se respeten las normas\u201d.<\/em><\/p>\n<p>Advirti\u00f3 que no es posible hablar de paz y seguridad ciudadana, si no cuentan con ciudadanos comprensivos, con la visi\u00f3n y compromiso de aportar en la b\u00fasqueda de la soluci\u00f3n de los problemas sociales.<\/p>\n<p><img loading=\"lazy\" decoding=\"async\" src=\"https:\/\/presidencia.gob.do\/sites\/default\/files\/content\/WhatsApp%20Image%202022-08-06%20at%2012.01.03%20PM%20%282%29.jpeg\" alt=\"\" width=\"1280\" height=\"853\" data-entity-type=\"file\" data-entity-uuid=\"4b745575-9085-4644-a818-48fe6d660bfc\" \/><\/p>\n<p><em>\u201cSi se ponen de acuerdo, por ejemplo, en el barrio La Zurza, los residentes del sector deciden acudir a la Polic\u00eda Nacional a informar que el problema es que los vecinos colocan m\u00fasica muy alta y no se duerme, entonces se llega a este pacto para lograr que se baje el volumen de esa m\u00fasica y as\u00ed se van enfrentando los conflictos comunitarios; estamos convencidos de los buenos resultados que va a traer esta iniciativa\u201d,<\/em>\u00a0indic\u00f3.<\/p>\n<p>V\u00e1squez expres\u00f3 que se han discutido con los ciudadanos las\u00a0<strong>Normas de Convivencia Comunitaria del Distrito Nacional<\/strong>, que tratan aspectos como promover valores c\u00edvicos, respetar las leyes de tr\u00e1nsito, colaborar con las autoridades en el mantenimiento del orden y la paz, cuidar el medio ambiente, rechazar la violencia, moderar los ruidos innecesarios, cooperar con la limpieza y cuidar los espacios p\u00fablicos del barrio o sector; logrando hasta el momento que m\u00e1s de 6,000 ciudadanos se comprometan a\u00a0<strong>respetar y promover en sus comunidades el cumplimiento de las normas mencionadas.<\/strong><\/p>\n<p>Agreg\u00f3 que, como parte de las actividades de formaci\u00f3n, han distribuido dos folletos que abordan la seguridad ciudadana y comunitaria, as\u00ed como la\u00a0<strong>teor\u00eda de la ventana rota<\/strong>, logrando identificar de manera conjunta m\u00e1s de 20 ventanas rotas en cada comunidad, que poco a poco se han ido reparando para lograr entornos m\u00e1s seguros.<\/p>\n<p>Explic\u00f3 que previo al congreso han realizado seminarios con temas que van desde seguridad ciudadana, relaciones humanas, manejo de conflictos, estupefacientes, antipandillas, trata de personas, normas de tr\u00e1nsito, formulaci\u00f3n de denuncias, y otros.<\/p>\n<p>Durante el acto, realizado en el auditorio de la Polic\u00eda Nacional, los<strong>\u00a0l\u00edderes barriales prometieron promover principios y valores c\u00edvicos entre los vecinos<\/strong>, como denunciar el delito y acompa\u00f1ar a la v\u00edctima, solicitar ayuda para ellos mismos o cualquier persona que deba mejorar su comportamiento o que exhiba una conducta violenta, igual que requerir asistencia de las autoridades para afectados.<\/p>\n<p><img loading=\"lazy\" decoding=\"async\" src=\"https:\/\/presidencia.gob.do\/sites\/default\/files\/content\/WhatsApp%20Image%202022-08-06%20at%2012.01.03%20PM%20%283%29.jpeg\" alt=\"\" width=\"1280\" height=\"853\" data-entity-type=\"file\" data-entity-uuid=\"56a79669-70b9-4f45-ac66-669fc34801e3\" \/><\/p>\n<p>Adem\u00e1s, se comprometieron a evitar ruidos y esc\u00e1ndalos antes de las 10:00 de la ma\u00f1ana y despue\u0301s de las 10:00 de la noche, sobre todo de domingo a jueves, e informar con tiempo a vecinos sobre cualquier actividad en los espacios p\u00fablicos.<\/p>\n<p>Los dirigentes comunitarios asumieron realizar asambleas comunitarias en coordinaci\u00f3n con las autoridades, orientar sobre la luz roja de los sem\u00e1foros, las l\u00edneas peatonales, las aceras y las sen\u0303ales de tra\u0301nsito, promover uso eficiente de los recursos naturales y el agua, no cortar a\u0301rboles y motivar la siembra de plantas en las comunidades.<\/p>\n<p>Adem\u00e1s, evitar ocupar las aceras con negocios o actividades personales (meca\u0301nica, lavaderos de carros, ventorrillos, etc.) mantener limpio el entorno, no arrojar desperdicios a las calles y colocar la basura en los lugares identificados por la comunidad.<\/p>\n<p>Este congreso es celebrado luego de que el Ministerio de Interior y Polic\u00eda impartiera una docena de seminarios sobre seguridad ciudadana y normas comunitarias, en las que han participado m\u00e1s de\u00a0<strong>6,000 ciudadanos de al menos 44 barrios de las circunscripciones 2 y 3 del Distrito Nacional<\/strong>, entre estos Capotillo, 27 de Febrero, Las Ca\u00f1itas, La Ci\u00e9nega, Mar\u00eda Auxiliadora, Gualey, Ensanche Espaillat, Luper\u00f3n.<\/p>\n<p>Tambi\u00e9n participaron los sectores Mejoramiento Social, 24 de Abril, Sim\u00f3n Bol\u00edvar, Guachupita, Los Guandules, Villa Consuelo, Villas Agr\u00edcolas, Villa Francisca, La Zurza, Villa Mar\u00eda, Cristo Rey, La Puya de Arroyo Hondo, San Carlos, Los R\u00edos, La Esperanza, Las 800, Los Callejones, Barrio Azul, Barrio Cuba, Los Vecinos, La Guayub\u00edn, El Caliche, Los Pinos, Villa Marina, entre otros.<\/p>\n<p>La iniciativa forma parte de la Estrategia Integral de Seguridad Ciudadana \u00ab<a href=\"https:\/\/presidencia.gob.do\/noticias\/estrategia-mi-pais-seguro-solidifica-la-seguridad-ciudadana-hechos-por-violencia-social\">Mi Pa\u00eds Seguro<\/a>\u00bb y la alianza de acercamiento de las autoridades a la comunidad, como herramienta efectiva para crear<strong>\u00a0conciencia en la ciudadan\u00eda sobre la importancia de tener y respetar normas comunitarias, y mejorar la relaci\u00f3n entre Polic\u00eda y sociedad<\/strong>.<\/p>\n","protected":false},"excerpt":{"rendered":"<p>Santo Domingo. &#8211;\u00a0Con la presencia de la Vicepresidenta de la Rep\u00fablica, Raquel Pe\u00f1a, y el Ministro de Interior y Polic\u00eda, Jes\u00fas V\u00e1squez Mart\u00ednez, se dio apertura al\u00a0Seminario Taller sobre Seguridad&hellip; <\/p>\n","protected":false},"author":2,"featured_media":19164,"comment_status":"closed","ping_status":"closed","sticky":false,"template":"","format":"standard","meta":{"fifu_image_url":"","fifu_image_alt":"","footnotes":""},"categories":[78],"tags":[],"class_list":["post-19162","post","type-post","status-publish","format-standard","has-post-thumbnail","hentry","category-con-responsabilidad"],"_links":{"self":[{"href":"https:\/\/elmundodelosnegocios.com.do\/v1\/wp-json\/wp\/v2\/posts\/19162","targetHints":{"allow":["GET"]}}],"collection":[{"href":"https:\/\/elmundodelosnegocios.com.do\/v1\/wp-json\/wp\/v2\/posts"}],"about":[{"href":"https:\/\/elmundodelosnegocios.com.do\/v1\/wp-json\/wp\/v2\/types\/post"}],"author":[{"embeddable":true,"href":"https:\/\/elmundodelosnegocios.com.do\/v1\/wp-json\/wp\/v2\/users\/2"}],"replies":[{"embeddable":true,"href":"https:\/\/elmundodelosnegocios.com.do\/v1\/wp-json\/wp\/v2\/comments?post=19162"}],"version-history":[{"count":0,"href":"https:\/\/elmundodelosnegocios.com.do\/v1\/wp-json\/wp\/v2\/posts\/19162\/revisions"}],"wp:featuredmedia":[{"embeddable":true,"href":"https:\/\/elmundodelosnegocios.com.do\/v1\/wp-json\/wp\/v2\/media\/19164"}],"wp:attachment":[{"href":"https:\/\/elmundodelosnegocios.com.do\/v1\/wp-json\/wp\/v2\/media?parent=19162"}],"wp:term":[{"taxonomy":"category","embeddable":true,"href":"https:\/\/elmundodelosnegocios.com.do\/v1\/wp-json\/wp\/v2\/categories?post=19162"},{"taxonomy":"post_tag","embeddable":true,"href":"https:\/\/elmundodelosnegocios.com.do\/v1\/wp-json\/wp\/v2\/tags?post=19162"}],"curies":[{"name":"wp","href":"https:\/\/api.w.org\/{rel}","templated":true}]}}