{"id":19190,"date":"2022-08-07T13:44:13","date_gmt":"2022-08-07T18:14:13","guid":{"rendered":"http:\/\/elmundodelosnegocios.com.do\/v1\/?p=19190"},"modified":"2022-08-07T13:44:13","modified_gmt":"2022-08-07T18:14:13","slug":"valdez-albizu-recibio-al-embajador-dominicano-en-espana-junto-a-los-galardonados-en-la-xii-edicion-de-los-premios-al-merito-escolar-2022","status":"publish","type":"post","link":"https:\/\/elmundodelosnegocios.com.do\/v1\/valdez-albizu-recibio-al-embajador-dominicano-en-espana-junto-a-los-galardonados-en-la-xii-edicion-de-los-premios-al-merito-escolar-2022\/","title":{"rendered":"Valdez Albizu recibi\u00f3 al embajador dominicano en Espa\u00f1a junto a los galardonados en la XII Edici\u00f3n de los Premios al M\u00e9rito Escolar 2022"},"content":{"rendered":"<p><span class=\"text-bolder-gb\">Santo Domingo, Rep\u00fablica Dominicana<\/span>. El gobernador del Banco Central de la Rep\u00fablica Dominicana (BCRD) recibi\u00f3 al embajador de la Rep\u00fablica Dominicano en Espa\u00f1a, Juan Bol\u00edvar D\u00edaz, quien estuvo acompa\u00f1ado por diez ni\u00f1os dom\u00ednico-espa\u00f1oles galardonados en la XII Edici\u00f3n de los Premios al M\u00e9rito Escolar 2022, una competici\u00f3n acad\u00e9mica en la que participan estudiantes entre 11 y 18 a\u00f1os residentes en Espa\u00f1a de procedencia dominicana, que son seleccionados por su excelente nivel acad\u00e9mico en sus calificaciones.<\/p>\n<p>El embajador D\u00edaz expuso al gobernador el grado de excelencia escolar alcanzado por estos ni\u00f1os, \u201ccuya dedicaci\u00f3n y conocimiento son un orgullo para nuestra naci\u00f3n, al constituir una categor\u00eda intelectual que nos proyectar\u00e1 en lo m\u00e1s alto de una diversidad de sectores profesionales\u201d.<\/p>\n<p>Inform\u00f3 que en la competici\u00f3n participaron 72 estudiantes, de los que fueron seleccionados diez, nueve de ellos con doble nacionalidad y uno residente en Espa\u00f1a. Agreg\u00f3 que \u201cestos premios, los cuales son concedidos con un importante aporte del Banco Central, suponen un gran incentivo para que la di\u00e1spora dominicana en Espa\u00f1a, que asciende a 114 mil con doble nacionalidad y 77 mil residentes, sienta con honra el esp\u00edritu luchador que llevamos en la sangre, con el convencimiento de que no hay obst\u00e1culo que no podamos superar\u201d.<\/p>\n<p>De su lado, Valdez Albizu expres\u00f3 sentirse orgulloso y complacido con la visita, exhortando a los ni\u00f1os a llevar siempre en el coraz\u00f3n a la Rep\u00fablica Dominicana. Asimismo, les indic\u00f3 que \u201custedes significan mucho de lo que nuestra naci\u00f3n avanza y seguir\u00e1 avanzando en el mundo, son el testimonio de nuestro af\u00e1n de superaci\u00f3n y de nuestra capacidad para plantearnos los m\u00e1s trascendentales retos, situ\u00e1ndonos a la altura de los mejores en todas las \u00e1reas\u201d.<\/p>\n<p>El gobernador resalt\u00f3 que \u201custedes representan un s\u00edmbolo por su esfuerzo y excelencia acad\u00e9mica, el testimonio de lo que los dominicanos somos capaces de hacer, hitos que se van cumpliendo d\u00eda a d\u00eda, como ser ahora mismo una de las econom\u00edas m\u00e1s importantes de Am\u00e9rica Latina y con mejor proyecci\u00f3n de futuro\u201d.<\/p>\n<p>La esposa del gobernador, Fior D\u2019Aliza Mart\u00ednez de Valdez, departi\u00f3 largamente con los ni\u00f1os, a los que felicit\u00f3 por sus logros y destac\u00f3 en unas palabras su satisfacci\u00f3n al comprobar que seis de los diez galardonados son ni\u00f1as, \u201cun claro reflejo del horizonte prometedor que se presenta para la mujer dominicana\u201d. Tambi\u00e9n expres\u00f3 la importancia que este programa de reconocimiento tiene para la juventud, se\u00f1alando que \u201ceste logro es muy importante para su trayectoria de vida\u201d.<\/p>\n<p>El ni\u00f1o Manuel Acevedo pronunci\u00f3 unas palabras en nombre de los galardonados, dando gracias a Dios por contribuir a la sociedad y al nombre de la Rep\u00fablica Dominicana, motivando a todos los ni\u00f1os a ser responsables con sus estudios.<\/p>\n<p>Entre las virtudes atesoradas por estos ni\u00f1os, se hizo tambi\u00e9n relevante el don art\u00edstico de la ni\u00f1a Lisbel Francisco, participante en Espa\u00f1a del concurso \u2018La Voz Kids\u2019, quien interpret\u00f3 para los presentes el fragmento de una canci\u00f3n que exaltaba la dominicanidad, con un dominio musical excepcional que emocion\u00f3 a todos.<\/p>\n<p>El gobernador estuvo acompa\u00f1ado por su esposa Fior D\u2019Aliza Mart\u00ednez de Valdez, la vicegobernadora Clarissa de la Rocha de Torres, el gerente Ervin Novas Bello y el asesor de la Gobernaci\u00f3n Miguel Reyes.<\/p>\n","protected":false},"excerpt":{"rendered":"<p>Santo Domingo, Rep\u00fablica Dominicana. El gobernador del Banco Central de la Rep\u00fablica Dominicana (BCRD) recibi\u00f3 al embajador de la Rep\u00fablica Dominicano en Espa\u00f1a, Juan Bol\u00edvar D\u00edaz, quien estuvo acompa\u00f1ado por&hellip; <\/p>\n","protected":false},"author":2,"featured_media":19192,"comment_status":"closed","ping_status":"closed","sticky":false,"template":"","format":"standard","meta":{"fifu_image_url":"","fifu_image_alt":"","footnotes":""},"categories":[151],"tags":[],"class_list":["post-19190","post","type-post","status-publish","format-standard","has-post-thumbnail","hentry","category-gerencia"],"_links":{"self":[{"href":"https:\/\/elmundodelosnegocios.com.do\/v1\/wp-json\/wp\/v2\/posts\/19190","targetHints":{"allow":["GET"]}}],"collection":[{"href":"https:\/\/elmundodelosnegocios.com.do\/v1\/wp-json\/wp\/v2\/posts"}],"about":[{"href":"https:\/\/elmundodelosnegocios.com.do\/v1\/wp-json\/wp\/v2\/types\/post"}],"author":[{"embeddable":true,"href":"https:\/\/elmundodelosnegocios.com.do\/v1\/wp-json\/wp\/v2\/users\/2"}],"replies":[{"embeddable":true,"href":"https:\/\/elmundodelosnegocios.com.do\/v1\/wp-json\/wp\/v2\/comments?post=19190"}],"version-history":[{"count":0,"href":"https:\/\/elmundodelosnegocios.com.do\/v1\/wp-json\/wp\/v2\/posts\/19190\/revisions"}],"wp:featuredmedia":[{"embeddable":true,"href":"https:\/\/elmundodelosnegocios.com.do\/v1\/wp-json\/wp\/v2\/media\/19192"}],"wp:attachment":[{"href":"https:\/\/elmundodelosnegocios.com.do\/v1\/wp-json\/wp\/v2\/media?parent=19190"}],"wp:term":[{"taxonomy":"category","embeddable":true,"href":"https:\/\/elmundodelosnegocios.com.do\/v1\/wp-json\/wp\/v2\/categories?post=19190"},{"taxonomy":"post_tag","embeddable":true,"href":"https:\/\/elmundodelosnegocios.com.do\/v1\/wp-json\/wp\/v2\/tags?post=19190"}],"curies":[{"name":"wp","href":"https:\/\/api.w.org\/{rel}","templated":true}]}}