{"id":19199,"date":"2022-08-05T07:10:24","date_gmt":"2022-08-05T11:40:24","guid":{"rendered":"http:\/\/elmundodelosnegocios.com.do\/v1\/?p=19199"},"modified":"2022-08-08T07:16:04","modified_gmt":"2022-08-08T11:46:04","slug":"educacion-y-apoyo-son-pilares-para-elevar-la-lactancia-materna-en-la-republica-dominicana","status":"publish","type":"post","link":"https:\/\/elmundodelosnegocios.com.do\/v1\/educacion-y-apoyo-son-pilares-para-elevar-la-lactancia-materna-en-la-republica-dominicana\/","title":{"rendered":"Educaci\u00f3n y apoyo son pilares para elevar la lactancia materna en la Rep\u00fablica Dominicana"},"content":{"rendered":"<p><span style=\"font-weight: 400;\">Santo Domingo. La Semana Mundial de la Lactancia Materna se celebra anualmente en el mes de agosto, y La Liga de la Leche en Rep\u00fablica Dominicana es la entidad l\u00edder de la jornada de actividades que se realizan en el pa\u00eds, que se llevar\u00e1 a cabo del 1 al 7 del referido mes con un programa centrado en la educaci\u00f3n y empoderamiento que debemos tener como sociedad, sistema y familia en el tema de la lactancia materna para lograr que el derecho de recibir y dar leche materna sea asegurado.\u00a0<\/span><\/p>\n<p><span style=\"font-weight: 400;\">Mariel Mella, presidenta de <\/span><i><span style=\"font-weight: 400;\">La Liga de La Leche<\/span><\/i><span style=\"font-weight: 400;\"> RD inform\u00f3 que el lema de la Semana Mundial de la Lactancia Materna de este a\u00f1o 2022 es \u201cImpulsemos la lactancia materna &#8211; apoyando y educando\u201d y se enfoca en fortalecer la capacidad de los actores encargados de proteger, promover y apoyar la lactancia materna en los diferentes \u00e1mbitos de nuestra sociedad.<\/span><\/p>\n<p><span style=\"font-weight: 400;\">\u201cEse fortalecimiento debe darse por medio de la educaci\u00f3n y apoyo de las madres, como pilares de la transformaci\u00f3n de los sistemas actuales, permitiendo garantizar que los servicios de salud, comunidades y lugares de trabajo amigos de la lactancia materna est\u00e9n apoyados por pol\u00edticas p\u00fablicas nacionales basadas en la evidencia.\u201d, indic\u00f3 Mella.<\/span><\/p>\n<p><span style=\"font-weight: 400;\">La Alianza Mundial Pro-Lactancia (WABA, por sus siglas en ingl\u00e9s), creadora de la Semana Mundial de la Lactancia Materna afirm\u00f3 en un comunicado que \u201cLos gobiernos, sistemas de salud, lugares de trabajo y comunidades deben estar informados, educados y empoderados para fortalecer sus capacidades de proporcionar y sostener entornos amigables con la lactancia materna para las familias en el mundo.\u201d\u00a0<\/span><\/p>\n<p><span style=\"font-weight: 400;\">La presidenta de <\/span><i><span style=\"font-weight: 400;\">La Liga de La Leche<\/span><\/i><span style=\"font-weight: 400;\"> RD agradeci\u00f3 a todos los patrocinadores, aliados, medios de comunicaci\u00f3n y voluntariado que colabora con el objetivo de la elevar y en la educaci\u00f3n y empoderamiento que debemos tener como sociedad, sistema y familia en el tema de la lactancia materna, incluyendo a la Comisi\u00f3n Nacional de Lactancia Materna, Galer\u00eda 360, La Sirena, Viba La Comunicaci\u00f3n y Palmer\u2019s.<\/span><\/p>\n<p><b>Programa de actividades SMLM2022<\/b><\/p>\n<p><span style=\"font-weight: 400;\">El programa de actividades est\u00e1 dirigido a embarazadas, madres y padres y sus familiares, personal m\u00e9dico docente, estudiantes de psicolog\u00eda y magisterio, residentes y estudiantes de medicina, asociaciones gubernamentales y no gubernamentales, prensa, pediatras, gineco-obstetras, nutri\u00f3logos, gastroenter\u00f3logos pedi\u00e1tricos, psic\u00f3logos, entrenadoras de preparaci\u00f3n al parto, doulas, promotores de lactancia, consultores de lactancia, enfermeras y p\u00fablico en general.\u00a0<\/span><\/p>\n<p><span style=\"font-weight: 400;\">A continuaci\u00f3n, la agenda diaria y adjunto afiche con detalle:<\/span><\/p>\n<ul>\n<li style=\"font-weight: 400;\"><span style=\"font-weight: 400;\">Lunes 1ero de agosto, 8:00pm\u00a0<\/span><\/li>\n<\/ul>\n<p><span style=\"font-weight: 400;\">Prevenci\u00f3n de la depresi\u00f3n posparto<\/span><\/p>\n<p><span style=\"font-weight: 400;\">Lic. Miguelina Justo, psicoterapeuta\u00a0<\/span><\/p>\n<p><b>Live<\/b><span style=\"font-weight: 400;\"> desde <\/span><span style=\"font-weight: 400;\">@LigadelaLecheRD <\/span><span style=\"font-weight: 400;\">y <\/span><span style=\"font-weight: 400;\">@galeria360<\/span><\/p>\n<ul>\n<li style=\"font-weight: 400;\"><span style=\"font-weight: 400;\">Martes 2 de agosto, 6:30pm\u00a0<\/span><\/li>\n<\/ul>\n<p><span style=\"font-weight: 400;\">Inauguraci\u00f3n de exposici\u00f3n fotogr\u00e1fica: <\/span><b>Impulsemos la lactancia materna<\/b><span style=\"font-weight: 400;\">\u00a0<\/span><\/p>\n<p><span style=\"font-weight: 400;\">Pasillo Sur Galer\u00eda 360<\/span><\/p>\n<p><b>Evento presencial<\/b><\/p>\n<ul>\n<li style=\"font-weight: 400;\"><span style=\"font-weight: 400;\">Mi\u00e9rcoles 3 de agosto, 6:30pm<\/span><\/li>\n<\/ul>\n<p><span style=\"font-weight: 400;\">Grupo de apoyo moderado por l\u00edderes de la Liga de la Leche<\/span><\/p>\n<p><span style=\"font-weight: 400;\">Pasillo Sur Galer\u00eda 360<\/span><\/p>\n<p><b>Evento presencial<\/b><\/p>\n<ul>\n<li style=\"font-weight: 400;\"><span style=\"font-weight: 400;\">Jueves 4 de agosto, 8:00pm\u00a0<\/span><\/li>\n<\/ul>\n<p><span style=\"font-weight: 400;\">Importancia de la educaci\u00f3n en lactancia desde el embarazo<\/span><\/p>\n<p><span style=\"font-weight: 400;\">Yanet Olivares, IBCLC y Michelle Caminero<\/span><\/p>\n<p><b>Live<\/b><span style=\"font-weight: 400;\"> desde <\/span><span style=\"font-weight: 400;\">@LigadelaLecheRD <\/span><span style=\"font-weight: 400;\">y <\/span><span style=\"font-weight: 400;\">@mamaalimenta<\/span><\/p>\n<ul>\n<li style=\"font-weight: 400;\"><span style=\"font-weight: 400;\">Viernes 5 de agosto, 8:00pm\u00a0<\/span><\/li>\n<\/ul>\n<p><span style=\"font-weight: 400;\">Lactancia y prevenci\u00f3n de enfermedades en el ni\u00f1o<\/span><\/p>\n<p><span style=\"font-weight: 400;\">Dra. Vanessa de la Maza, pediatra y nutricionista\u00a0<\/span><\/p>\n<p><b>Live<\/b><span style=\"font-weight: 400;\"> desde <\/span><span style=\"font-weight: 400;\">@LigadelaLecheRD <\/span><span style=\"font-weight: 400;\">y <\/span><span style=\"font-weight: 400;\">@galeria360<\/span><\/p>\n<ul>\n<li style=\"font-weight: 400;\"><span style=\"font-weight: 400;\">S\u00e1bado 6 de agosto, 4:00pm<\/span><\/li>\n<\/ul>\n<p><span style=\"font-weight: 400;\">Performances art\u00edsticas: <\/span><b>Lactancia materna \u2013 entre mitos y realidades<\/b><\/p>\n<p><span style=\"font-weight: 400;\">Lobby Central Galer\u00eda 360<\/span><\/p>\n<p><b>Evento presencial<\/b><\/p>\n<p><b>Acerca de la Liga de La Leche Rep\u00fablica Dominicana.<\/b><\/p>\n<p><span style=\"font-weight: 400;\">La Liga de la Leche Rep\u00fablica Dominicana (LLLRD), es miembro de la Comisi\u00f3n Nacional de Lactancia, y forma parte de una red internacional sin fines de lucro fundada con el objetivo de promover, apoyar e informar sobre lactancia, ayudando a la madre a lactar su beb\u00e9, animar la maternidad responsable a trav\u00e9s de la lactancia y promover un mejor entendimiento de la lactancia y temas relacionados.<\/span><\/p>\n<p><span style=\"font-weight: 400;\">La misi\u00f3n de Liga de la Leche es ayudar a madres en todo el mundo a amamantar a trav\u00e9s del apoyo madre a madre, motiv\u00e1ndola, proporcionando informaci\u00f3n, educaci\u00f3n y una mayor comprensi\u00f3n de la lactancia, como un elemento vital en el desarrollo saludable de los hijos, as\u00ed como de la madre.<\/span><\/p>\n","protected":false},"excerpt":{"rendered":"<p>Santo Domingo. La Semana Mundial de la Lactancia Materna se celebra anualmente en el mes de agosto, y La Liga de la Leche en Rep\u00fablica Dominicana es la entidad l\u00edder&hellip; <\/p>\n","protected":false},"author":2,"featured_media":19200,"comment_status":"closed","ping_status":"closed","sticky":false,"template":"","format":"standard","meta":{"fifu_image_url":"","fifu_image_alt":"","footnotes":""},"categories":[80],"tags":[],"class_list":["post-19199","post","type-post","status-publish","format-standard","has-post-thumbnail","hentry","category-salud"],"_links":{"self":[{"href":"https:\/\/elmundodelosnegocios.com.do\/v1\/wp-json\/wp\/v2\/posts\/19199","targetHints":{"allow":["GET"]}}],"collection":[{"href":"https:\/\/elmundodelosnegocios.com.do\/v1\/wp-json\/wp\/v2\/posts"}],"about":[{"href":"https:\/\/elmundodelosnegocios.com.do\/v1\/wp-json\/wp\/v2\/types\/post"}],"author":[{"embeddable":true,"href":"https:\/\/elmundodelosnegocios.com.do\/v1\/wp-json\/wp\/v2\/users\/2"}],"replies":[{"embeddable":true,"href":"https:\/\/elmundodelosnegocios.com.do\/v1\/wp-json\/wp\/v2\/comments?post=19199"}],"version-history":[{"count":0,"href":"https:\/\/elmundodelosnegocios.com.do\/v1\/wp-json\/wp\/v2\/posts\/19199\/revisions"}],"wp:featuredmedia":[{"embeddable":true,"href":"https:\/\/elmundodelosnegocios.com.do\/v1\/wp-json\/wp\/v2\/media\/19200"}],"wp:attachment":[{"href":"https:\/\/elmundodelosnegocios.com.do\/v1\/wp-json\/wp\/v2\/media?parent=19199"}],"wp:term":[{"taxonomy":"category","embeddable":true,"href":"https:\/\/elmundodelosnegocios.com.do\/v1\/wp-json\/wp\/v2\/categories?post=19199"},{"taxonomy":"post_tag","embeddable":true,"href":"https:\/\/elmundodelosnegocios.com.do\/v1\/wp-json\/wp\/v2\/tags?post=19199"}],"curies":[{"name":"wp","href":"https:\/\/api.w.org\/{rel}","templated":true}]}}