{"id":19220,"date":"2022-08-08T07:51:10","date_gmt":"2022-08-08T12:21:10","guid":{"rendered":"http:\/\/elmundodelosnegocios.com.do\/v1\/?p=19220"},"modified":"2022-08-08T07:51:10","modified_gmt":"2022-08-08T12:21:10","slug":"superviso-presidente-abinader-personalmente-labores-rescate-mineros","status":"publish","type":"post","link":"https:\/\/elmundodelosnegocios.com.do\/v1\/superviso-presidente-abinader-personalmente-labores-rescate-mineros\/","title":{"rendered":"Superviso Presidente Abinader personalmente labores rescate mineros"},"content":{"rendered":"<p style=\"font-weight: 400;\"><em>Cerro de Maim\u00f3n, provincia Monse\u00f1or Nouel, agosto 2022<\/em>.- El presidente del Gobierno dominicano, Luis R. Abinader,\u00a0<strong>acudi\u00f3 a Cerro de Maim\u00f3n, provincia Monse\u00f1or Nouel, donde se encuentra la Corporaci\u00f3n Minera Dominicana (CORMIDOM),<\/strong>\u00a0para supervisar las labores de rescate y comprobar de manera personal el estado en que se encuentran los mineros Gregores M\u00e9ndez y Carlos Y\u00e9pez, quienes quedaron atrapados en la secci\u00f3n sur de la mina, al ocurrir un deslizamiento mientras laboraban el pasado 31 de julio.<\/p>\n<p style=\"font-weight: 400;\">Abinader fue recibido por ejecutivos de CORMIDON,\u00a0<strong>los cuales<\/strong>\u00a0<strong>les explicaron las acciones ejecutadas en las dos rutas en las que se est\u00e1n trabajando para acceder hacia el punto exacto donde se encuentran los mineros,\u00a0<\/strong>adem\u00e1s de los detalles operativos, t\u00e9cnicos y de log\u00edstica realizados hasta el momento. El gerente de operaciones de la minera hizo una proyecci\u00f3n visual de las fases en las que est\u00e1n avanzando para el plan de retornar a Gregores y Carlos a la superficie.<\/p>\n<p style=\"font-weight: 400;\">Luego de las explicaciones, Abinader accedi\u00f3 a una parte del t\u00fanel donde se encuentran los dos mineros y convers\u00f3 con ellos v\u00eda radio. Tanto Gregores, de 28 a\u00f1os, como Carlos, de 40 a\u00f1os<strong>, le expresaron al mandatario encontrarse en estado f\u00edsico estable y de buen \u00e1nimo<\/strong>; tambi\u00e9n le explicaron c\u00f3mo reciben aire limpio y el tipo de alimentos e hidrataci\u00f3n que les est\u00e1n suministrando. Igualmente, le manifestaron su confianza en los trabajos que est\u00e1 desarrollando los expertos para el rescate.<\/p>\n<p style=\"font-weight: 400;\">\u201cVinimos aqu\u00ed para ver la situaci\u00f3n de los mineros que se encuentran atrapados: el dominicano, Gregores M\u00e9ndez, y el colombiano, Carlos Y\u00e9pez. Est\u00e1n de buen \u00e1nimo y con muchas esperanzas,\u00a0<strong>al igual que nosotros, que nos encontramos muy optimistas de que vamos a poder llegar.<\/strong>\u00a0La compa\u00f1\u00eda les est\u00e1 dando acceso para que tengan comida y agua; la salud de ambos se les chequea tres veces al d\u00eda.\u00a0<strong>Yo les promet\u00ed que los recibir\u00eda en el Palacio desde que sean rescatados<\/strong>\u201d, comunic\u00f3 el mandatario.<\/p>\n<p style=\"font-weight: 400;\">Tambi\u00e9n revel\u00f3 que el\u00a0<strong>Gobierno dominicano, en coordinaci\u00f3n el Gobierno de Canad\u00e1, trabaja en la habilitaci\u00f3n de una tercera v\u00eda de acceso<\/strong>. Adem\u00e1s, que se coordin\u00f3 con la Oficina para el Reordenamiento del Transporte (OPRET), para\u00a0<strong>integrar a las labores de rescate una excavadora de las utilizadas en la construcci\u00f3n del metro de Los Alcarrizos.<\/strong><\/p>\n<p style=\"font-weight: 400;\"><strong>\u00a0<\/strong>El presidente Abinader tambi\u00e9n\u00a0<strong>convers\u00f3 con la madre de Gregores y la esposa de Carlos<\/strong>, a quienes les expres\u00f3 su apoyo permanente en nombre del Gobierno Dominicano hasta lograr rescatar a salvo a los dos mineros. Se mostr\u00f3 muy optimista en cuanto a las acciones que hasta el momento se han ejecutado y valor\u00f3\u00a0 el gran esfuerzo que est\u00e1 realizando CORMIDOM y todos los expertos para agilizar de manera segura el rescate.<\/p>\n<p style=\"font-weight: 400;\"><strong>Paul Marinko agradeci\u00f3 la visita del presidente Abinader y la pronta respuesta del Gobierno dominicano, al momento de ser notificados del hecho<\/strong>. Igualmente, resalt\u00f3 el apoyo y seguimiento constante del Ministerio de Energ\u00eda y Minas, la Direcci\u00f3n General de Miner\u00eda, el Ministerio de Trabajo, el Ministerio de Salud P\u00fablica y Asistencia Social, Equipo Humanitario de Rescate del Ministerio de Defensa, el Centro de Operaciones de Emergencia (COE) y los cuerpos de rescate de Monse\u00f1or Nouel. \u201cEstamos enormemente satisfechos por el respaldo que han recibido nuestros dos queridos mineros por parte del Gobierno dominicano, que encabeza Luis Abinader\u201d, apunt\u00f3.<\/p>\n<p style=\"font-weight: 400;\">Tambi\u00e9n record\u00f3 que\u00a0<strong>CORMIDOM no escatima recursos t\u00e9cnicos, econ\u00f3micos ni de ninguna otra \u00edndole en la operaci\u00f3n de rescate<\/strong>\u00a0y que la minera continuar\u00e1 trabajando sin descanso, las 24 horas al d\u00eda, hasta lograr traer a la superficie a Gregores y Carlos.<\/p>\n<p style=\"font-weight: 400;\">Mientras que Rolando Mu\u00f1oz, director general de Miner\u00eda, dio a conocer que\u00a0<strong>una de las v\u00edas en las que se est\u00e1 trabajando est\u00e1 avanzando con mayor rapidez de lo que se hab\u00eda estimado<\/strong>, por lo cual est\u00e1n muy optimistas. Igualmente, agreg\u00f3 que adem\u00e1s de los nutrientes e hidrataci\u00f3n, les est\u00e1n suministrando agua para que puedan asearse y vestimenta.<\/p>\n<p style=\"font-weight: 400;\">Las operaciones de extracci\u00f3n continuar\u00e1n paralizadas hasta realizar el rescate. \u201cNuestra \u00fanica prioridad es la integridad de los dos mineros y la seguridad de los m\u00e1s de 70 expertos que est\u00e1n concentrados en las acciones de socorro\u201d, enfatiz\u00f3 Marinko.<\/p>\n<p style=\"font-weight: 400;\">Adem\u00e1s de los ministerios y dependencias del Gobierno dominicano, CORMIDOM\u00a0cuentan con un equipo multidisciplinario, compuesto por nutri\u00f3logos, psic\u00f3logos, ge\u00f3logos, con alta experiencia en geot\u00e9cnica y en deslizamientos de rocas; tambi\u00e9n con el apoyo y la asesor\u00eda de socorristas del equipo de rescate de Moran Mining Group, de Canad\u00e1; el equipo de rescate de minas de Colorado, Estados Unidos, y el de Australia, perteneciente a la casa matriz de CORMIDOM.<\/p>\n<p style=\"font-weight: 400;\"><strong>Sobre CORMIDOM:<\/strong><\/p>\n<p style=\"font-weight: 400;\">Empresa minera que inici\u00f3 sus operaciones en el 2008, en Cerro de Maim\u00f3n, provincia Monse\u00f1or Nouel, al norte de Rep\u00fablica Dominicana. Es la \u00fanica de su tipo que opera dentro del marco de la Ley minera 146-71. Tambi\u00e9n, la primera en obtener la licencia ambiental en base a la Ley de Medio Ambiente 64-00, y pionera en conseguir la licencia ambiental para miner\u00eda subterr\u00e1nea, permitiendo el cambio de cielo abierto a subterr\u00e1nea, desde el 2018. Explota minerales de cobre y zinc y exporta concentrado de los mismos.<\/p>\n<p style=\"font-weight: 400;\">CORMIDOM es un ejemplo de manejo ambiental y relaciones comunitarias. Es la primera minera dominicana y del mundo en ser carbono neutral, formando parte de la red Climate Nature Now de las Naciones Unidas. Igualmente, forma parte de Arise, tambi\u00e9n de las Naciones Unidas.<\/p>\n","protected":false},"excerpt":{"rendered":"<p>Cerro de Maim\u00f3n, provincia Monse\u00f1or Nouel, agosto 2022.- El presidente del Gobierno dominicano, Luis R. Abinader,\u00a0acudi\u00f3 a Cerro de Maim\u00f3n, provincia Monse\u00f1or Nouel, donde se encuentra la Corporaci\u00f3n Minera Dominicana&hellip; <\/p>\n","protected":false},"author":2,"featured_media":19222,"comment_status":"closed","ping_status":"closed","sticky":false,"template":"","format":"standard","meta":{"fifu_image_url":"","fifu_image_alt":"","footnotes":""},"categories":[160],"tags":[],"class_list":["post-19220","post","type-post","status-publish","format-standard","has-post-thumbnail","hentry","category-mineria"],"_links":{"self":[{"href":"https:\/\/elmundodelosnegocios.com.do\/v1\/wp-json\/wp\/v2\/posts\/19220","targetHints":{"allow":["GET"]}}],"collection":[{"href":"https:\/\/elmundodelosnegocios.com.do\/v1\/wp-json\/wp\/v2\/posts"}],"about":[{"href":"https:\/\/elmundodelosnegocios.com.do\/v1\/wp-json\/wp\/v2\/types\/post"}],"author":[{"embeddable":true,"href":"https:\/\/elmundodelosnegocios.com.do\/v1\/wp-json\/wp\/v2\/users\/2"}],"replies":[{"embeddable":true,"href":"https:\/\/elmundodelosnegocios.com.do\/v1\/wp-json\/wp\/v2\/comments?post=19220"}],"version-history":[{"count":0,"href":"https:\/\/elmundodelosnegocios.com.do\/v1\/wp-json\/wp\/v2\/posts\/19220\/revisions"}],"wp:featuredmedia":[{"embeddable":true,"href":"https:\/\/elmundodelosnegocios.com.do\/v1\/wp-json\/wp\/v2\/media\/19222"}],"wp:attachment":[{"href":"https:\/\/elmundodelosnegocios.com.do\/v1\/wp-json\/wp\/v2\/media?parent=19220"}],"wp:term":[{"taxonomy":"category","embeddable":true,"href":"https:\/\/elmundodelosnegocios.com.do\/v1\/wp-json\/wp\/v2\/categories?post=19220"},{"taxonomy":"post_tag","embeddable":true,"href":"https:\/\/elmundodelosnegocios.com.do\/v1\/wp-json\/wp\/v2\/tags?post=19220"}],"curies":[{"name":"wp","href":"https:\/\/api.w.org\/{rel}","templated":true}]}}