{"id":19275,"date":"2022-08-09T08:01:20","date_gmt":"2022-08-09T12:31:20","guid":{"rendered":"http:\/\/elmundodelosnegocios.com.do\/v1\/?p=19275"},"modified":"2022-08-09T08:01:20","modified_gmt":"2022-08-09T12:31:20","slug":"presidente-cormidom-agradece-apoyo-y-equipos-recibidos-proceso-rescate","status":"publish","type":"post","link":"https:\/\/elmundodelosnegocios.com.do\/v1\/presidente-cormidom-agradece-apoyo-y-equipos-recibidos-proceso-rescate\/","title":{"rendered":"Presidente CORMIDOM agradece apoyo y equipos recibidos proceso rescate"},"content":{"rendered":"<p><span style=\"font-weight: 400;\">La Corporaci\u00f3n Minera Dominicana (CORMIDOM) informa que ha avanzado un 75% del t\u00fanel de la galer\u00eda que es construida como uno de los accesos para el rescate de los mineros Gregores M\u00e9ndez y Carlos Yepes. Al mismo tiempo, informa que los t\u00e9cnicos de Machine Rogers International, procedentes de Canad\u00e1, han trabajado en el d\u00eda de hoy en los estudios de las condiciones geomec\u00e1nicas de la roca a los fines de iniciar con la instalaci\u00f3n de la perforadora Cubex, modelo 2600 que lleg\u00f3 al pa\u00eds la noche del 07 de agosto, gracias a las invaluables labores de gesti\u00f3n del presidente Luis Abinader y el Gobierno de Canad\u00e1.<\/span><\/p>\n<p><span style=\"font-weight: 400;\">Se espera que en las pr\u00f3ximas horas esta m\u00e1quina Cubex, modelo 2600 se encuentre operando para ser utilizada como equipo necesario en las labores rescate.\u00a0<\/span><\/p>\n<p><span style=\"font-weight: 400;\">Paul Marinko, presidente de CORMIDOM, expres\u00f3 su confianza en que Gregores y Carlos estar\u00e1n con nosotros en la superficie pronto.<\/span><\/p>\n<p><span style=\"font-weight: 400;\">CORMIDOM tambi\u00e9n agradece a todas las instituciones, organizaciones y autoridades que formaron parte para lograr con \u00e9xito el traslado de este taladro, de unas 25 mil libras, adem\u00e1s de las herramientas, personal y otros equipos a utilizar en la operaci\u00f3n de rescate nuestros mineros.<\/span><\/p>\n<p><span style=\"font-weight: 400;\">\u00a0<\/span><span style=\"font-weight: 400;\">Destaca las gestiones del Ministerio de Relaciones Exteriores de Rep\u00fablica Dominicana, el canciller Roberto \u00c1lvarez, la Embajada de Rep\u00fablica Dominicana en Canad\u00e1 y a su embajadora Michelle Cohen; la ministra de Relaciones Exteriores de Canad\u00e1, M\u00e9lanie Joly, la Defensa Nacional de Canad\u00e1, las Fuerzas Armadas de Canad\u00e1, la Direcci\u00f3n General de Aduanas y el Ministerio de Energ\u00eda y Minas por hacer posible, en tiempo r\u00e9cord, este traslado.<\/span><\/p>\n<p><span style=\"font-weight: 400;\">\u00a0<\/span><span style=\"font-weight: 400;\">Tambi\u00e9n a Captains Council, asociaci\u00f3n de pilotos dominicanos en Estados Unidos, que, desde un principio, de forma generosa estuvieron participando en la gesti\u00f3n de b\u00fasqueda del avi\u00f3n privado con caracter\u00edsticas especiales para trasladar el equipo que se sumar\u00e1 a las labores de rescate.<\/span><\/p>\n<p><span style=\"font-weight: 400;\">\u00a0<\/span><span style=\"font-weight: 400;\">El presidente de CORMIDOM, Paul Marinko, record\u00f3 que contin\u00faan laborando d\u00eda y noche en coordinaci\u00f3n y estrecha colaboraci\u00f3n con las autoridades gubernamentales en un equipo de trabajo multidisciplinario compuesto por el Ministerio de Energ\u00eda y Minas, Ministerio de Trabajo, Direcci\u00f3n General de Miner\u00eda, Unidad Humanitaria y de Rescate del Ejercito de la Rep\u00fablica Dominicana, Comit\u00e9 de Operaciones de Emergencia (COE) y Defensa Civil.<\/span><\/p>\n<p><span style=\"font-weight: 400;\">Trabajan, tan solo en las acciones de rescates, m\u00e1s de 70 expertos, compuesto por nutri\u00f3logos, ge\u00f3logos, con alta experiencia en geot\u00e9cnia y en deslizamientos de rocas; adem\u00e1s del equipo t\u00e9cnico de nuestra empresa, para rescatar a nuestros dos compa\u00f1eros que se encuentran atrapados en una galer\u00eda de la secci\u00f3n sur de concesi\u00f3n minera, desde el pasado 31 de julio.\u00a0<\/span><\/p>\n<p><span style=\"font-weight: 400;\">Esto ha llevado a la empresa, desde el primer momento, a decidir la paralizaci\u00f3n de las operaciones de extracci\u00f3n de la mina y enfocar todos los recursos en lograr el rescate a salvo de Gregores M\u00e9ndez y Carlos Yepes.<\/span><\/p>\n<p><span style=\"font-weight: 400;\">Cormidom es una empresa minera que opera el proyecto minero Cerro de Maim\u00f3n, sucursal de la empresa australiana Perilya Limited.\u00a0<\/span><\/p>\n","protected":false},"excerpt":{"rendered":"<p>La Corporaci\u00f3n Minera Dominicana (CORMIDOM) informa que ha avanzado un 75% del t\u00fanel de la galer\u00eda que es construida como uno de los accesos para el rescate de los mineros&hellip; <\/p>\n","protected":false},"author":2,"featured_media":19277,"comment_status":"closed","ping_status":"closed","sticky":false,"template":"","format":"standard","meta":{"fifu_image_url":"","fifu_image_alt":"","footnotes":""},"categories":[86],"tags":[],"class_list":["post-19275","post","type-post","status-publish","format-standard","has-post-thumbnail","hentry","category-seguridad"],"_links":{"self":[{"href":"https:\/\/elmundodelosnegocios.com.do\/v1\/wp-json\/wp\/v2\/posts\/19275","targetHints":{"allow":["GET"]}}],"collection":[{"href":"https:\/\/elmundodelosnegocios.com.do\/v1\/wp-json\/wp\/v2\/posts"}],"about":[{"href":"https:\/\/elmundodelosnegocios.com.do\/v1\/wp-json\/wp\/v2\/types\/post"}],"author":[{"embeddable":true,"href":"https:\/\/elmundodelosnegocios.com.do\/v1\/wp-json\/wp\/v2\/users\/2"}],"replies":[{"embeddable":true,"href":"https:\/\/elmundodelosnegocios.com.do\/v1\/wp-json\/wp\/v2\/comments?post=19275"}],"version-history":[{"count":0,"href":"https:\/\/elmundodelosnegocios.com.do\/v1\/wp-json\/wp\/v2\/posts\/19275\/revisions"}],"wp:featuredmedia":[{"embeddable":true,"href":"https:\/\/elmundodelosnegocios.com.do\/v1\/wp-json\/wp\/v2\/media\/19277"}],"wp:attachment":[{"href":"https:\/\/elmundodelosnegocios.com.do\/v1\/wp-json\/wp\/v2\/media?parent=19275"}],"wp:term":[{"taxonomy":"category","embeddable":true,"href":"https:\/\/elmundodelosnegocios.com.do\/v1\/wp-json\/wp\/v2\/categories?post=19275"},{"taxonomy":"post_tag","embeddable":true,"href":"https:\/\/elmundodelosnegocios.com.do\/v1\/wp-json\/wp\/v2\/tags?post=19275"}],"curies":[{"name":"wp","href":"https:\/\/api.w.org\/{rel}","templated":true}]}}