{"id":19279,"date":"2022-08-09T08:48:04","date_gmt":"2022-08-09T13:18:04","guid":{"rendered":"http:\/\/elmundodelosnegocios.com.do\/v1\/?p=19279"},"modified":"2022-08-09T08:48:04","modified_gmt":"2022-08-09T13:18:04","slug":"republica-dominicana-sera-sede-de-la-feria-de-inversion-turistica-mas-importante-del-caribe-chicos","status":"publish","type":"post","link":"https:\/\/elmundodelosnegocios.com.do\/v1\/republica-dominicana-sera-sede-de-la-feria-de-inversion-turistica-mas-importante-del-caribe-chicos\/","title":{"rendered":"Rep\u00fablica Dominicana ser\u00e1 sede de la feria de inversi\u00f3n tur\u00edstica m\u00e1s importante del Caribe: CHICOS"},"content":{"rendered":"<p>Santo Domingo. &#8211;\u00a0<strong>El Ministerio de Turismo<\/strong>\u00a0anunci\u00f3 que Rep\u00fablica Dominicana ser\u00e1 sede de la\u00a0<strong>Cumbre de Inversi\u00f3n y Operaciones Hoteleras del Caribe (conocida por sus siglas en ingl\u00e9s como CHICOS)<\/strong>, a celebrarse en el mes de noviembre.<\/p>\n<p>El anuncio fue hecho en un acto encabezado por el\u00a0<strong>Ministro de Turismo, David Collado,<\/strong>\u00a0donde participaron Parris E. Jordan y Nicole Roantree, presidente y directora de la firma HVS, organizadora del evento, junto con representantes de<strong>\u00a0<\/strong>ASONAHORES, ProDominicana, y miembros del sector tur\u00edstico y financiero de Rep\u00fablica Dominicana.<\/p>\n<p>La cumbre de CHICOS, que se llevar\u00e1 a cabo del 9 al 11 de noviembre en el hotel Hilton de La Romana, es un evento que reunir\u00e1 a\u00a0<strong>participantes estatales, inversionistas, operadores, suplidores y dem\u00e1s miembros de la cadena de valor del turismo<\/strong>\u00a0para participar en paneles, rondas de negocios e inversi\u00f3n y otras actividades en apoyo al crecimiento del sector y profundizaci\u00f3n de los v\u00ednculos comerciales entre sus participantes.<\/p>\n<p>Entre los participantes se encuentran las\u00a0<strong>cadenas hoteleras m\u00e1s grandes del mundo,<\/strong>\u00a0junto con fondos de inversi\u00f3n y otros agentes del sector tur\u00edstico internacional.<\/p>\n<p>La presencia de esta importante feria de inversi\u00f3n tur\u00edstica en Rep\u00fablica Dominicana refleja el\u00a0<strong>liderazgo del pa\u00eds en atracci\u00f3n de capital extranjero.<\/strong><\/p>\n<p>Se recuerda que la\u00a0<strong>Conferencia de las Naciones Unidas sobre Comercio y Desarrollo (UNCTAD, por sus siglas en ingl\u00e9s)<\/strong>\u00a0reconoci\u00f3 en su informe mundial de inversi\u00f3n 2022, publicado el 9 de junio del 2022, que\u00a0<strong>Rep\u00fablica Dominicana fue el principal pa\u00eds en la\u00a0<a href=\"https:\/\/presidencia.gob.do\/noticias\/el-turismo-las-remesas-el-sector-privado-y-la-inversion-extranjera-contribuyeron-la\">recuperaci\u00f3n<\/a>\u00a0de la inversi\u00f3n extranjera en el Caribe durante el a\u00f1o 2021<\/strong>.<\/p>\n<p>En el pa\u00eds, en los \u00faltimos diez a\u00f1os, el turismo\u00a0<strong>ha aumentado su participaci\u00f3n de 5-10 %\u00a0<\/strong>en la inversi\u00f3n extranjera directa, con flujos de casi USD 200 millones de inversi\u00f3n al a\u00f1o,\u00a0<strong>a una participaci\u00f3n de m\u00e1s de 30 %,<\/strong>\u00a0con flujos de inversi\u00f3n de casi\u00a0<strong>USD 1,000<\/strong>\u00a0<strong>millones al a\u00f1o<\/strong>, seg\u00fan las estad\u00edsticas del\u00a0<strong>Banco Central de Rep\u00fablica Dominicana.<\/strong><\/p>\n<p><em>\u201cEstas cifras reflejan la consolidaci\u00f3n del sector como pilar estrat\u00e9gico para la estabilidad macroecon\u00f3mica y el crecimiento de la econom\u00eda\u201d<\/em>, manifest\u00f3 el Ministro Collado.<\/p>\n<p>El funcionario destac\u00f3 la importancia de la cumbre de CHICOS en momentos en que la recuperaci\u00f3n del turismo dominicano es total y\u00a0<strong>se proyecta alcanzar cifras r\u00e9cord a final de a\u00f1o.<\/strong><\/p>\n<p><em>\u201cSi todo sigue como va, al cerrar este 2022, Rep\u00fablica Dominicana recibir\u00e1 por primera vez m\u00e1s de 7.3 millones de turistas, un verdadero r\u00e9cord\u201d<\/em>, dijo el Ministro Collado.<\/p>\n<p>Destac\u00f3 que Rep\u00fablica Dominicana est\u00e1 en su mejor momento para la inversi\u00f3n en sector tur\u00edstico.<\/p>\n","protected":false},"excerpt":{"rendered":"<p>Santo Domingo. &#8211;\u00a0El Ministerio de Turismo\u00a0anunci\u00f3 que Rep\u00fablica Dominicana ser\u00e1 sede de la\u00a0Cumbre de Inversi\u00f3n y Operaciones Hoteleras del Caribe (conocida por sus siglas en ingl\u00e9s como CHICOS), a celebrarse&hellip; <\/p>\n","protected":false},"author":2,"featured_media":19281,"comment_status":"closed","ping_status":"closed","sticky":false,"template":"","format":"standard","meta":{"fifu_image_url":"","fifu_image_alt":"","footnotes":""},"categories":[77],"tags":[],"class_list":["post-19279","post","type-post","status-publish","format-standard","has-post-thumbnail","hentry","category-eventos-reuniones-e-incentivos"],"_links":{"self":[{"href":"https:\/\/elmundodelosnegocios.com.do\/v1\/wp-json\/wp\/v2\/posts\/19279","targetHints":{"allow":["GET"]}}],"collection":[{"href":"https:\/\/elmundodelosnegocios.com.do\/v1\/wp-json\/wp\/v2\/posts"}],"about":[{"href":"https:\/\/elmundodelosnegocios.com.do\/v1\/wp-json\/wp\/v2\/types\/post"}],"author":[{"embeddable":true,"href":"https:\/\/elmundodelosnegocios.com.do\/v1\/wp-json\/wp\/v2\/users\/2"}],"replies":[{"embeddable":true,"href":"https:\/\/elmundodelosnegocios.com.do\/v1\/wp-json\/wp\/v2\/comments?post=19279"}],"version-history":[{"count":0,"href":"https:\/\/elmundodelosnegocios.com.do\/v1\/wp-json\/wp\/v2\/posts\/19279\/revisions"}],"wp:featuredmedia":[{"embeddable":true,"href":"https:\/\/elmundodelosnegocios.com.do\/v1\/wp-json\/wp\/v2\/media\/19281"}],"wp:attachment":[{"href":"https:\/\/elmundodelosnegocios.com.do\/v1\/wp-json\/wp\/v2\/media?parent=19279"}],"wp:term":[{"taxonomy":"category","embeddable":true,"href":"https:\/\/elmundodelosnegocios.com.do\/v1\/wp-json\/wp\/v2\/categories?post=19279"},{"taxonomy":"post_tag","embeddable":true,"href":"https:\/\/elmundodelosnegocios.com.do\/v1\/wp-json\/wp\/v2\/tags?post=19279"}],"curies":[{"name":"wp","href":"https:\/\/api.w.org\/{rel}","templated":true}]}}