{"id":19283,"date":"2022-08-09T08:51:02","date_gmt":"2022-08-09T13:21:02","guid":{"rendered":"http:\/\/elmundodelosnegocios.com.do\/v1\/?p=19283"},"modified":"2022-08-09T08:51:02","modified_gmt":"2022-08-09T13:21:02","slug":"tesoreria-nacional-entrega-cheques-de-bono-de-apoyo-familiar-al-gabinete-social-primera-partida-alcanza-rd-66-millones-de-pesos","status":"publish","type":"post","link":"https:\/\/elmundodelosnegocios.com.do\/v1\/tesoreria-nacional-entrega-cheques-de-bono-de-apoyo-familiar-al-gabinete-social-primera-partida-alcanza-rd-66-millones-de-pesos\/","title":{"rendered":"Tesorer\u00eda Nacional entrega cheques de Bono de Apoyo Familiar al Gabinete Social; primera partida alcanza RD 66 millones de pesos"},"content":{"rendered":"<p style=\"font-weight: 300;\">Santo Domingo.- \u00a0La\u00a0<strong style=\"font-weight: 500;\">Tesorer\u00eda<\/strong>\u00a0<strong style=\"font-weight: 500;\">Nacional<\/strong>\u00a0inici\u00f3 la entrega, a trav\u00e9s del\u00a0<strong style=\"font-weight: 500;\">Gabinete<\/strong>\u00a0<strong style=\"font-weight: 500;\">Social<\/strong>, de los primeros\u00a0<strong style=\"font-weight: 500;\">44<\/strong>,<strong style=\"font-weight: 500;\">000<\/strong>\u00a0cheques que componen el\u00a0<strong style=\"font-weight: 500;\">Bono<\/strong>\u00a0<strong style=\"font-weight: 500;\">de<\/strong>\u00a0<strong style=\"font-weight: 500;\">Apoyo<\/strong>\u00a0<strong style=\"font-weight: 500;\">Familiar<\/strong>, con un total de\u00a0<strong style=\"font-weight: 500;\">66 millones de pesos<\/strong>, el cual beneficiar\u00e1 a\u00a0<strong style=\"font-weight: 500;\">un mill\u00f3n de hogares<\/strong>\u00a0con el pago de un monto \u00fanico de\u00a0<strong style=\"font-weight: 500;\">1<\/strong>,<strong style=\"font-weight: 500;\">500<\/strong>\u00a0<strong style=\"font-weight: 500;\">pesos<\/strong>, para mitigar y contrarrestar los efectos de la crisis postpand\u00e9mica, como anunci\u00f3 recientemente el Presidente Luis Abinader<\/p>\n<p style=\"font-weight: 300;\">As\u00ed lo inform\u00f3 mediante un comunicado\u00a0<strong style=\"font-weight: 500;\">Luis Rafael Delgado S\u00e1nchez, tesorero nacional,\u00a0<\/strong>quien precis\u00f3 que<strong style=\"font-weight: 500;\">\u00a0<\/strong>esa primera entrega abarca las provincias de Monte Plata, Azua, Bahoruco y Barahona. Tambi\u00e9n Dajab\u00f3n, El Seibo, El\u00edas Pi\u00f1a Independencia, Monte Cristi, Pedernales, Peravia, San Jos\u00e9 de Ocoa, San Juan de la Maguana y Sanchez Ram\u00edrez, indic\u00f3.<\/p>\n<p style=\"font-weight: 300;\"><em>\u201cLa cantidad exacta de cheques entregados hasta la fecha es de 29,380, distribuidos en las citadas provincias en esta primera fase, mientras que en una segunda etapa se continuar\u00e1 con el resto del pa\u00eds\u201d<\/em>, agreg\u00f3 Delgado S\u00e1nchez.<\/p>\n<p style=\"font-weight: 300;\">Sostuvo que las presentes autoridades seguir\u00e1n acompa\u00f1ando y apostando por los que menos tienen y por\u00a0<strong style=\"font-weight: 500;\">una pol\u00edtica social centrada en sus necesidades y atendiendo sus peticiones.<\/strong><\/p>\n<p style=\"font-weight: 300;\">El Gobierno dominicano lanza este bono a trav\u00e9s del\u00a0<strong style=\"font-weight: 500;\">Gabinete de Coordinaci\u00f3n de Pol\u00edticas Sociales<\/strong>, en combinaci\u00f3n con el\u00a0<strong style=\"font-weight: 500;\">Programa Sup\u00e9rate y la Administradora de Subsidios Sociales (ADESS).<\/strong><\/p>\n<p style=\"font-weight: 300;\">Los beneficiarios fueron seleccionados por el\u00a0<strong style=\"font-weight: 500;\">Sistema U\u0301nico de Beneficiarios (SIUBEN),<\/strong>\u00a0luego de un\u00a0<strong style=\"font-weight: 500;\">riguroso proceso de depuraci\u00f3n<\/strong>\u00a0en el que se identific\u00f3 a un mill\u00f3n de ciudadanos que, por su condici\u00f3n de pobreza, fueron considerados para recibir el incentivo econ\u00f3mico.<\/p>\n<p style=\"font-weight: 300;\">En ese sentido,\u00a0<strong style=\"font-weight: 500;\">el Bono de Apoyo Familiar est\u00e1 estrictamente dirigido a<\/strong>\u00a0<strong style=\"font-weight: 500;\">jefes y jefas de hogar dentro del \u00edndice de calidad de vida I y II\u00a0<\/strong>y que no reciben el subsidio Alim\u00e9ntate, finaliz\u00f3 el tesorero nacional.<\/p>\n","protected":false},"excerpt":{"rendered":"<p>Santo Domingo.- \u00a0La\u00a0Tesorer\u00eda\u00a0Nacional\u00a0inici\u00f3 la entrega, a trav\u00e9s del\u00a0Gabinete\u00a0Social, de los primeros\u00a044,000\u00a0cheques que componen el\u00a0Bono\u00a0de\u00a0Apoyo\u00a0Familiar, con un total de\u00a066 millones de pesos, el cual beneficiar\u00e1 a\u00a0un mill\u00f3n de hogares\u00a0con el pago&hellip; <\/p>\n","protected":false},"author":2,"featured_media":19284,"comment_status":"closed","ping_status":"closed","sticky":false,"template":"","format":"standard","meta":{"fifu_image_url":"","fifu_image_alt":"","footnotes":""},"categories":[94],"tags":[],"class_list":["post-19283","post","type-post","status-publish","format-standard","has-post-thumbnail","hentry","category-finanzas"],"_links":{"self":[{"href":"https:\/\/elmundodelosnegocios.com.do\/v1\/wp-json\/wp\/v2\/posts\/19283","targetHints":{"allow":["GET"]}}],"collection":[{"href":"https:\/\/elmundodelosnegocios.com.do\/v1\/wp-json\/wp\/v2\/posts"}],"about":[{"href":"https:\/\/elmundodelosnegocios.com.do\/v1\/wp-json\/wp\/v2\/types\/post"}],"author":[{"embeddable":true,"href":"https:\/\/elmundodelosnegocios.com.do\/v1\/wp-json\/wp\/v2\/users\/2"}],"replies":[{"embeddable":true,"href":"https:\/\/elmundodelosnegocios.com.do\/v1\/wp-json\/wp\/v2\/comments?post=19283"}],"version-history":[{"count":0,"href":"https:\/\/elmundodelosnegocios.com.do\/v1\/wp-json\/wp\/v2\/posts\/19283\/revisions"}],"wp:featuredmedia":[{"embeddable":true,"href":"https:\/\/elmundodelosnegocios.com.do\/v1\/wp-json\/wp\/v2\/media\/19284"}],"wp:attachment":[{"href":"https:\/\/elmundodelosnegocios.com.do\/v1\/wp-json\/wp\/v2\/media?parent=19283"}],"wp:term":[{"taxonomy":"category","embeddable":true,"href":"https:\/\/elmundodelosnegocios.com.do\/v1\/wp-json\/wp\/v2\/categories?post=19283"},{"taxonomy":"post_tag","embeddable":true,"href":"https:\/\/elmundodelosnegocios.com.do\/v1\/wp-json\/wp\/v2\/tags?post=19283"}],"curies":[{"name":"wp","href":"https:\/\/api.w.org\/{rel}","templated":true}]}}