{"id":19306,"date":"2022-08-10T10:28:06","date_gmt":"2022-08-10T14:58:06","guid":{"rendered":"http:\/\/elmundodelosnegocios.com.do\/v1\/?p=19306"},"modified":"2022-08-10T10:28:06","modified_gmt":"2022-08-10T14:58:06","slug":"ministro-collado-anuncia-que-rd-sera-sede-de-la-feria-de-inversion-turistica-mas-importante-del-caribe","status":"publish","type":"post","link":"https:\/\/elmundodelosnegocios.com.do\/v1\/ministro-collado-anuncia-que-rd-sera-sede-de-la-feria-de-inversion-turistica-mas-importante-del-caribe\/","title":{"rendered":"Ministro Collado anuncia que RD ser\u00e1 sede de la feria de inversi\u00f3n tur\u00edstica m\u00e1s importante del Caribe"},"content":{"rendered":"<p><strong>SANTO DOMINGO<\/strong>. -La recuperaci\u00f3n total del turismo y los ingresos generados por el sector en estos dos a\u00f1os de gesti\u00f3n del presidente Luis Abinader han sido fundamentales para mantener la estabilidad macroecon\u00f3mica en el pa\u00eds.<\/p>\n<p>As\u00ed lo inform\u00f3 el ministro de Turismo, David Collado, tras anunciar este lunes que Rep\u00fablica Dominicana ser\u00e1 sede de la cumbre de Inversi\u00f3n y Operaciones Hoteleras del Caribe (conocida por sus siglas en ingl\u00e9s como CHICOS), a celebrarse en el mes de noviembre.<\/p>\n<p>El anuncio fue hecho en un acto encabezado por el ministro Collado y donde participaron el presidente y la directora de la firma organizadora del evento (HVS), Parris Jordan y Nicole Roantree, respectivamente, junto con representantes de ASONAHORES, ProDominicana, y miembros del sector tur\u00edstico y financiero de Rep\u00fablica Dominicana.<\/p>\n<p>La cumbre de CHICOS, que se llevar\u00e1 a cabo del 9 al 11 de noviembre en el hotel Hilton de La Romana, es un evento que reunir\u00e1 a participantes estatales, inversionistas, operadores, suplidores y dem\u00e1s miembros de la cadena de valor del turismo para participar en paneles, rondas de negocios e inversi\u00f3n y otras actividades en apoyo al crecimiento del sector y profundizaci\u00f3n de los v\u00ednculos comerciales entre sus participantes.<\/p>\n<p>Entre los participantes se encuentran las cadenas hoteleras m\u00e1s grandes del mundo, junto con fondos de inversi\u00f3n y otros agentes del sector tur\u00edstico internacional.<\/p>\n<p><img loading=\"lazy\" decoding=\"async\" class=\"alignnone wp-image-35147\" src=\"https:\/\/www.mitur.gob.do\/wp-content\/uploads\/2022\/08\/DSC_7418-1-300x200.jpg\" sizes=\"auto, (max-width: 655px) 100vw, 655px\" srcset=\"https:\/\/www.mitur.gob.do\/wp-content\/uploads\/2022\/08\/DSC_7418-1-300x200.jpg 300w, https:\/\/www.mitur.gob.do\/wp-content\/uploads\/2022\/08\/DSC_7418-1-1024x681.jpg 1024w, https:\/\/www.mitur.gob.do\/wp-content\/uploads\/2022\/08\/DSC_7418-1-768x511.jpg 768w, https:\/\/www.mitur.gob.do\/wp-content\/uploads\/2022\/08\/DSC_7418-1-1536x1022.jpg 1536w, https:\/\/www.mitur.gob.do\/wp-content\/uploads\/2022\/08\/DSC_7418-1-2048x1363.jpg 2048w, https:\/\/www.mitur.gob.do\/wp-content\/uploads\/2022\/08\/DSC_7418-1-24x16.jpg 24w, https:\/\/www.mitur.gob.do\/wp-content\/uploads\/2022\/08\/DSC_7418-1-36x24.jpg 36w, https:\/\/www.mitur.gob.do\/wp-content\/uploads\/2022\/08\/DSC_7418-1-48x32.jpg 48w\" alt=\"\" width=\"655\" height=\"436\" \/><\/p>\n<p>La presencia de esta importante feria de inversi\u00f3n tur\u00edstica en Rep\u00fablica Dominicana refleja el liderazgo del pa\u00eds en atracci\u00f3n de capital extranjero.<\/p>\n<p>Se recuerda que la Conferencia de las Naciones Unidas sobre Comercio y Desarrollo (UNCTAD, por sus siglas en ingl\u00e9s) reconoci\u00f3 en su informe mundial de inversi\u00f3n 2022, publicado el 9 de junio del 2022, que Rep\u00fablica<\/p>\n<p>Dominicana fue el principal pa\u00eds en la recuperaci\u00f3n de la inversi\u00f3n extranjera en el Caribe durante el a\u00f1o 2021.<\/p>\n<p>En Quisqueya, en los \u00faltimos diez a\u00f1os, el turismo ha aumentado su participaci\u00f3n de 5-10% en la inversi\u00f3n extranjera directa, con flujos de casi US$200 millones de inversi\u00f3n al a\u00f1o, a una participaci\u00f3n de m\u00e1s de 30%, con flujos de inversi\u00f3n de casi US$1,000 millones al a\u00f1o, seg\u00fan las estad\u00edsticas del Banco Central de Rep\u00fablica Dominicana.<\/p>\n<p>\u201cEstas cifras reflejan la consolidaci\u00f3n del sector como pilar estrat\u00e9gico para la estabilidad macroecon\u00f3mica y el crecimiento de la econom\u00eda\u201d, manifest\u00f3 el ministro Collado.<\/p>\n<p>El funcionario destac\u00f3 la importancia de la cumbre de CHICOS en momentos en que la recuperaci\u00f3n del turismo dominicano es total y se proyecta alcanzar cifras r\u00e9cord a final de a\u00f1o.<\/p>\n<p>\u201cSi todo sigue como va, al cerrar este 2022, Rep\u00fablica Dominicana recibir\u00e1 por primera vez m\u00e1s de 7.3 millones de turistas, un verdadero r\u00e9cords\u201d, dijo el ministro Collado.<\/p>\n<p>Expres\u00f3 que Rep\u00fablica Dominicana est\u00e1 en su mejor momento para la inversi\u00f3n en sector tur\u00edstico.<\/p>\n","protected":false},"excerpt":{"rendered":"<p>SANTO DOMINGO. -La recuperaci\u00f3n total del turismo y los ingresos generados por el sector en estos dos a\u00f1os de gesti\u00f3n del presidente Luis Abinader han sido fundamentales para mantener la&hellip; <\/p>\n","protected":false},"author":2,"featured_media":19307,"comment_status":"closed","ping_status":"closed","sticky":false,"template":"","format":"standard","meta":{"fifu_image_url":"","fifu_image_alt":"","footnotes":""},"categories":[77],"tags":[],"class_list":["post-19306","post","type-post","status-publish","format-standard","has-post-thumbnail","hentry","category-eventos-reuniones-e-incentivos"],"_links":{"self":[{"href":"https:\/\/elmundodelosnegocios.com.do\/v1\/wp-json\/wp\/v2\/posts\/19306","targetHints":{"allow":["GET"]}}],"collection":[{"href":"https:\/\/elmundodelosnegocios.com.do\/v1\/wp-json\/wp\/v2\/posts"}],"about":[{"href":"https:\/\/elmundodelosnegocios.com.do\/v1\/wp-json\/wp\/v2\/types\/post"}],"author":[{"embeddable":true,"href":"https:\/\/elmundodelosnegocios.com.do\/v1\/wp-json\/wp\/v2\/users\/2"}],"replies":[{"embeddable":true,"href":"https:\/\/elmundodelosnegocios.com.do\/v1\/wp-json\/wp\/v2\/comments?post=19306"}],"version-history":[{"count":0,"href":"https:\/\/elmundodelosnegocios.com.do\/v1\/wp-json\/wp\/v2\/posts\/19306\/revisions"}],"wp:featuredmedia":[{"embeddable":true,"href":"https:\/\/elmundodelosnegocios.com.do\/v1\/wp-json\/wp\/v2\/media\/19307"}],"wp:attachment":[{"href":"https:\/\/elmundodelosnegocios.com.do\/v1\/wp-json\/wp\/v2\/media?parent=19306"}],"wp:term":[{"taxonomy":"category","embeddable":true,"href":"https:\/\/elmundodelosnegocios.com.do\/v1\/wp-json\/wp\/v2\/categories?post=19306"},{"taxonomy":"post_tag","embeddable":true,"href":"https:\/\/elmundodelosnegocios.com.do\/v1\/wp-json\/wp\/v2\/tags?post=19306"}],"curies":[{"name":"wp","href":"https:\/\/api.w.org\/{rel}","templated":true}]}}