{"id":19311,"date":"2022-08-11T03:00:45","date_gmt":"2022-08-11T07:30:45","guid":{"rendered":"https:\/\/elmundodelosnegocios.com.do\/v1\/index.php\/2022\/08\/11\/celebridades-y-jovenes-activistas-se-unen-a-la-conference-of-the-people-de-puma-para-ayudar-a-encontrar-soluciones-a-los-desafios-de-sostenibilidad-de-la-industria\/"},"modified":"2022-08-11T03:00:45","modified_gmt":"2022-08-11T07:30:45","slug":"celebridades-y-jovenes-activistas-se-unen-a-la-conference-of-the-people-de-puma-para-ayudar-a-encontrar-soluciones-a-los-desafios-de-sostenibilidad-de-la-industria","status":"publish","type":"post","link":"https:\/\/elmundodelosnegocios.com.do\/v1\/celebridades-y-jovenes-activistas-se-unen-a-la-conference-of-the-people-de-puma-para-ayudar-a-encontrar-soluciones-a-los-desafios-de-sostenibilidad-de-la-industria\/","title":{"rendered":"Celebridades y j\u00f3venes activistas se unen a la \u00abConference of the People\u00bb de PUMA para ayudar a encontrar soluciones a los desaf\u00edos de sostenibilidad de la industria"},"content":{"rendered":"<p>HERZOGENAURACH, Alemania&#8211;(BUSINESS WIRE)&#8211;La empresa deportiva PUMA contar\u00e1 con la presencia de celebridades y j\u00f3venes activistas durante su \u00abConference of the People\u00bb, de un d\u00eda de duraci\u00f3n, que se celebrar\u00e1 en Londres el 6 de septiembre. En dicho evento se abordar\u00e1n cuestiones relativas a algunos de los desaf\u00edos m\u00e1s acuciantes que tiene la industria de la moda en materia de sostenibilidad, con especial atenci\u00f3n a la Generaci\u00f3n Z.<\/p>\n<p>Junto a la actriz, modelo y activista Cara Delevingne, el escritor, director y locutor Reggie Yates se encargar\u00e1 de guiar al p\u00fablico durante el evento. Las mesas redondas estar\u00e1n dirigidas por el presentador de televisi\u00f3n, medallista paral\u00edmpico y Miembro de la Orden del Imperio brit\u00e1nico Ade Adepitan, la periodista especializada en moda sostenible Sophie Benson y la editora de temas de sostenibilidad de Vogue Business, Bella Webb. Los debates se centrar\u00e1n en los residuos y la vida \u00fatil de los productos, en el uso de materiales m\u00e1s sostenibles, en la gesti\u00f3n de la \u00abecoansiedad\u00bb, en la protecci\u00f3n de los ecosistemas y en la b\u00fasqueda de formas de colaboraci\u00f3n del sector para lograr resultados lo antes posible.<\/p>\n<p>\u00abA lo largo de los a\u00f1os he realizado documentales que se adentran en el mundo de la moda y la sostenibilidad. Los debates que han suscitado esas pel\u00edculas han resultado, como m\u00ednimo, inspiradores\u00bb, afirm\u00f3 Reggie Yates. \u00abMe encanta la idea de participar en un evento en el que la prioridad es hacer hincapi\u00e9 en las soluciones\u00bb.<\/p>\n<p>El objetivo de la \u00abConference of the People\u00bb, impulsada por PUMA, es que se oiga la opini\u00f3n de las generaciones j\u00f3venes en lo que se refiere a tomar decisiones en el presente que marcar\u00e1n su futuro. El primer debate del evento girar\u00e1 en torno a los residuos y a algunas de las soluciones que la industria puede encontrar para ser m\u00e1s circular. Como ejemplo, PUMA ofrecer\u00e1 un informe sobre su proyecto RE:SUEDE, cuyo objetivo es probar una versi\u00f3n biodegradable de la zapatilla Suede, la m\u00e1s emblem\u00e1tica de la empresa.<\/p>\n<p>En un debate sobre materiales se investigar\u00e1 qu\u00e9 pueden hacer las marcas para lograr un impacto medioambiental positivo a escala mediante el uso de fuentes m\u00e1s sostenibles de algod\u00f3n, poli\u00e9ster y otros tejidos. En otra de las charlas se tratar\u00e1 el tema de la biodiversidad y se mostrar\u00e1 c\u00f3mo la elecci\u00f3n de nuevos materiales innovadores puede ser parte de la soluci\u00f3n.<\/p>\n<p>La denominada \u00abecoansiedad\u00bb se ha convertido en un tema dif\u00edcil para muchos j\u00f3venes, en medio de un flujo constante de informes negativos sobre el estado del medioambiente. Con la participaci\u00f3n de Cara Delevingne, un panel mostrar\u00e1 algunas formas de convertir esa energ\u00eda negativa en acci\u00f3n positiva. Por \u00faltimo, se debatir\u00e1 sobre la manera en que el sector de la moda puede ponerse de acuerdo para acelerar los resultados positivos para el medioambiente.<\/p>\n<p>Entre los representantes de la Generaci\u00f3n Z que participar\u00e1n en los debates estar\u00e1n las \u00abinfluencers\u00bb del estilo de vida sostenible Monika Poppy e Izzy Manuel, el cofundador de Flock Together, Nadeem Perera, y los cofundadores de Earthrise Studios, Jack Harries y Alice Aedy.<\/p>\n<p>La \u00abConference of the People\u00bb arrancar\u00e1 el 6 de septiembre a las 12:30 horas BST (13:30 horas CET, 6:30 horas CT) en Londres, para 225 invitados. El acceso a la transmisi\u00f3n en directo del evento es totalmente gratuito para todos.<\/p>\n<p>Para inscribirse e informarse, visite PUMACOP.com<\/p>\n<p>PUMA<\/p>\n<p>PUMA, una de las marcas deportivas m\u00e1s importantes del mundo, dise\u00f1a, desarrolla, vende y comercializa calzado, ropa y accesorios. En sus m\u00e1s de 70 a\u00f1os de existencia, PUMA ha impulsado de forma incansable el deporte y la cultura con la creaci\u00f3n de productos para los atletas m\u00e1s r\u00e1pidos del mundo. PUMA ofrece productos de rendimiento y estilo de vida inspirados en el deporte en categor\u00edas como el f\u00fatbol, las carreras y el entrenamiento, el b\u00e1squetbol, el golf y el automovilismo. Colabora con dise\u00f1adores y marcas de renombre para llevar las tendencias deportivas a la cultura de la calle y a la moda. El Grupo PUMA es propietario de las marcas PUMA, Cobra Golf y stichd. La empresa distribuye sus productos en m\u00e1s de 120 pa\u00edses, tiene una plantilla de unos 16 000 empleados en todo el mundo y su sede est\u00e1 en Herzogenaurach (Alemania).<\/p>\n<p>El texto original en el idioma fuente de este comunicado es la versi\u00f3n oficial autorizada. Las traducciones solo se suministran como adaptaci\u00f3n y deben cotejarse con el texto en el idioma fuente, que es la \u00fanica versi\u00f3n del texto que tendr\u00e1 un efecto legal.<br \/>\n Contacts<br \/>\nContacto de prensa:Kerstin Neuber \u2013 Comunicaciones corporativas &#8211; PUMA SE<br \/>\n+49 9132 81 2984<br \/>\nkerstin.neuber@puma.com<\/p>\n","protected":false},"excerpt":{"rendered":"<p>HERZOGENAURACH, Alemania&#8211;(BUSINESS WIRE)&#8211;La empresa deportiva PUMA contar\u00e1 con la presencia de celebridades y j\u00f3venes activistas durante su \u00abConference of the People\u00bb, de un d\u00eda de duraci\u00f3n, que se celebrar\u00e1 en&hellip; <\/p>\n","protected":false},"author":2,"featured_media":0,"comment_status":"closed","ping_status":"closed","sticky":false,"template":"","format":"standard","meta":{"fifu_image_url":"","fifu_image_alt":"","footnotes":""},"categories":[252],"tags":[253],"class_list":["post-19311","post","type-post","status-publish","format-standard","hentry","category-business-wire","tag-business-wire"],"_links":{"self":[{"href":"https:\/\/elmundodelosnegocios.com.do\/v1\/wp-json\/wp\/v2\/posts\/19311","targetHints":{"allow":["GET"]}}],"collection":[{"href":"https:\/\/elmundodelosnegocios.com.do\/v1\/wp-json\/wp\/v2\/posts"}],"about":[{"href":"https:\/\/elmundodelosnegocios.com.do\/v1\/wp-json\/wp\/v2\/types\/post"}],"author":[{"embeddable":true,"href":"https:\/\/elmundodelosnegocios.com.do\/v1\/wp-json\/wp\/v2\/users\/2"}],"replies":[{"embeddable":true,"href":"https:\/\/elmundodelosnegocios.com.do\/v1\/wp-json\/wp\/v2\/comments?post=19311"}],"version-history":[{"count":0,"href":"https:\/\/elmundodelosnegocios.com.do\/v1\/wp-json\/wp\/v2\/posts\/19311\/revisions"}],"wp:attachment":[{"href":"https:\/\/elmundodelosnegocios.com.do\/v1\/wp-json\/wp\/v2\/media?parent=19311"}],"wp:term":[{"taxonomy":"category","embeddable":true,"href":"https:\/\/elmundodelosnegocios.com.do\/v1\/wp-json\/wp\/v2\/categories?post=19311"},{"taxonomy":"post_tag","embeddable":true,"href":"https:\/\/elmundodelosnegocios.com.do\/v1\/wp-json\/wp\/v2\/tags?post=19311"}],"curies":[{"name":"wp","href":"https:\/\/api.w.org\/{rel}","templated":true}]}}