{"id":19320,"date":"2022-08-12T03:00:39","date_gmt":"2022-08-12T07:30:39","guid":{"rendered":"https:\/\/elmundodelosnegocios.com.do\/v1\/index.php\/2022\/08\/12\/la-fundacion-cultural-latin-grammy-otorga-la-beca-sofia-carson-a-valentina-garcia\/"},"modified":"2022-08-12T03:00:39","modified_gmt":"2022-08-12T07:30:39","slug":"la-fundacion-cultural-latin-grammy-otorga-la-beca-sofia-carson-a-valentina-garcia","status":"publish","type":"post","link":"https:\/\/elmundodelosnegocios.com.do\/v1\/la-fundacion-cultural-latin-grammy-otorga-la-beca-sofia-carson-a-valentina-garcia\/","title":{"rendered":"LA FUNDACI\u00d3N CULTURAL LATIN GRAMMY\u00ae OTORGA LA BECA SOFIA CARSON A VALENTINA GARC\u00cdA"},"content":{"rendered":"<p>Adem\u00e1s, la Fundaci\u00f3n anunci\u00f3 que 43 estudiantes de m\u00fasica a nivel mundial recibir\u00e1n becas para ayudar a financiar su educaci\u00f3n<\/p>\n<p>Para im\u00e1genes haga clic aqu\u00ed<br \/>\nMIAMI&#8211;(BUSINESS WIRE)&#8211;La Fundaci\u00f3n Cultural Latin GRAMMY\u00ae otorg\u00f3 la Beca Sofia Carson a la vocalista y estudiante Valentina Garc\u00eda, de 19 a\u00f1os, durante una presentaci\u00f3n especial con la artista en Miami. La Beca Prodigio (Beca Sofia Carson), creada hace ocho a\u00f1os para apoyar la educaci\u00f3n musical y los g\u00e9neros de m\u00fasica latina, tiene un valor m\u00e1ximo de $200,000 d\u00f3lares y permitir\u00e1 que Garc\u00eda curse una licenciatura en el Berklee College of Music en Boston a partir del oto\u00f1o.<\/p>\n<p>La venezolana fue seleccionada por el Comit\u00e9 de Becas de la Fundaci\u00f3n entre un grupo muy competitivo de cientos de solicitantes de todo el mundo. Desde su creaci\u00f3n, la Fundaci\u00f3n Cultural Latin GRAMMY ha asignado la extraordinaria suma de m\u00e1s de $7.6 millones de d\u00f3lares a becas, subvenciones, instrumentos musicales y eventos educativos en todo Estados Unidos e Iberoam\u00e9rica.<\/p>\n<p>\u201cA\u00f1o tras a\u00f1o, nos sentimos honorados por la cantidad y la calidad de inscripciones que recibimos para nuestras becas. Es inspirador ver el gran n\u00famero de j\u00f3venes comprometidos con su vocaci\u00f3n de convertirse en futuros creadores de m\u00fasica latina\u201d, dijo Manuel Abud, CEO de La Academia Latina de la Grabaci\u00f3n\u00ae. \u201cDesde sus inicios y contra todo tipo de adversidades, nuestra Fundaci\u00f3n ha estado enfocada en otorgar casi un mill\u00f3n de d\u00f3lares en becas cada a\u00f1o, gracias a la generosidad de artistas como Sofia Carson, que contin\u00faan solidificando el legado de la m\u00fasica latina y preservando este programa para futuras generaciones\u201d.<\/p>\n<p>\u201cHa sido un privilegio ser testigo de la misi\u00f3n transformadora de la Fundaci\u00f3n Cultural Latin GRAMMY, que cambia vidas a trav\u00e9s del poder de la educaci\u00f3n musical\u201d, dijo Sofia Carson, Embajadora Global de la Fundaci\u00f3n Cultural Latin GRAMMY. \u201cEs un honor para m\u00ed asociarme con mi familia de la Fundaci\u00f3n para entregar a Valentina la Beca Prodigio. Es una joven brillante y merecedora, cuya voz y talento nos asombraron. Espero que juntos sigamos amplificando y elevando las poderosas voces latinas en todos los rincones del mundo\u201d.<\/p>\n<p>\u201cJuntos, Sofia Carson y la Fundaci\u00f3n Cultural Latin GRAMMY han cambiado mi vida para mejor. Siempre estar\u00e9 agradecida por su generosidad y las puertas que han abierto\u201d, dijo Garc\u00eda. \u201cReci\u00e9n empieza mi trayectoria, y ya que soy testigo del impacto que la Fundaci\u00f3n ha tenido en la vida de m\u00fasicos latinos en todo el mundo. Y es justamente esa la raz\u00f3n por la que he decidido dedicarme a la m\u00fasica, para que a trav\u00e9s de ella pueda ayudar a otros y ser una voz a favor de los m\u00e1s necesitados\u201d.<\/p>\n<p>La Fundaci\u00f3n tambi\u00e9n anunci\u00f3 a los ganadores de las Becas Talento para Matr\u00edcula y Becas de Asistencia para Matr\u00edcula que otorga anualmente, y que permitir\u00e1n que 43 talentosos estudiantes de diversos or\u00edgenes tengan la oportunidad de estudiar en algunas de las m\u00e1s prestigiosas instituciones musicales del mundo.<\/p>\n<p>Beneficiarios de las Becas Talento para Matr\u00edcula:<\/p>\n<p>Cada uno de estos tres estudiantes recibir\u00e1 una Beca Talento para Matr\u00edcula, con un valor m\u00e1ximo de $100,000 d\u00f3lares durante cuatro a\u00f1os, para una matr\u00edcula en la universidad o instituci\u00f3n de su selecci\u00f3n:<\/p>\n<p>Ferr\u00e1n Rico, bajista el\u00e9ctrico de Espa\u00f1a<\/p>\n<p>Juan Camilo Doria, saxofonista tenor de Colombia<\/p>\n<p>Alejo Villareal, bajista el\u00e9ctrico de Argentina<\/p>\n<p>La donaci\u00f3n de $100,000 d\u00f3lares a Juan Camilo Doria, la Beca Nader Art Museum, fue patrocinada por Gary Nader, coleccionista de arte a nivel internacional, fil\u00e1ntropo y due\u00f1o de una galer\u00eda arte.<\/p>\n<p>Beneficiarios de las Becas de Asistencia para Matr\u00edcula:<\/p>\n<p>Adem\u00e1s, cada uno de los siguientes 40 estudiantes recibir\u00e1 la Beca de Asistencia para Matr\u00edcula por un a\u00f1o, con un valor m\u00e1ximo de $10,000 d\u00f3lares, para una matr\u00edcula en la universidad o instituci\u00f3n de su selecci\u00f3n:<\/p>\n<p>Beneficiario<\/p>\n<p>Pa\u00eds de origen<\/p>\n<p>Instrumento principal<\/p>\n<p>Instituci\u00f3n\/Universidad<\/p>\n<p>Stephanie Acosta<\/p>\n<p>Colombia<\/p>\n<p>Voz<\/p>\n<p>Berklee College of Music, Boston<\/p>\n<p>Cintia Aguilar<\/p>\n<p>Venezuela<\/p>\n<p>Voz<\/p>\n<p>Longy School of Music of Bard College, Boston<\/p>\n<p>Luis Anselmi<\/p>\n<p>Venezuela<\/p>\n<p>Cuatro venezolano<\/p>\n<p>Humber College, Canad\u00e1<\/p>\n<p>Cobe Isai<\/p>\n<p>Banda Salcido<\/p>\n<p>M\u00e9xico<\/p>\n<p>Guitarra<\/p>\n<p>Tecnol\u00f3gico de Monterrey, M\u00e9xico<\/p>\n<p>Rafael Beck<\/p>\n<p>d&#8217;Avila Mello<\/p>\n<p>Brasil<\/p>\n<p>Flauta<\/p>\n<p>Faculdade e Conservat\u00f3rio Souza Lima, Brasil<\/p>\n<p>Joaqu\u00edn Bonilla<\/p>\n<p>Ecuador<\/p>\n<p>Flauta<\/p>\n<p>Chicago College of Performing Arts at Roosevelt Universidad<\/p>\n<p>Gabriel Braga<\/p>\n<p>Brasil<\/p>\n<p>Tromb\u00f3n<\/p>\n<p>Faculdade e Conservat\u00f3rio Souza Lima, Brasil<\/p>\n<p>Sebasti\u00e1n Castillo<\/p>\n<p>Panam\u00e1<\/p>\n<p>Piano<\/p>\n<p>Berklee College of Music, Boston<\/p>\n<p>Nicol\u00e1s Castro Granados<\/p>\n<p>Colombia<\/p>\n<p>Saxof\u00f3n<\/p>\n<p>Conservatorio Superior de M\u00fasica de Castilla y Le\u00f3n, Salamanca, Espa\u00f1a<\/p>\n<p>Lorenzo Curik<\/p>\n<p>Argentina<\/p>\n<p>Bater\u00eda<\/p>\n<p>Berklee College of Music, Boston<\/p>\n<p>Arthur de Souza Lima Scarpini<\/p>\n<p>Brasil<\/p>\n<p>Guitarra<\/p>\n<p>Faculdade e Conservat\u00f3rio Souza Lima, Brasil<\/p>\n<p>Abner Felipe Dos Santos Martins<\/p>\n<p>Brasil<\/p>\n<p>Guitarra<\/p>\n<p>Faculdade e Conservat\u00f3rio Souza Lima, Brasil<\/p>\n<p>Marien Femerling Garc\u00eda<\/p>\n<p>M\u00e9xico<\/p>\n<p>Piano<\/p>\n<p>Manhattan School of Music, New York<\/p>\n<p>Jhoely Garay<\/p>\n<p>M\u00e9xico<\/p>\n<p>Guitarra<\/p>\n<p>Manhattan School of Music, New York<\/p>\n<p>Francisco Garrido<\/p>\n<p>Venezuela<\/p>\n<p>Guitarra<\/p>\n<p>Conservatorium van Amsterdam, Netherlands<\/p>\n<p>Andr\u00e9s Guerra<\/p>\n<p>Venezuela<\/p>\n<p>Guitarra<\/p>\n<p>The New School, New York<\/p>\n<p>Maximiliano Jaime<\/p>\n<p>Colombia<\/p>\n<p>Bater\u00eda<\/p>\n<p>Berklee College of Music, Boston<\/p>\n<p>Dami\u00e1n Kompel<\/p>\n<p>Argentina<\/p>\n<p>Clarinete<\/p>\n<p>Berklee College of Music, Boston<\/p>\n<p>Marina Marchi Silveira<\/p>\n<p>Brasil<\/p>\n<p>Voz<\/p>\n<p>Faculdade e Conservat\u00f3rio Souza Lima, Brasil<\/p>\n<p>Sebasti\u00e1n Mari\u00f1o<\/p>\n<p>Puerto Rico<\/p>\n<p>Saxof\u00f3n<\/p>\n<p>Conservatorio de M\u00fasica de Puerto Rico<\/p>\n<p>Sim\u00f3n Mart\u00ednez<\/p>\n<p>Ecuador<\/p>\n<p>Piano<\/p>\n<p>Berklee College of Music, Boston<\/p>\n<p>Octavio Mujica<\/p>\n<p>Estados Unidos<\/p>\n<p>Violonchelo<\/p>\n<p>San Francisco Conservatory of Music<\/p>\n<p>Marcelo Murillo<\/p>\n<p>Estados Unidos<\/p>\n<p>Bater\u00eda<\/p>\n<p>University of Oregon<\/p>\n<p>Andr\u00e9s Nali<\/p>\n<p>Venezuela<\/p>\n<p>Percusi\u00f3n<\/p>\n<p>Berklee College of Music, Boston<\/p>\n<p>Gabriel Nieves<\/p>\n<p>M\u00e9xico<\/p>\n<p>Flauta<\/p>\n<p>Conservatorio de las Rosas, M\u00e9xico<\/p>\n<p>Rafael Nocedo Gonz\u00e1lez<\/p>\n<p>Cuba<\/p>\n<p>Piano<\/p>\n<p>Berklee College of Music, Boston<\/p>\n<p>Daniel Olivero<\/p>\n<p>Venezuela<\/p>\n<p>Voz<\/p>\n<p>Berklee College of Music, Boston<\/p>\n<p>Andr\u00e9s Felipe Palacios Rodas<\/p>\n<p>Colombia<\/p>\n<p>Guitarra<\/p>\n<p>Peabody Institute of the John Hopkins Universidad, Baltimore<\/p>\n<p>Jo\u00e3o V\u00edtor Aredes Martins Paulo<\/p>\n<p>Brasil<\/p>\n<p>Bater\u00eda<\/p>\n<p>Faculdade e Conservat\u00f3rio Souza Lima, Brasil<\/p>\n<p>Kalebe Requena<\/p>\n<p>Brasil<\/p>\n<p>Trompeta<\/p>\n<p>Faculdade e Conservat\u00f3rio Souza Lima, Brasil<\/p>\n<p>Oscar Rojas<\/p>\n<p>M\u00e9xico<\/p>\n<p>Piano<\/p>\n<p>Berklee College of Music, Boston<\/p>\n<p>Isaac Romagosa<\/p>\n<p>Espa\u00f1a<\/p>\n<p>Guitarra<\/p>\n<p>Berklee College of Music, Boston<\/p>\n<p>Orlando Salazar<\/p>\n<p>Venezuela<\/p>\n<p>Oboe<\/p>\n<p>Longy School of Music of Bard College, Boston<\/p>\n<p>Juan Seb\u00e1stian S\u00e1nchez<\/p>\n<p>Colombia<\/p>\n<p>Percusi\u00f3n<\/p>\n<p>Berklee College of Music, Boston<\/p>\n<p>Joao Semedo<\/p>\n<p>Portugal<\/p>\n<p>Vibr\u00e1fono<\/p>\n<p>Berklee College of Music, Boston<\/p>\n<p>Kristalis Sotomayor<\/p>\n<p>Puerto Rico<\/p>\n<p>Flauta<\/p>\n<p>Boston Conservatory, Boston<\/p>\n<p>Gustavo Tenes<\/p>\n<p>Brasil<\/p>\n<p>Bajo el\u00e9ctrico<\/p>\n<p>Faculdade e Conservat\u00f3rio Souza Lima, Brasil<\/p>\n<p>\u00c1ngela Varo Moreno<\/p>\n<p>Espa\u00f1a<\/p>\n<p>Viol\u00edn<\/p>\n<p>Berklee College of Music, Boston<\/p>\n<p>Ayin Villagra-Brown<\/p>\n<p>Chile<\/p>\n<p>Piano<\/p>\n<p>The New School, New York<\/p>\n<p>Marcus Vinicius de Oliveira Figueiredo da Silva<\/p>\n<p>Brasil<\/p>\n<p>Contrabajo<\/p>\n<p>Royal Northern College of Music, England<\/p>\n<p>ACERCA DE LA FUNDACI\u00d3N CULTURAL LATIN GRAMMY:<\/p>\n<p>La Fundaci\u00f3n Cultural Latin GRAMMY\u00ae es una organizaci\u00f3n ben\u00e9fica 501(c)(3) establecida por La Academia Latina de la Grabaci\u00f3n\u00ae en 2014 para incrementar el inter\u00e9s y la apreciaci\u00f3n internacional de los significativos aportes de la m\u00fasica latina y sus creadores a la cultura mundial. La Fundaci\u00f3n ofrece becas universitarias, programas educativos y subvenciones para apoyar la investigaci\u00f3n y preservaci\u00f3n de su rico legado musical, y hasta la fecha ha donado m\u00e1s de $7.6 millones de d\u00f3lares con el apoyo de miembros de La Academia Latina, artistas, patrocinadores corporativos y otros generosos donantes. Para obtener m\u00e1s informaci\u00f3n o hacer una donaci\u00f3n, por favor, visite latingrammyculturalfoundation.org, Amazon Smile o nuestra p\u00e1gina de Facebook. Y s\u00edganos en @latingrammyfdn en Twitter e Instagram, y La Fundaci\u00f3n Cultural Latin GRAMMY en Facebook.<\/p>\n<p>ACERCA DE SOFIA CARSON:<\/p>\n<p>Sofia Carson es una fuerza de la naturaleza que con gracia y estilo alcanza el m\u00e1s alto nivel en todo lo que hace en el mundo del entretenimiento. Ha forjado un camino singular en la m\u00fasica, el cine, la televisi\u00f3n y la filantrop\u00eda. Actualmente Carson protagoniza el papel de Cassie en la exitosa pel\u00edcula de Netflix, Purple Hearts. Tambi\u00e9n es productora ejecutiva y una de las compositoras y cantantes de su banda sonora. Purple Hearts fue la pel\u00edcula m\u00e1s popular en Netflix a nivel internacional con m\u00e1s de 150 millones de horas vistas en los 10 primeros d\u00edas tras su estreno. Las canciones de Carson, galardonada cantautora de nivel multiplatino, se han escuchado m\u00e1s de 2 mil millones de veces en internet, y su m\u00fasica se ha consumido m\u00e1s de 8 mil millones de veces hasta la fecha. Adem\u00e1s, alcanz\u00f3 el primer lugar en la lista Billboard Top 200. Carson recientemente sac\u00f3 con Hollywood Records un magn\u00e9tico \u00e1lbum de estreno de m\u00fasica pop con su nombre. Cuenta la historia de una muchacha que se enamora y, a pesar de quedar destrozada, sobrevive. Este a\u00f1o presentar\u00e1 la canci\u00f3n \u201cApplause\u201d en la pr\u00f3xima pel\u00edcula Tell It Like A Woman, con guion de la legendaria Diane Warren, nominada al Oscar. Como actriz, fue protagonista de Feel The Beat, Songbird de Michael Bay, Pretty Little Liars: The Perfectionists y el fen\u00f3meno mundial Descendants de Disney. Como fil\u00e1ntropa, se destaca como embajadora de Estados Unidos de UNICEF. Se dedica a usar su voz para interactuar con j\u00f3venes en todo el pa\u00eds para buscar de manera implacable un mundo equitativo para todos los ni\u00f1os por medio de la fuerza vital de la educaci\u00f3n. Carson la primera Embajadora Global de La Fundaci\u00f3n Cultural Latin GRAMMY\u00ae.<\/p>\n<p>Para im\u00e1genes haga clic aqu\u00ed<br \/>\n Contacts<br \/>\nThe Exclusive Agency en nombre de La Academia Latina de la Grabaci\u00f3nElina Adut<br \/>\nEadut@eadut.com<br \/>\nLa Academia Latina de la Grabaci\u00f3nNathalie Alberto<br \/>\nNathalie.Alberto@grammy.com<\/p>\n","protected":false},"excerpt":{"rendered":"<p>Adem\u00e1s, la Fundaci\u00f3n anunci\u00f3 que 43 estudiantes de m\u00fasica a nivel mundial recibir\u00e1n becas para ayudar a financiar su educaci\u00f3n Para im\u00e1genes haga clic aqu\u00ed MIAMI&#8211;(BUSINESS WIRE)&#8211;La Fundaci\u00f3n Cultural Latin&hellip; <\/p>\n","protected":false},"author":2,"featured_media":19321,"comment_status":"closed","ping_status":"closed","sticky":false,"template":"","format":"standard","meta":{"fifu_image_url":"","fifu_image_alt":"","footnotes":""},"categories":[252],"tags":[253],"class_list":["post-19320","post","type-post","status-publish","format-standard","has-post-thumbnail","hentry","category-business-wire","tag-business-wire"],"_links":{"self":[{"href":"https:\/\/elmundodelosnegocios.com.do\/v1\/wp-json\/wp\/v2\/posts\/19320","targetHints":{"allow":["GET"]}}],"collection":[{"href":"https:\/\/elmundodelosnegocios.com.do\/v1\/wp-json\/wp\/v2\/posts"}],"about":[{"href":"https:\/\/elmundodelosnegocios.com.do\/v1\/wp-json\/wp\/v2\/types\/post"}],"author":[{"embeddable":true,"href":"https:\/\/elmundodelosnegocios.com.do\/v1\/wp-json\/wp\/v2\/users\/2"}],"replies":[{"embeddable":true,"href":"https:\/\/elmundodelosnegocios.com.do\/v1\/wp-json\/wp\/v2\/comments?post=19320"}],"version-history":[{"count":0,"href":"https:\/\/elmundodelosnegocios.com.do\/v1\/wp-json\/wp\/v2\/posts\/19320\/revisions"}],"wp:featuredmedia":[{"embeddable":true,"href":"https:\/\/elmundodelosnegocios.com.do\/v1\/wp-json\/wp\/v2\/media\/19321"}],"wp:attachment":[{"href":"https:\/\/elmundodelosnegocios.com.do\/v1\/wp-json\/wp\/v2\/media?parent=19320"}],"wp:term":[{"taxonomy":"category","embeddable":true,"href":"https:\/\/elmundodelosnegocios.com.do\/v1\/wp-json\/wp\/v2\/categories?post=19320"},{"taxonomy":"post_tag","embeddable":true,"href":"https:\/\/elmundodelosnegocios.com.do\/v1\/wp-json\/wp\/v2\/tags?post=19320"}],"curies":[{"name":"wp","href":"https:\/\/api.w.org\/{rel}","templated":true}]}}