{"id":19331,"date":"2022-08-15T07:22:22","date_gmt":"2022-08-15T11:52:22","guid":{"rendered":"http:\/\/elmundodelosnegocios.com.do\/v1\/?p=19331"},"modified":"2022-08-15T07:22:22","modified_gmt":"2022-08-15T11:52:22","slug":"el-caribe-puede-aportar-nuevas-soluciones-al-desarrollo-de-america-latina","status":"publish","type":"post","link":"https:\/\/elmundodelosnegocios.com.do\/v1\/el-caribe-puede-aportar-nuevas-soluciones-al-desarrollo-de-america-latina\/","title":{"rendered":"El Caribe puede aportar nuevas soluciones al desarrollo de Am\u00e9rica Latina"},"content":{"rendered":"<p>Durante un conversatorio sobre desarrollo del Caribe y de la regi\u00f3n, la Universidad del Norte de Barranquilla otorg\u00f3 una Menci\u00f3n de Honor a Sergio D\u00edaz-Granados, presidente ejecutivo de CAF, por su liderazgo en la promoci\u00f3n de la integraci\u00f3n regional y por su trabajo para mejorar la calidad de vida de los caribe\u00f1os, colombianos y latinoamericanos.<\/p>\n<p>En el conversatorio, el presidente ejecutivo de CAF analiz\u00f3 las opciones para lograr un desarrollo del Pac\u00edfico y del Caribe colombiano que logre cerrar las brechas regionales, aumentar la competitividad y ofrecer m\u00e1s y mejores oportunidades a todos los ciudadanos. \u201cLa pregunta de qu\u00e9 hacer para que la costa Caribe influya m\u00e1s, nos lleva a otra pregunta: por qu\u00e9 no lo ha hecho en los \u00faltimos a\u00f1os. Necesitamos m\u00e1s liderazgo, mejor formaci\u00f3n, mayor proyecci\u00f3n y m\u00e1s infraestructura blanda. Necesitamos diagn\u00f3sticos fidedignos locales para generar nuevas propuestas y soluciones\u201d, dijo D\u00edaz-Granados.<\/p>\n<p>\u201cSergio es una figura muy destacada en toda la regi\u00f3n, jug\u00f3 un papel importante en el BID y ahora dirige CAF, una de las agencias multilaterales m\u00e1s importantes, lo que es un honor para esta regi\u00f3n. Siempre ha sido un servidor p\u00fablico intachable, y siempre se ha destacado por su profundo compromiso con el Caribe colombiano y por Colombia\u201d, dijo Adolfo Meisel Roca, rector de la Universidad del Norte.<\/p>\n<p>El presidente ejecutivo de CAF tambi\u00e9n habl\u00f3 de las grietas de Am\u00e9rica Latina, que la pandemia profundiz\u00f3. \u201cGrietas generacionales, entre los pensionados y los no pensionados, entre j\u00f3venes con y sin trabajo. Esto pasa en la regi\u00f3n y a nivel global. Por eso, necesitamos acuerdos intrageneracionales e intraregionales, y la universidad juega un rol importante en esos consensos, en ese nuevo contrato social posterior a la pandemia\u201d.<\/p>\n<p>D\u00edaz-Granados tambi\u00e9n reiter\u00f3 su compromiso con la actividad acad\u00e9mica y con la promoci\u00f3n de proyectos e iniciativas que contribuyan al desarrollo del Caribe y de las regiones de Colombia, as\u00ed como a la integraci\u00f3n latinoamericana. \u201cDesde CAF estamos promoviendo una agenda basada en los consensos para posicionar a la regi\u00f3n como un actor determinante a nivel global\u201d.<\/p>\n","protected":false},"excerpt":{"rendered":"<p>Durante un conversatorio sobre desarrollo del Caribe y de la regi\u00f3n, la Universidad del Norte de Barranquilla otorg\u00f3 una Menci\u00f3n de Honor a Sergio D\u00edaz-Granados, presidente ejecutivo de CAF, por&hellip; <\/p>\n","protected":false},"author":2,"featured_media":19333,"comment_status":"closed","ping_status":"closed","sticky":false,"template":"","format":"standard","meta":{"fifu_image_url":"","fifu_image_alt":"","footnotes":""},"categories":[62],"tags":[],"class_list":["post-19331","post","type-post","status-publish","format-standard","has-post-thumbnail","hentry","category-economia"],"_links":{"self":[{"href":"https:\/\/elmundodelosnegocios.com.do\/v1\/wp-json\/wp\/v2\/posts\/19331","targetHints":{"allow":["GET"]}}],"collection":[{"href":"https:\/\/elmundodelosnegocios.com.do\/v1\/wp-json\/wp\/v2\/posts"}],"about":[{"href":"https:\/\/elmundodelosnegocios.com.do\/v1\/wp-json\/wp\/v2\/types\/post"}],"author":[{"embeddable":true,"href":"https:\/\/elmundodelosnegocios.com.do\/v1\/wp-json\/wp\/v2\/users\/2"}],"replies":[{"embeddable":true,"href":"https:\/\/elmundodelosnegocios.com.do\/v1\/wp-json\/wp\/v2\/comments?post=19331"}],"version-history":[{"count":0,"href":"https:\/\/elmundodelosnegocios.com.do\/v1\/wp-json\/wp\/v2\/posts\/19331\/revisions"}],"wp:featuredmedia":[{"embeddable":true,"href":"https:\/\/elmundodelosnegocios.com.do\/v1\/wp-json\/wp\/v2\/media\/19333"}],"wp:attachment":[{"href":"https:\/\/elmundodelosnegocios.com.do\/v1\/wp-json\/wp\/v2\/media?parent=19331"}],"wp:term":[{"taxonomy":"category","embeddable":true,"href":"https:\/\/elmundodelosnegocios.com.do\/v1\/wp-json\/wp\/v2\/categories?post=19331"},{"taxonomy":"post_tag","embeddable":true,"href":"https:\/\/elmundodelosnegocios.com.do\/v1\/wp-json\/wp\/v2\/tags?post=19331"}],"curies":[{"name":"wp","href":"https:\/\/api.w.org\/{rel}","templated":true}]}}