{"id":19413,"date":"2022-08-15T07:23:57","date_gmt":"2022-08-15T11:53:57","guid":{"rendered":"http:\/\/elmundodelosnegocios.com.do\/v1\/?p=19413"},"modified":"2022-08-17T07:26:04","modified_gmt":"2022-08-17T11:56:04","slug":"cesac-y-sky-cana-realizan-vuelo-sin-destino-para-avsec","status":"publish","type":"post","link":"https:\/\/elmundodelosnegocios.com.do\/v1\/cesac-y-sky-cana-realizan-vuelo-sin-destino-para-avsec\/","title":{"rendered":"CESAC y Sky Cana Realizan Vuelo Sin Destino para AVSEC"},"content":{"rendered":"<p>El Cuerpo Especializado en Seguridad Aeroportuaria y de la Aviaci\u00f3n Civil (CESAC) y la l\u00ednea a\u00e9rea Sky Cana realizaron la ma\u00f1ana de este mi\u00e9rcoles un \u00abVuelo Sin Destino\u00bb (Fly To Nowhere), con el objetivo de que 180 Aviation Security (AVSEC) de nuevo ingreso conozcan la experiencia y sensaciones que pueden manifestar los pasajeros que entran y salen por los aeropuertos y aer\u00f3dromo del pa\u00eds.<\/p>\n<p>La actividad estuvo encabezada por el presidente de Sky Cana, se\u00f1or Frank D\u00edaz y el director general del CESAC, mayor general, T\u00e9c. de Aviaci\u00f3n Carlos Febrillet Rodr\u00edguez, FARD, en la que 220 pasajeros salieron desde el Aeropuerto Internacional de Las Am\u00e9ricas, Dr. Jos\u00e9 Francisco Pe\u00f1a G\u00f3mez en el vuelo A-321.<\/p>\n<p>El director general del CESAC dijo que este vuelo sin destino para el personal AVSEC, busca desarrollar una empatia entre estos y los viajeros, enfatizando la parte humana. \u201cEsta experiencia brinda a nuestro personal, la facilidad de desarrollar la empat\u00eda, para saber c\u00f3mo abordar a un pasajero que puede estar estresado o angustiado durante su vuelo. Con esta experiencia podr\u00e1n conocer c\u00f3mo abordar a los pasajeros cuando lleguen a un aeropuerto de Rep\u00fablica Dominicana, ya que sabr\u00e1n tratarlos mejor\u201d, afirm\u00f3.<\/p>\n<p>Respecto de esta iniciativa, el presidente de Sky Cana reiter\u00f3 su apoyo incondicional al desarrollo de este sector y del pa\u00eds, afirmando adem\u00e1s que esta es una forma de aporte de parte del sector privado al CESAC. \u201cEste es nuestro aporte a las instituciones castrenses de la Rep\u00fablica Dominicana, en especial al CESAC, de que vivan la experiencia, y hacer esto de una forma pr\u00e1ctica. Con el d\u00eda de hoy se cierra el ciclo de la certificaci\u00f3n de ellos. El equipo que particip\u00f3, ya quedan graduados con esta iniciativa que el mayor general ha impulsado, creo que va a marcar la diferencia en torno a la disposici\u00f3n y actitud que muestran los agentes al momento de recibir turistas en el pa\u00eds\u201d, acot\u00f3<\/p>\n<p>Esta actividad se realiz\u00f3 en coordinaci\u00f3n con Aeropuertos Dominicanos Siglo XXI (AERODOM), donde su directora general M\u00f3nika Infante recibi\u00f3 el vuelo a su regreso de esta experiencia que tambi\u00e9n cont\u00f3 con la participaci\u00f3n de los miembros de la prensa.<\/p>\n<p>Durante este vuelo, el personal AVSEC pudo intercambiar algunas impresiones con las autoridades que tambi\u00e9n participaron en este viaje; adem\u00e1s de compartir un refrigerio ofrecido por la l\u00ednea a\u00e9rea, quienes adem\u00e1s vivieron la emoci\u00f3n de realizar un vuelo por primera vez en sus vidas.<\/p>\n<p>Al finalizar el vuelo, los j\u00f3venes AVSEC recibieron un certificado, que responde a la participaci\u00f3n de su primer vuelo sin destino, como parte de la experiencia CESAC-Sky Cana.<\/p>\n","protected":false},"excerpt":{"rendered":"<p>El Cuerpo Especializado en Seguridad Aeroportuaria y de la Aviaci\u00f3n Civil (CESAC) y la l\u00ednea a\u00e9rea Sky Cana realizaron la ma\u00f1ana de este mi\u00e9rcoles un \u00abVuelo Sin Destino\u00bb (Fly To&hellip; <\/p>\n","protected":false},"author":2,"featured_media":19415,"comment_status":"closed","ping_status":"closed","sticky":false,"template":"","format":"standard","meta":{"fifu_image_url":"","fifu_image_alt":"","footnotes":""},"categories":[167],"tags":[],"class_list":["post-19413","post","type-post","status-publish","format-standard","has-post-thumbnail","hentry","category-transporte"],"_links":{"self":[{"href":"https:\/\/elmundodelosnegocios.com.do\/v1\/wp-json\/wp\/v2\/posts\/19413","targetHints":{"allow":["GET"]}}],"collection":[{"href":"https:\/\/elmundodelosnegocios.com.do\/v1\/wp-json\/wp\/v2\/posts"}],"about":[{"href":"https:\/\/elmundodelosnegocios.com.do\/v1\/wp-json\/wp\/v2\/types\/post"}],"author":[{"embeddable":true,"href":"https:\/\/elmundodelosnegocios.com.do\/v1\/wp-json\/wp\/v2\/users\/2"}],"replies":[{"embeddable":true,"href":"https:\/\/elmundodelosnegocios.com.do\/v1\/wp-json\/wp\/v2\/comments?post=19413"}],"version-history":[{"count":0,"href":"https:\/\/elmundodelosnegocios.com.do\/v1\/wp-json\/wp\/v2\/posts\/19413\/revisions"}],"wp:featuredmedia":[{"embeddable":true,"href":"https:\/\/elmundodelosnegocios.com.do\/v1\/wp-json\/wp\/v2\/media\/19415"}],"wp:attachment":[{"href":"https:\/\/elmundodelosnegocios.com.do\/v1\/wp-json\/wp\/v2\/media?parent=19413"}],"wp:term":[{"taxonomy":"category","embeddable":true,"href":"https:\/\/elmundodelosnegocios.com.do\/v1\/wp-json\/wp\/v2\/categories?post=19413"},{"taxonomy":"post_tag","embeddable":true,"href":"https:\/\/elmundodelosnegocios.com.do\/v1\/wp-json\/wp\/v2\/tags?post=19413"}],"curies":[{"name":"wp","href":"https:\/\/api.w.org\/{rel}","templated":true}]}}