{"id":19513,"date":"2022-08-21T09:19:46","date_gmt":"2022-08-21T13:49:46","guid":{"rendered":"https:\/\/elmundodelosnegocios.com.do\/v1\/?p=19513"},"modified":"2022-08-21T09:19:46","modified_gmt":"2022-08-21T13:49:46","slug":"con-una-inversion-de-rd-90-millones-presidente-abinader-deja-iniciado-plan-de-reordenamiento-y-recuperacion-de-playa-palenque","status":"publish","type":"post","link":"https:\/\/elmundodelosnegocios.com.do\/v1\/con-una-inversion-de-rd-90-millones-presidente-abinader-deja-iniciado-plan-de-reordenamiento-y-recuperacion-de-playa-palenque\/","title":{"rendered":"Con una inversi\u00f3n de RD 90 millones, Presidente Abinader deja iniciado Plan de Reordenamiento y Recuperaci\u00f3n de Playa Palenque"},"content":{"rendered":"<p>Palenque, San Crist\u00f3bal. &#8211; Con una inversi\u00f3n de\u00a0<strong>RD 90 millones, el Presidente Luis Abinader<\/strong>\u00a0dej\u00f3 iniciados este s\u00e1bado los trabajos de mejoramiento de las\u00a0<strong>infraestructuras de servicios en la playa Palenque.<\/strong><\/p>\n<p>Este plan adem\u00e1s contempla la capacitaci\u00f3n y financiamiento de los caseteros de\u00a0<strong>Cocolandia<\/strong>, as\u00ed como otras obras de mejora.<\/p>\n<p>El Presidente Luis Abinader afirm\u00f3 que ning\u00fan otro Gobierno hab\u00eda iniciado la\u00a0<strong>mejora de tantas playas<\/strong>\u00a0en todo el territorio nacional.<\/p>\n<p>Asimismo, resalt\u00f3 que son m\u00e1s de 1,000 millones de pesos que est\u00e1n siendo invertidos en\u00a0<strong>25 playas del pa\u00eds<\/strong>.<\/p>\n<p><em>\u201cTodas estas playas que ser\u00e1n remozadas e intervenidas ayudar\u00e1n al turismo interno y externo y tambi\u00e9n a las actividades econ\u00f3micas de todas las comunidades donde se haga\u201d<\/em>, manifest\u00f3 el mandatario.<\/p>\n<p>Indic\u00f3 que ning\u00fan Gobierno hab\u00eda mejorado\u00a0<strong>los\u00a0<a href=\"https:\/\/presidencia.gob.do\/noticias\/presidente-abinader-anuncia-inversion-de-rd550-m-para-mejoramiento-malecon-sde\">malecones<\/a><\/strong>, mencionando los que est\u00e1n siendo intervenidos: el malec\u00f3n de Saman\u00e1, San Pedro de Macor\u00eds, Santo Domingo Este, Cabrera, Montecristi, Distrito Nacional y Pedernales.<\/p>\n<p><img loading=\"lazy\" decoding=\"async\" src=\"https:\/\/presidencia.gob.do\/sites\/default\/files\/content\/41514_1661030206_large.jpg\" alt=\"\" width=\"1920\" height=\"1280\" data-entity-type=\"file\" data-entity-uuid=\"e4d60695-3823-4313-8959-a256b575e41e\" \/><\/p>\n<p>De su lado, el\u00a0<strong>Ministro de Turismo, David Collado<\/strong>, manifest\u00f3 que\u00a0<em>\u201cesto que iniciamos hoy aqu\u00ed, marcar\u00e1 un antes y un despu\u00e9s para quienes visiten esta playa y en especial para los peque\u00f1os vendedores\u201d.<\/em><\/p>\n<p>Expres\u00f3 que en su gesti\u00f3n el\u00a0<em>\u201cturismo tiene rostro humano\u201d,<\/em>\u00a0ya que todas las acciones que se adoptan desde el Ministerio de Turismo\u00a0<strong>benefician a toda la cadena de valor<\/strong>.<\/p>\n<p>La obra ser\u00e1 ejecutada a trav\u00e9s del Comit\u00e9 Ejecutor de Infraestructuras de Zonas Tur\u00edsticas\u00a0<strong>(CEIZTUR)<\/strong>\u00a0y del Ministerio de Turismo\u00a0<strong>(MITUR)<\/strong>.<\/p>\n<p>Este proyecto abarca un \u00e1rea de intervenci\u00f3n de 4,200 metros cuadrados, entre los cuales se contar\u00e1 con una plaza de acceso de 972 metros cuadrados, una plaza de integraci\u00f3n de 408 metros cuadrados y un espacio de mesas de 427 metros cuadrados.<\/p>\n<p>En la actividad estuvieron presentes el Ministro de Turismo, David Collado; el de Agricultura, Limber Cruz; el senador de San Crist\u00f3bal, Franklin Rodr\u00edguez; la gobernadora Pura Casilla; Geanilda V\u00e1squez, secretaria sin Cartera, y el alcalde de San Crist\u00f3bal, Jos\u00e9 Mont\u00e1s.<\/p>\n","protected":false},"excerpt":{"rendered":"<p>Palenque, San Crist\u00f3bal. &#8211; Con una inversi\u00f3n de\u00a0RD 90 millones, el Presidente Luis Abinader\u00a0dej\u00f3 iniciados este s\u00e1bado los trabajos de mejoramiento de las\u00a0infraestructuras de servicios en la playa Palenque. Este&hellip; <\/p>\n","protected":false},"author":2,"featured_media":19514,"comment_status":"closed","ping_status":"closed","sticky":false,"template":"","format":"standard","meta":{"fifu_image_url":"","fifu_image_alt":"","footnotes":""},"categories":[172],"tags":[],"class_list":["post-19513","post","type-post","status-publish","format-standard","has-post-thumbnail","hentry","category-turismo"],"_links":{"self":[{"href":"https:\/\/elmundodelosnegocios.com.do\/v1\/wp-json\/wp\/v2\/posts\/19513","targetHints":{"allow":["GET"]}}],"collection":[{"href":"https:\/\/elmundodelosnegocios.com.do\/v1\/wp-json\/wp\/v2\/posts"}],"about":[{"href":"https:\/\/elmundodelosnegocios.com.do\/v1\/wp-json\/wp\/v2\/types\/post"}],"author":[{"embeddable":true,"href":"https:\/\/elmundodelosnegocios.com.do\/v1\/wp-json\/wp\/v2\/users\/2"}],"replies":[{"embeddable":true,"href":"https:\/\/elmundodelosnegocios.com.do\/v1\/wp-json\/wp\/v2\/comments?post=19513"}],"version-history":[{"count":0,"href":"https:\/\/elmundodelosnegocios.com.do\/v1\/wp-json\/wp\/v2\/posts\/19513\/revisions"}],"wp:featuredmedia":[{"embeddable":true,"href":"https:\/\/elmundodelosnegocios.com.do\/v1\/wp-json\/wp\/v2\/media\/19514"}],"wp:attachment":[{"href":"https:\/\/elmundodelosnegocios.com.do\/v1\/wp-json\/wp\/v2\/media?parent=19513"}],"wp:term":[{"taxonomy":"category","embeddable":true,"href":"https:\/\/elmundodelosnegocios.com.do\/v1\/wp-json\/wp\/v2\/categories?post=19513"},{"taxonomy":"post_tag","embeddable":true,"href":"https:\/\/elmundodelosnegocios.com.do\/v1\/wp-json\/wp\/v2\/tags?post=19513"}],"curies":[{"name":"wp","href":"https:\/\/api.w.org\/{rel}","templated":true}]}}