{"id":19526,"date":"2022-08-21T11:31:21","date_gmt":"2022-08-21T16:01:21","guid":{"rendered":"https:\/\/elmundodelosnegocios.com.do\/v1\/?p=19526"},"modified":"2022-08-22T09:01:15","modified_gmt":"2022-08-22T13:31:15","slug":"fedex-express-anuncia-los-ganadores-de-su-programa-para-emprendedores","status":"publish","type":"post","link":"https:\/\/elmundodelosnegocios.com.do\/v1\/fedex-express-anuncia-los-ganadores-de-su-programa-para-emprendedores\/","title":{"rendered":"FedEx Express anuncia los ganadores de su programa para emprendedores"},"content":{"rendered":"<p>FedEx Corp. anunci\u00f3 al ganador de la segunda edici\u00f3n del Programa FedEx para Micro y Peque\u00f1as Empresas en Rep\u00fablica Dominicana, donde el emprendedor y artesano Cristhian de la Cruz, con su empresa de joyer\u00eda artesanal Karimar, fue seleccionado como ganador del concurso, y recibir\u00e1 un premio de RD$1,087,000.<\/p>\n<p>Por su parte, la compa\u00f1\u00eda Comercial Green Depot SRL ocup\u00f3 el segundo lugar y recibir\u00e1 RD$700,000. El Programa FedEx para Micro y Peque\u00f1as Empresas tambi\u00e9n reconoci\u00f3 los proyectos de otras ocho compa\u00f1\u00edas participantes.<br \/>\nAdicionalmente, Cristhian de la Cruz, ganador del primer lugar, tendr\u00e1 la oportunidad de representar a la Rep\u00fablica Dominicana en la \u201cExperiencia FedEx Tank\u201d, una din\u00e1mica de concurso especial presentada por Shark Tank M\u00e9xico y Sony Channel, donde competir\u00e1 contra otros emprendedores de Argentina, Chile, Colombia, Guatemala y M\u00e9xico.<\/p>\n<p>El objetivo del Programa es brindar a las peque\u00f1as empresas, microempresas, emprendedores y profesionales independientes, apoyo para maximizar sus recursos y seguir creciendo. \u201cDespu\u00e9s de un exitoso primer a\u00f1o, estamos muy contentos con los resultados de esta segunda edici\u00f3n del Programa\u201d, expres\u00f3 Basil Khalil, vicepresidente de operaciones de FedEx Express para el Caribe y Centroam\u00e9rica.<\/p>\n<p>En esta segunda edici\u00f3n, participaron m\u00e1s de 2,500 concursantes, entre micro y peque\u00f1as empresas, emprendedores y profesionales independientes, quienes comenzaron a inscribirse desde el 11 de abril, y cuyo proceso finaliz\u00f3 el pasado 10 de julio. Lanzado por primera vez en Rep\u00fablica Dominicana en 2021, el programa tambi\u00e9n se lleva a cabo en M\u00e9xico, Brasil, Colombia, Argentina, Chile y Guatemala en Am\u00e9rica Latina.<\/p>\n","protected":false},"excerpt":{"rendered":"<p>FedEx Corp. anunci\u00f3 al ganador de la segunda edici\u00f3n del Programa FedEx para Micro y Peque\u00f1as Empresas en Rep\u00fablica Dominicana, donde el emprendedor y artesano Cristhian de la Cruz, con&hellip; <\/p>\n","protected":false},"author":2,"featured_media":19528,"comment_status":"closed","ping_status":"closed","sticky":false,"template":"","format":"standard","meta":{"fifu_image_url":"","fifu_image_alt":"","footnotes":""},"categories":[66],"tags":[],"class_list":["post-19526","post","type-post","status-publish","format-standard","has-post-thumbnail","hentry","category-publicidad-promocion-investigacion"],"_links":{"self":[{"href":"https:\/\/elmundodelosnegocios.com.do\/v1\/wp-json\/wp\/v2\/posts\/19526","targetHints":{"allow":["GET"]}}],"collection":[{"href":"https:\/\/elmundodelosnegocios.com.do\/v1\/wp-json\/wp\/v2\/posts"}],"about":[{"href":"https:\/\/elmundodelosnegocios.com.do\/v1\/wp-json\/wp\/v2\/types\/post"}],"author":[{"embeddable":true,"href":"https:\/\/elmundodelosnegocios.com.do\/v1\/wp-json\/wp\/v2\/users\/2"}],"replies":[{"embeddable":true,"href":"https:\/\/elmundodelosnegocios.com.do\/v1\/wp-json\/wp\/v2\/comments?post=19526"}],"version-history":[{"count":0,"href":"https:\/\/elmundodelosnegocios.com.do\/v1\/wp-json\/wp\/v2\/posts\/19526\/revisions"}],"wp:featuredmedia":[{"embeddable":true,"href":"https:\/\/elmundodelosnegocios.com.do\/v1\/wp-json\/wp\/v2\/media\/19528"}],"wp:attachment":[{"href":"https:\/\/elmundodelosnegocios.com.do\/v1\/wp-json\/wp\/v2\/media?parent=19526"}],"wp:term":[{"taxonomy":"category","embeddable":true,"href":"https:\/\/elmundodelosnegocios.com.do\/v1\/wp-json\/wp\/v2\/categories?post=19526"},{"taxonomy":"post_tag","embeddable":true,"href":"https:\/\/elmundodelosnegocios.com.do\/v1\/wp-json\/wp\/v2\/tags?post=19526"}],"curies":[{"name":"wp","href":"https:\/\/api.w.org\/{rel}","templated":true}]}}