{"id":19575,"date":"2022-08-22T09:43:53","date_gmt":"2022-08-22T14:13:53","guid":{"rendered":"https:\/\/elmundodelosnegocios.com.do\/v1\/?p=19575"},"modified":"2022-08-22T09:43:53","modified_gmt":"2022-08-22T14:13:53","slug":"senala-ex-director-migracion-caos-migratorio-haitiano-rd-podria-degenerar-conflictos-violentos","status":"publish","type":"post","link":"https:\/\/elmundodelosnegocios.com.do\/v1\/senala-ex-director-migracion-caos-migratorio-haitiano-rd-podria-degenerar-conflictos-violentos\/","title":{"rendered":"Se\u00f1ala ex Director Migraci\u00f3n caos migratorio haitiano RD podr\u00eda degenerar conflictos violentos"},"content":{"rendered":"<p>Santo Domingo, R.D. Agosto 2022.- El exdirector de Migraci\u00f3n, Jos\u00e9 Ricardo Taveras, advirti\u00f3 que si no hay una acci\u00f3n decidida del pueblo dominicano frente a la comunidad internacional y a los intereses nacionales que auspician el caos migratorio haitiano por conveniencia, se tendr\u00e1n consecuencias como conflictos sociales que pueden degenerar en violentos.<\/p>\n<p>Taveras dijo que tambi\u00e9n seguir\u00eda el recrudecimiento del establecimiento de una comunidad que no se incorpora a la sociedad dominicana, tras destacar que la realidad del universo de drama que vive Hait\u00ed demanda que en ese pa\u00eds se implemente un Plan Marshall para que esa sociedad sea debidamente redimida de sus miserias.<\/p>\n<p>Al ser entrevistado en el programa Toque Final con Julio Mart\u00ednez Pozo, que se transmite por Antena 7, el exdirector de Migraci\u00f3n consider\u00f3 que el presente Gobierno padece de lo que \u00e9l ha denominado como crisis de identidad, en lo que concierne al manejo de la crisis haitiana, porque por un lado dice todo lo que se debe decir y por otro lado hace todo lo que no se debe hacer.<\/p>\n<p>En ese sentido, dijo que cuando un ministro asume una posici\u00f3n se presume que est\u00e1 fijando la posici\u00f3n del Gobierno y que la actual gesti\u00f3n tiene la costumbre de que el Presidente de la Rep\u00fablica es quien asume todas las posiciones y que por eso, cuando el Gobierno calla y sale un ministro, ampliamente vinculado a organismos internacionales que silencian la corriente de amortiguamiento de la crisis haitiana en la Rep\u00fablica Dominicana, debe asumirse que la posici\u00f3n de Pavel Isa es la posici\u00f3n del Gobierno.<\/p>\n<p>Destac\u00f3 que ese hecho le apena porque frente al planteamiento serio hecho por el Instituto Duartiano con todas las organizaciones pol\u00edticas y sociales que se congregaron en la marcha patri\u00f3tica, donde se plantea toda una agenda factible para encauzar un programa frente a la problem\u00e1tica haitiana, el silencio del Gobierno podr\u00eda decirse que es un silencio eventualmente c\u00f3mplice.<\/p>\n<p>Sin embargo, dijo que hay que reconocerle al Gobierno el hecho de que ha impulsado un discurso adecuado frente a la comunidad internacional, cuando a trav\u00e9s del Presidente de la Rep\u00fablica se ha dicho claro que no hay soluci\u00f3n dominicana a los problemas de Hait\u00ed.<\/p>\n<p>Sobre la \u201cMarcha Patri\u00f3tica\u201d realizada recientemente, explic\u00f3 que procura lograr la unidad de todos los dominicanos en torno a un tema que resulta ser el desaf\u00edo m\u00e1s complejo del pa\u00eds, porque sin esa unidad no se puede enfrentar al mundo que ha enfrentado a la naci\u00f3n con un tema complejo para la supervivencia de la identidad dominicana, que es el universo de crisis que padece Hait\u00ed<\/p>\n<p>Taveras dijo que la actividad patria tambi\u00e9n pretende plantear una agenda que marque la ruta mediante la cual las autoridades nacionales puedan encauzar una acci\u00f3n frente a la comunidad internacional e internamente, en el sentido de procurar que los problemas de Hait\u00ed sean resueltos en Hait\u00ed.<\/p>\n<p>Precis\u00f3 que ese desaf\u00edo que vive el pueblo dominicano es de vital importancia para su subsistencia, para el respeto de su soberan\u00eda, de su honor y especialmente para la preservaci\u00f3n de su identidad.<\/p>\n<p>\u201cTambi\u00e9n es cierto que en el plano local la agenda que est\u00e1 procurando cercenar, minar y debilitar la identidad dominicana y facilitar esa presencia masiva indocumentada de ciudadanos haitianos, en la pr\u00e1ctica est\u00e1 permitiendo la ejecuci\u00f3n de la agenda que hace todo lo contrario y que procura que Rep\u00fablica Dominicana sea territorio de amortiguamiento de la crisis haitiana\u201d, expres\u00f3 Taveras.<\/p>\n<p>En tanto Taveras dijo que el planteamiento de la Organizaci\u00f3n de Naciones Unidas ha sido reconducir su presencia en Hait\u00ed, que resulta ser absolutamente imperceptible respecto a la magnitud de los dramas que vive la sociedad haitiana, y tratar de continuar la presencia de decenas de expertos policiales para facilitar el mejoramiento de la Polic\u00eda haitiana que pueda enfrentar las bandas, que se supone que es una labor que realiz\u00f3 la Misi\u00f3n de Estabilizaci\u00f3n de las Naciones Unidas en Hait\u00ed (MINUSTAH), que ya desapareci\u00f3.<\/p>\n<p>\u201cEst\u00e1 claro que esos grupos no est\u00e1n en capacidad de avituallarse con esas armas que est\u00e1n exhibiendo p\u00fablicamente, hay alg\u00fan inter\u00e9s que est\u00e1 financiando ese tema. El fracaso de la polic\u00eda haitiana es el fracaso de la comunidad internacional y lo que ha estado expresando Naciones Unidas evidencia que no hay una voluntad pol\u00edtica en ese \u00f3rgano para poder enfrentar la crisis haitiana\u201d, agreg\u00f3.<\/p>\n<p>&nbsp;<\/p>\n","protected":false},"excerpt":{"rendered":"<p>Santo Domingo, R.D. Agosto 2022.- El exdirector de Migraci\u00f3n, Jos\u00e9 Ricardo Taveras, advirti\u00f3 que si no hay una acci\u00f3n decidida del pueblo dominicano frente a la comunidad internacional y a&hellip; <\/p>\n","protected":false},"author":2,"featured_media":19577,"comment_status":"closed","ping_status":"closed","sticky":false,"template":"","format":"standard","meta":{"fifu_image_url":"","fifu_image_alt":"","footnotes":""},"categories":[244],"tags":[],"class_list":["post-19575","post","type-post","status-publish","format-standard","has-post-thumbnail","hentry","category-migracion"],"_links":{"self":[{"href":"https:\/\/elmundodelosnegocios.com.do\/v1\/wp-json\/wp\/v2\/posts\/19575","targetHints":{"allow":["GET"]}}],"collection":[{"href":"https:\/\/elmundodelosnegocios.com.do\/v1\/wp-json\/wp\/v2\/posts"}],"about":[{"href":"https:\/\/elmundodelosnegocios.com.do\/v1\/wp-json\/wp\/v2\/types\/post"}],"author":[{"embeddable":true,"href":"https:\/\/elmundodelosnegocios.com.do\/v1\/wp-json\/wp\/v2\/users\/2"}],"replies":[{"embeddable":true,"href":"https:\/\/elmundodelosnegocios.com.do\/v1\/wp-json\/wp\/v2\/comments?post=19575"}],"version-history":[{"count":0,"href":"https:\/\/elmundodelosnegocios.com.do\/v1\/wp-json\/wp\/v2\/posts\/19575\/revisions"}],"wp:featuredmedia":[{"embeddable":true,"href":"https:\/\/elmundodelosnegocios.com.do\/v1\/wp-json\/wp\/v2\/media\/19577"}],"wp:attachment":[{"href":"https:\/\/elmundodelosnegocios.com.do\/v1\/wp-json\/wp\/v2\/media?parent=19575"}],"wp:term":[{"taxonomy":"category","embeddable":true,"href":"https:\/\/elmundodelosnegocios.com.do\/v1\/wp-json\/wp\/v2\/categories?post=19575"},{"taxonomy":"post_tag","embeddable":true,"href":"https:\/\/elmundodelosnegocios.com.do\/v1\/wp-json\/wp\/v2\/tags?post=19575"}],"curies":[{"name":"wp","href":"https:\/\/api.w.org\/{rel}","templated":true}]}}