{"id":19885,"date":"2022-09-01T12:16:42","date_gmt":"2022-09-01T16:46:42","guid":{"rendered":"https:\/\/elmundodelosnegocios.com.do\/v1\/?p=19885"},"modified":"2022-09-01T12:16:42","modified_gmt":"2022-09-01T16:46:42","slug":"presidente-abinader-resalta-potencial-crecimiento-economico-sfm-por-diversidad-de-produccion","status":"publish","type":"post","link":"https:\/\/elmundodelosnegocios.com.do\/v1\/presidente-abinader-resalta-potencial-crecimiento-economico-sfm-por-diversidad-de-produccion\/","title":{"rendered":"Presidente Abinader resalta potencial crecimiento econ\u00f3mico SFM por diversidad de producci\u00f3n"},"content":{"rendered":"<p>San Francisco de Macor\u00eds. &#8211;\u00a0<strong>El Presidente Luis Abinader\u00a0<\/strong>manifest\u00f3 su optimismo por el desarrollo econ\u00f3mico y social de la provincia Duarte, la regi\u00f3n Norte y todo el pa\u00eds, por<strong>\u00a0la gran matriz de producci\u00f3n que posee San Francisco de Macor\u00eds<\/strong>, que abarca arroz, cacao y ganader\u00eda, entre otros.<\/p>\n<p><em>\u201cAdem\u00e1s goza de un comercio pujante en el que se han instalado las principales compa\u00f1\u00edas e hipermercados detallistas, reflejando la confianza de los inversionistas en las acciones del Gobierno\u201d,<\/em>\u00a0resalt\u00f3 el mandatario.<\/p>\n<p>Ante este escenario, exhort\u00f3 a continuar expandiendo las empresas, crear empleos, producir m\u00e1s y\u00a0<strong>continuar, junto con el Gobierno, mejorando la calidad de vida de los dominicanos.<\/strong><\/p>\n<p>El jefe de Estado se expres\u00f3 en estos t\u00e9rminos al asistir a la\u00a0<strong>inauguraci\u00f3n de la Expo Feria Mayorista 2022<\/strong>\u00a0dedicada a propiciar el desarrollo empresarial en los\u00a0<strong>renglones industrial, comercial, ecotur\u00edstico, social y cultural<\/strong>, para permitir a los asistentes conocer y disfrutar de la riqueza natural y agr\u00edcola a bajos precios y participar de seminarios empresariales y charlas.<\/p>\n<p>Con esta actividad, que tiene lugar en el Club de Mayoristas desde este mi\u00e9rcoles 31 de agosto hasta el domingo 4 de septiembre, se busca\u00a0<strong>impulsar la integraci\u00f3n de todos los sectores productivos y sociales.<\/strong><\/p>\n<p><img loading=\"lazy\" decoding=\"async\" src=\"https:\/\/presidencia.gob.do\/sites\/default\/files\/content\/Reconocen%20al%20Presidente%20Abinader%20en%20la%20Expo%20Feria%20Mayorista%202022.JPG\" alt=\"\" width=\"3994\" height=\"2663\" data-entity-type=\"file\" data-entity-uuid=\"76f571dd-8d16-4545-8de9-0298e7367ecf\" \/><\/p>\n<p>El evento es organizado por la\u00a0<strong>Asociaci\u00f3n de Comerciantes Mayoristas de la provincia Duarte<\/strong>\u00a0que en esta versi\u00f3n n\u00famero 26 est\u00e1 dedicada a Baltimore Dominicana, S.A. (BALDOM); Jos\u00e9 L\u00f3pez y su Grupo Empresarial Porvenir; Iv\u00e1n de Jes\u00fas Garc\u00eda, presidente de la Federaci\u00f3n Dominicana de Comerciantes FDC, y Jorge Jerez, expresidente del Consejo Nacional del Comercio en Provisiones (CNCP).<\/p>\n<p>Participaron el Ministro de Industria y Comercio, V\u00edctor Bison\u00f3; el de Interior y Polic\u00eda, Jes\u00fas V\u00e1squez; el viceministro Administrativo de la presidencia, Igor Rodr\u00edguez; el director de la Polic\u00eda Nacional, Alberto Then; el de ProIndustria, Ulises Rodr\u00edguez; de la Direcci\u00f3n General de Desarrollo de la Comunidad, El\u00e9xido Paula, y el del INDHRI, Olmedo Caba, as\u00ed como la gobernadora Ana Cort\u00e9s.<\/p>\n<p>Tambi\u00e9n, el alcalde de San Francisco de Macor\u00eds, Siqui\u00f3 NG de la Rosa, y el del municipio La Pe\u00f1a, Jos\u00e9 Ori\u00f3n Negr\u00edn, junto al subdirector de DGDC, Mateo Bautista.<\/p>\n","protected":false},"excerpt":{"rendered":"<p>San Francisco de Macor\u00eds. &#8211;\u00a0El Presidente Luis Abinader\u00a0manifest\u00f3 su optimismo por el desarrollo econ\u00f3mico y social de la provincia Duarte, la regi\u00f3n Norte y todo el pa\u00eds, por\u00a0la gran matriz&hellip; <\/p>\n","protected":false},"author":2,"featured_media":19887,"comment_status":"closed","ping_status":"closed","sticky":false,"template":"","format":"standard","meta":{"fifu_image_url":"","fifu_image_alt":"","footnotes":""},"categories":[62],"tags":[],"class_list":["post-19885","post","type-post","status-publish","format-standard","has-post-thumbnail","hentry","category-economia"],"_links":{"self":[{"href":"https:\/\/elmundodelosnegocios.com.do\/v1\/wp-json\/wp\/v2\/posts\/19885","targetHints":{"allow":["GET"]}}],"collection":[{"href":"https:\/\/elmundodelosnegocios.com.do\/v1\/wp-json\/wp\/v2\/posts"}],"about":[{"href":"https:\/\/elmundodelosnegocios.com.do\/v1\/wp-json\/wp\/v2\/types\/post"}],"author":[{"embeddable":true,"href":"https:\/\/elmundodelosnegocios.com.do\/v1\/wp-json\/wp\/v2\/users\/2"}],"replies":[{"embeddable":true,"href":"https:\/\/elmundodelosnegocios.com.do\/v1\/wp-json\/wp\/v2\/comments?post=19885"}],"version-history":[{"count":0,"href":"https:\/\/elmundodelosnegocios.com.do\/v1\/wp-json\/wp\/v2\/posts\/19885\/revisions"}],"wp:featuredmedia":[{"embeddable":true,"href":"https:\/\/elmundodelosnegocios.com.do\/v1\/wp-json\/wp\/v2\/media\/19887"}],"wp:attachment":[{"href":"https:\/\/elmundodelosnegocios.com.do\/v1\/wp-json\/wp\/v2\/media?parent=19885"}],"wp:term":[{"taxonomy":"category","embeddable":true,"href":"https:\/\/elmundodelosnegocios.com.do\/v1\/wp-json\/wp\/v2\/categories?post=19885"},{"taxonomy":"post_tag","embeddable":true,"href":"https:\/\/elmundodelosnegocios.com.do\/v1\/wp-json\/wp\/v2\/tags?post=19885"}],"curies":[{"name":"wp","href":"https:\/\/api.w.org\/{rel}","templated":true}]}}