{"id":19900,"date":"2022-09-01T12:36:25","date_gmt":"2022-09-01T17:06:25","guid":{"rendered":"https:\/\/elmundodelosnegocios.com.do\/v1\/?p=19900"},"modified":"2022-09-01T12:36:25","modified_gmt":"2022-09-01T17:06:25","slug":"republica-dominicana-duplicara-produccion-nacional-de-papas","status":"publish","type":"post","link":"https:\/\/elmundodelosnegocios.com.do\/v1\/republica-dominicana-duplicara-produccion-nacional-de-papas\/","title":{"rendered":"Republica Dominicana duplicar\u00e1 producci\u00f3n nacional de papas"},"content":{"rendered":"<p><strong>SAN JUAN DE LA MAGUANA. &#8211;<\/strong>\u00a0La Rep\u00fablica Dominicana duplicar\u00e1 la producci\u00f3n nacional de papas para los pr\u00f3ximos tres a\u00f1os, a trav\u00e9s de un acuerdo entre el Gobierno y la empresa PepsiCo que beneficiar\u00e1 a productores de San Juan de la Maguana y Constanza.<\/p>\n<p><img decoding=\"async\" src=\"https:\/\/micm.gob.do\/images\/noticias\/2022\/08-agosto\/RD_duplicara_produccion_nacional_de_papas_02.jpeg\" alt=\"\" \/><\/p>\n<p>Para alcanzar la meta de 14,400 toneladas de papas en 2025, la multinacional invertir\u00e1 6.5 millones de d\u00f3lares para ampliar la cantidad de tareas sembradas, tecnificar la producci\u00f3n, construir nuevos almacenes, ofrecer asistencia t\u00e9cnica agroindustrial y desarrollar programas de sustentabilidad.<\/p>\n<p>La firma del acuerdo la encabez\u00f3 el presidente Luis Abinader y lo rubricaron los ministros V\u00edctor -Ito- Bison\u00f3, de Industria, Comercio y Mipymes (MICM), y Limber Cruz, de Agricultura. Tambi\u00e9n, Fernando Dur\u00e1n, administrador del Banco Agr\u00edcola, y Raymundo Rodr\u00edguez, gerente general de Frito Lay Dominicana.<\/p>\n<p>El titular del MICM revel\u00f3 que la iniciativa surgi\u00f3 luego del inicio de la ampliaci\u00f3n de la Planta Caribe y de una nueva l\u00ednea de papas de la empresa PepsiCo, en junio del a\u00f1o pasado. Se\u00f1al\u00f3 que, tras la visita, se conform\u00f3 una mesa de trabajo entre las instituciones mencionadas para elaborar propuestas con la finalidad de aumentar la producci\u00f3n local, que en la actualidad es de 7,200 toneladas.<\/p>\n<p>Bison\u00f3 asegur\u00f3 que la tecnolog\u00eda ser\u00e1 uno de los pilares del proyecto, con la implementaci\u00f3n de una infraestructura digital en el campo que d\u00e9 soporte al control de cultivos y eleve la eficiencia. \u201cTodo esto significa m\u00e1s y mejores empleos para nuestros j\u00f3venes, mujeres y hombres\u201d, recalc\u00f3.<\/p>\n<p>\u201cDel lado del gobierno del presidente Luis Abinader, el esfuerzo y compromiso es integral. Desde este ministerio estaremos en constante revisi\u00f3n y aprobaci\u00f3n de propuestas de proyectos, de la mano con PepsiCo Dominicana, para identificar y coordinar el involucramiento de entidades implementadoras del plan. Asimismo, junto con Agricultura vamos a desarrollar proyectos de asistencia t\u00e9cnica para implementar mejoras en el proceso agroindustrial de los productores\u201d, detall\u00f3.<\/p>\n<p>El ministro Bison\u00f3 valor\u00f3 la decisi\u00f3n de PepsiCo de haber elegido la Republica Dominicana para sembrar y cosechar sus papas, empacar y distribuir hacia otros mercados. \u201cEsto lo convierte en un producto con el sello Hecho en RD y es una se\u00f1al inequ\u00edvoca de que lo mejor est\u00e1 por venir\u201d, enfatiz\u00f3.<\/p>\n","protected":false},"excerpt":{"rendered":"<p>SAN JUAN DE LA MAGUANA. &#8211;\u00a0La Rep\u00fablica Dominicana duplicar\u00e1 la producci\u00f3n nacional de papas para los pr\u00f3ximos tres a\u00f1os, a trav\u00e9s de un acuerdo entre el Gobierno y la empresa&hellip; <\/p>\n","protected":false},"author":2,"featured_media":19902,"comment_status":"closed","ping_status":"closed","sticky":false,"template":"","format":"standard","meta":{"fifu_image_url":"","fifu_image_alt":"","footnotes":""},"categories":[73],"tags":[],"class_list":["post-19900","post","type-post","status-publish","format-standard","has-post-thumbnail","hentry","category-agronegocios"],"_links":{"self":[{"href":"https:\/\/elmundodelosnegocios.com.do\/v1\/wp-json\/wp\/v2\/posts\/19900","targetHints":{"allow":["GET"]}}],"collection":[{"href":"https:\/\/elmundodelosnegocios.com.do\/v1\/wp-json\/wp\/v2\/posts"}],"about":[{"href":"https:\/\/elmundodelosnegocios.com.do\/v1\/wp-json\/wp\/v2\/types\/post"}],"author":[{"embeddable":true,"href":"https:\/\/elmundodelosnegocios.com.do\/v1\/wp-json\/wp\/v2\/users\/2"}],"replies":[{"embeddable":true,"href":"https:\/\/elmundodelosnegocios.com.do\/v1\/wp-json\/wp\/v2\/comments?post=19900"}],"version-history":[{"count":0,"href":"https:\/\/elmundodelosnegocios.com.do\/v1\/wp-json\/wp\/v2\/posts\/19900\/revisions"}],"wp:featuredmedia":[{"embeddable":true,"href":"https:\/\/elmundodelosnegocios.com.do\/v1\/wp-json\/wp\/v2\/media\/19902"}],"wp:attachment":[{"href":"https:\/\/elmundodelosnegocios.com.do\/v1\/wp-json\/wp\/v2\/media?parent=19900"}],"wp:term":[{"taxonomy":"category","embeddable":true,"href":"https:\/\/elmundodelosnegocios.com.do\/v1\/wp-json\/wp\/v2\/categories?post=19900"},{"taxonomy":"post_tag","embeddable":true,"href":"https:\/\/elmundodelosnegocios.com.do\/v1\/wp-json\/wp\/v2\/tags?post=19900"}],"curies":[{"name":"wp","href":"https:\/\/api.w.org\/{rel}","templated":true}]}}