{"id":19908,"date":"2022-09-01T17:00:57","date_gmt":"2022-09-01T21:30:57","guid":{"rendered":"https:\/\/elmundodelosnegocios.com.do\/v1\/?p=19908"},"modified":"2022-09-01T17:00:57","modified_gmt":"2022-09-01T21:30:57","slug":"las-proyecciones-de-crecimiento-economico-se-mantienen-en-5-0-para-finales-de-2022","status":"publish","type":"post","link":"https:\/\/elmundodelosnegocios.com.do\/v1\/las-proyecciones-de-crecimiento-economico-se-mantienen-en-5-0-para-finales-de-2022\/","title":{"rendered":"Las proyecciones de crecimiento econ\u00f3mico se mantienen en 5.0 % para finales de 2022"},"content":{"rendered":"<p>Santo Domingo.- El Ministerio de Econom\u00eda, Planificaci\u00f3n y Desarrollo (MEPyD) inform\u00f3 que se espera que la econom\u00eda dominicana crezca 5.0 % en 2022, pron\u00f3stico que se mantiene invariable con respecto al Panorama Macroecon\u00f3mico de junio pasado.<\/p>\n<p>La informaci\u00f3n est\u00e1 contenida en el Marco Macroecon\u00f3mico 2022-2026 publicado por el Viceministerio de An\u00e1lisis Econ\u00f3mico y Social, en el que se indica que durante los primeros siete meses del a\u00f1o, la econom\u00eda dominicana registr\u00f3 un s\u00f3lido crecimiento econ\u00f3mico.<\/p>\n<p>Cita que en julio, el indicador mensual de actividad econ\u00f3mica (IMAE) creci\u00f3 en 4.7 % interanual, para un crecimiento acumulado de 5.5 % durante el periodo enero-julio 2022.<\/p>\n<p>El Panorama Macroecon\u00f3mico de agosto del presente a\u00f1o constituye un esfuerzo por parte de los equipos del Ministerio de Econom\u00eda, Planificaci\u00f3n y Desarrollo, Banco Central de la Rep\u00fablica Dominicana y Ministerio de Hacienda, de dotar a los tomadores de decisiones de proyecciones actualizadas para la planificaci\u00f3n econ\u00f3mica de mediano plazo.<\/p>\n<p>\u201cEl comportamiento de la econom\u00eda reafirma la resiliencia y capacidad del pa\u00eds de afrontar un contexto global menos favorable e incierto, fruto de los conflictos geopol\u00edticos, la persistencia de presiones inflacionarias, las expectativas de recesi\u00f3n de la econom\u00eda estadounidense y la actual sequ\u00eda y olas de calor que amenazan la ya resentida econom\u00eda china\u201d, puntualiza la publicaci\u00f3n.<\/p>\n<p>Enfatiza que el desempe\u00f1o del IMAE para los primeros siete meses del a\u00f1o obedece al dinamismo observado principalmente en los sectores de servicios e industria. Se\u00f1ala que particularmente, la actividad relativa a hoteles, bares y restaurantes continu\u00f3 impulsando el crecimiento de la econom\u00eda, con un crecimiento de 32.9 % durante este periodo.<\/p>\n<p>\u201cEste comportamiento es c\u00f3nsono con las medidas potenciadas por el Gabinete de Turismo y la llegada de 4,282,207 pasajeros no residentes al pa\u00eds, equivalente a una expansi\u00f3n interanual de 74.0 %\u201d, indica.<\/p>\n<p>En el documento se precisa que las presiones inflacionarias externas, aunque se han moderado en los \u00faltimos meses, contin\u00faan incidiendo en el comportamiento de los precios locales.<\/p>\n<p>En este sentido, en el documento se prev\u00e9 que la inflaci\u00f3n de cierre de a\u00f1o se ubique en 8.0 % (menor en 0.5 p.p. al pron\u00f3stico de junio), para converger al rango meta de 4 % \u00b1 1 % durante 2023.<\/p>\n<p>Asimismo, indica que en lo que va de a\u00f1o se ha observado una tendencia apreciativa del tipo del cambio. \u201cEn este contexto, se prev\u00e9 que la tasa de cambio promedio cierre en 55.25 pesos por cada d\u00f3lar, una reducci\u00f3n de RD 1.35 con respecto al pron\u00f3stico de junio 2022 y una tasa de apreciaci\u00f3n de 3.53 % en relaci\u00f3n con el promedio de 2021\u201d.<\/p>\n<p>Contexto internacional<\/p>\n<p>Sostiene que estos pron\u00f3sticos contin\u00faan sujetos a los niveles de incertidumbre a\u00fan elevados que se observan en el mercado internacional, por lo cual el equipo interinstitucional reitera su compromiso de seguir monitoreando el entorno internacional y los potenciales efectos en el panorama macroecon\u00f3mico dom\u00e9stico.<\/p>\n<p>Asimismo, puntualiza que las perspectivas de crecimiento econ\u00f3mico contin\u00faan ajust\u00e1ndose a la baja en el entorno internacional a ra\u00edz de la materializaci\u00f3n de los riesgos contemplados a inicio de a\u00f1o.<\/p>\n<p>Agrega que el desenlace a\u00fan incierto del conflicto b\u00e9lico Rusia-Ucrania, una escalada de los precios m\u00e1s persistentes de lo esperado y el endurecimiento de las condiciones financieras en las econom\u00edas avanzadas destacan entre los principales riesgos que inclinan los pron\u00f3sticos a la baja para el cierre de a\u00f1o y el pr\u00f3ximo, en particular, para las econom\u00edas en desarrollo.<\/p>\n","protected":false},"excerpt":{"rendered":"<p>Santo Domingo.- El Ministerio de Econom\u00eda, Planificaci\u00f3n y Desarrollo (MEPyD) inform\u00f3 que se espera que la econom\u00eda dominicana crezca 5.0 % en 2022, pron\u00f3stico que se mantiene invariable con respecto&hellip; <\/p>\n","protected":false},"author":2,"featured_media":19909,"comment_status":"closed","ping_status":"closed","sticky":false,"template":"","format":"standard","meta":{"fifu_image_url":"","fifu_image_alt":"","footnotes":""},"categories":[62],"tags":[],"class_list":["post-19908","post","type-post","status-publish","format-standard","has-post-thumbnail","hentry","category-economia"],"_links":{"self":[{"href":"https:\/\/elmundodelosnegocios.com.do\/v1\/wp-json\/wp\/v2\/posts\/19908","targetHints":{"allow":["GET"]}}],"collection":[{"href":"https:\/\/elmundodelosnegocios.com.do\/v1\/wp-json\/wp\/v2\/posts"}],"about":[{"href":"https:\/\/elmundodelosnegocios.com.do\/v1\/wp-json\/wp\/v2\/types\/post"}],"author":[{"embeddable":true,"href":"https:\/\/elmundodelosnegocios.com.do\/v1\/wp-json\/wp\/v2\/users\/2"}],"replies":[{"embeddable":true,"href":"https:\/\/elmundodelosnegocios.com.do\/v1\/wp-json\/wp\/v2\/comments?post=19908"}],"version-history":[{"count":0,"href":"https:\/\/elmundodelosnegocios.com.do\/v1\/wp-json\/wp\/v2\/posts\/19908\/revisions"}],"wp:featuredmedia":[{"embeddable":true,"href":"https:\/\/elmundodelosnegocios.com.do\/v1\/wp-json\/wp\/v2\/media\/19909"}],"wp:attachment":[{"href":"https:\/\/elmundodelosnegocios.com.do\/v1\/wp-json\/wp\/v2\/media?parent=19908"}],"wp:term":[{"taxonomy":"category","embeddable":true,"href":"https:\/\/elmundodelosnegocios.com.do\/v1\/wp-json\/wp\/v2\/categories?post=19908"},{"taxonomy":"post_tag","embeddable":true,"href":"https:\/\/elmundodelosnegocios.com.do\/v1\/wp-json\/wp\/v2\/tags?post=19908"}],"curies":[{"name":"wp","href":"https:\/\/api.w.org\/{rel}","templated":true}]}}