{"id":19916,"date":"2022-09-02T15:03:21","date_gmt":"2022-09-02T19:33:21","guid":{"rendered":"https:\/\/elmundodelosnegocios.com.do\/v1\/?p=19916"},"modified":"2022-09-02T15:03:21","modified_gmt":"2022-09-02T19:33:21","slug":"productores-de-cigarros-reconocen-al-presidente-abinader-por-su-apoyo-a-traves-de-plan-relanzamiento-industria-del-tabaco","status":"publish","type":"post","link":"https:\/\/elmundodelosnegocios.com.do\/v1\/productores-de-cigarros-reconocen-al-presidente-abinader-por-su-apoyo-a-traves-de-plan-relanzamiento-industria-del-tabaco\/","title":{"rendered":"Productores de Cigarros reconocen al Presidente Abinader por su apoyo a trav\u00e9s de Plan Relanzamiento Industria del Tabaco"},"content":{"rendered":"<p style=\"font-weight: 300;\">Santiago.- El\u00a0<strong style=\"font-weight: 500;\">Presidente Luis Abinader\u00a0<\/strong>fue reconocido este jueves por la\u00a0<strong style=\"font-weight: 500;\">Asociaci\u00f3n de Productores de Cigarros de la Rep\u00fablica Dominicana (PROCIGAR)<\/strong>\u00a0por su apoyo decidido a la industria tabaquera orientado desde el Plan de Relanzamiento de la Industria del Tabaco y su firme compromiso\u00a0<strong style=\"font-weight: 500;\">para declarar el tabaco y el cigarro como patrimonio cultural del pa\u00eds.<\/strong><\/p>\n<p style=\"font-weight: 300;\">Este reconocimiento tuvo lugar durante la celebraci\u00f3n del\u00a0<strong style=\"font-weight: 500;\">30 aniversario de PROCIGAR<\/strong>, en la ciudad de Santiago.<\/p>\n<p style=\"font-weight: 300;\">En el acto, el mandatario destac\u00f3 que el sector del tabaco ha incidido en el crecimiento de la econom\u00eda y que ha permitido que\u00a0<strong style=\"font-weight: 500;\">el mundo conozca la calidad de lo hecho en Rep\u00fablica Dominicana,\u00a0<\/strong>que el tabaco ha sido un actor protag\u00f3nico durante a\u00f1os en el desarrollo econ\u00f3mico del pa\u00eds.<\/p>\n<p style=\"font-weight: 300;\">Subray\u00f3 que\u00a0<strong style=\"font-weight: 500;\">durante el 2022 este sector ha mantenido un comportamiento favorable<\/strong>, de modo que solo en el primer semestre del a\u00f1o se han exportado m\u00e1s de 726 millones de d\u00f3lares, con un panorama muy optimista de aqu\u00ed a fin de a\u00f1o.<\/p>\n<p style=\"font-weight: 300;\">El jefe de Estado felicit\u00f3 a la Asociaci\u00f3n de Productores de Cigarros de la Rep\u00fablica Dominicana por su gran trabajo a lo largo de estos 30 a\u00f1os de construcci\u00f3n, fomento y desarrollo de la industria del tabaco en el pa\u00eds.<\/p>\n<p style=\"font-weight: 300;\">El mandatario tambi\u00e9n resalt\u00f3 que en septiembre del 2020 fue creada una comisi\u00f3n para poner en marcha la realizaci\u00f3n de un plan para el relanzamiento de la industria del tabaco.\u00a0<strong style=\"font-weight: 500;\">En noviembre del mismo a\u00f1o se present\u00f3 el plan<\/strong>\u00a0con el objetivo de elevar la competitividad del tabaco dominicano, aumentar las exportaciones y crear nuevas oportunidades de trabajo para los dominicanos.<\/p>\n<p style=\"font-weight: 300;\"><em>\u201cLa palabra dio paso a la acci\u00f3n y desde ese momento estamos viendo cifras hist\u00f3ricas que evidencian que hemos estado dando cumplimiento a varios de los ejes incluidos en el plan\u201d<\/em>\u00a0manifest\u00f3 el Presidente Abinader.<\/p>\n<p style=\"font-weight: 300;\">Dijo que a trav\u00e9s de cada uno de los componentes presentes en el plan se ha logrado elevar la competitividad del tabaco dominicano y mantener su\u00a0<strong style=\"font-weight: 500;\">consolidaci\u00f3n en mercados internacionales.<\/strong><\/p>\n<p style=\"font-weight: 300;\"><em>\u201cHemos trabajado para que ninguna de las \u00e1reas de la industria se quede fuera, desde el cultivo, los almacenes, los industriales grandes, medianos y peque\u00f1os, sino que forme parte del cambio que hoy exhibe el sector y que nos enorgullece como dominicanos\u201d.<\/em><\/p>\n<p style=\"font-weight: 300;\">Asimismo, el Presidente Abinader resalt\u00f3 que\u00a0<strong style=\"font-weight: 500;\">el programa de siembra de tabaco est\u00e1 siendo expandido en diferentes zonas del pa\u00eds<\/strong>, como en el Sur, que incluye a Azua y Las Matas de Farf\u00e1n, y tambi\u00e9n un programa de incentivos que conlleva la preparaci\u00f3n gratuita de tierras, apertura de pozos y limpieza de canales de riego.<\/p>\n<p style=\"font-weight: 300;\"><em>\u201c\u00a1Qu\u00e9 bueno que apostamos a la consolidaci\u00f3n de un sector que ha estado presente en la historia misma del pa\u00eds y que ha dejado huellas imborrables en su recorrido exitoso por el mundo!\u201d.<\/em><\/p>\n<p style=\"font-weight: 300;\">Enfatiz\u00f3 que han sido contundentes\u00a0<strong style=\"font-weight: 500;\">estableciendo controles m\u00e1s fuertes contra los productos il\u00edcitos<\/strong>\u00a0para garantizar la calidad de los productos que se ofrecen en el mercado local y muestra de esto fue la emisi\u00f3n del reglamento de aplicaci\u00f3n de la Ley 17-19 sobre la Erradicaci\u00f3n del Comercio il\u00edcito, Contrabando y Falsificaci\u00f3n de Productos Regulados, a trav\u00e9s del Decreto 405-22.<\/p>\n<p style=\"font-weight: 300;\"><strong style=\"font-weight: 500;\">El tabaco vive el mejor momento<\/strong><\/p>\n<p style=\"font-weight: 300;\">De su lado, el\u00a0<strong style=\"font-weight: 500;\">Ministro de Industria y Comercio y Mypimes, Ito Bison\u00f3<\/strong>, asegur\u00f3 que el tabaco vive su mejor momento gracias al compromiso asumido por el Presidente Luis Abinader. Asimismo, agradeci\u00f3 al mandatario por la confianza depositada en el MICM para la ejecuci\u00f3n del\u00a0<strong style=\"font-weight: 500;\">Plan del Relanzamiento de la Industria del Tabaco.<\/strong><\/p>\n<p style=\"font-weight: 300;\"><em>\u201cEs nuestro compromiso seguir trabajando para impulsar el crecimiento y desarrollo de este sector que, hoy m\u00e1s que nunca, es sin\u00f3nimo de orgullo, calidad y tradici\u00f3n para la Rep\u00fablica Dominicana y un verdadero patrimonio cultural de todos los dominicanos\u201d<\/em>, enfatiz\u00f3 Bison\u00f3.<\/p>\n<p style=\"font-weight: 300;\">A su vez, el<strong style=\"font-weight: 500;\">\u00a0presidente de Procigar, Hendrik Kelner Casals<\/strong>, asegur\u00f3 que la consolidaci\u00f3n del sector se ha logrado gracias al inter\u00e9s sin precedentes del Presidente,<em>\u00a0\u201cque al mes de su Gobierno, tuvo la iniciativa de presentar el Plan de Relanzamiento de la Industria del Tabaco, coordinado por V\u00edctor \u201cIto\u201d Bison\u00f3, Ministro de Industria, Comercio y Mipymes\u201d.<\/em><\/p>\n<p style=\"font-weight: 300;\">Acompa\u00f1aron al Presidente, la Vicepresidenta de la Rep\u00fablica, Raquel Pe\u00f1a; los presidentes del Senado y la C\u00e1mara de Diputados, Eduardo Estrella y Alfredo Pacheco, respectivamente; el Ministro de Agricultura, Limber Cruz; la gobernadora provincial, Rosa Santos, y el expresidente Hip\u00f3lito Mej\u00eda.<\/p>\n<p style=\"font-weight: 300;\">Tambi\u00e9n, los directores, de ProDominicana, Biviana Riveiro; de PROINDUSTRIA, Ulises Rodriguez; del Consejo Nacional de Zonas Francas de Exportaci\u00f3n, Daniel Liranzo; el administrador del Banco Agr\u00edcola, Fernando Dur\u00e1n; el presidente de ADOZONA, Luis Jos\u00e9 Bonilla, y la embajadora de la Rep\u00fablica Dominicana en Francia, Rosa Hern\u00e1ndez.<\/p>\n","protected":false},"excerpt":{"rendered":"<p>Santiago.- El\u00a0Presidente Luis Abinader\u00a0fue reconocido este jueves por la\u00a0Asociaci\u00f3n de Productores de Cigarros de la Rep\u00fablica Dominicana (PROCIGAR)\u00a0por su apoyo decidido a la industria tabaquera orientado desde el Plan de&hellip; <\/p>\n","protected":false},"author":2,"featured_media":19917,"comment_status":"closed","ping_status":"closed","sticky":false,"template":"","format":"standard","meta":{"fifu_image_url":"","fifu_image_alt":"","footnotes":""},"categories":[147],"tags":[],"class_list":["post-19916","post","type-post","status-publish","format-standard","has-post-thumbnail","hentry","category-comercio"],"_links":{"self":[{"href":"https:\/\/elmundodelosnegocios.com.do\/v1\/wp-json\/wp\/v2\/posts\/19916","targetHints":{"allow":["GET"]}}],"collection":[{"href":"https:\/\/elmundodelosnegocios.com.do\/v1\/wp-json\/wp\/v2\/posts"}],"about":[{"href":"https:\/\/elmundodelosnegocios.com.do\/v1\/wp-json\/wp\/v2\/types\/post"}],"author":[{"embeddable":true,"href":"https:\/\/elmundodelosnegocios.com.do\/v1\/wp-json\/wp\/v2\/users\/2"}],"replies":[{"embeddable":true,"href":"https:\/\/elmundodelosnegocios.com.do\/v1\/wp-json\/wp\/v2\/comments?post=19916"}],"version-history":[{"count":0,"href":"https:\/\/elmundodelosnegocios.com.do\/v1\/wp-json\/wp\/v2\/posts\/19916\/revisions"}],"wp:featuredmedia":[{"embeddable":true,"href":"https:\/\/elmundodelosnegocios.com.do\/v1\/wp-json\/wp\/v2\/media\/19917"}],"wp:attachment":[{"href":"https:\/\/elmundodelosnegocios.com.do\/v1\/wp-json\/wp\/v2\/media?parent=19916"}],"wp:term":[{"taxonomy":"category","embeddable":true,"href":"https:\/\/elmundodelosnegocios.com.do\/v1\/wp-json\/wp\/v2\/categories?post=19916"},{"taxonomy":"post_tag","embeddable":true,"href":"https:\/\/elmundodelosnegocios.com.do\/v1\/wp-json\/wp\/v2\/tags?post=19916"}],"curies":[{"name":"wp","href":"https:\/\/api.w.org\/{rel}","templated":true}]}}