{"id":19919,"date":"2022-09-03T03:00:33","date_gmt":"2022-09-03T07:30:33","guid":{"rendered":"https:\/\/elmundodelosnegocios.com.do\/v1\/index.php\/2022\/09\/03\/resumen-verimatrix-mostrara-su-revolucionaria-tecnologia-de-ciberseguridad-en-el-congreso-ibc\/"},"modified":"2022-09-03T03:00:33","modified_gmt":"2022-09-03T07:30:33","slug":"resumen-verimatrix-mostrara-su-revolucionaria-tecnologia-de-ciberseguridad-en-el-congreso-ibc","status":"publish","type":"post","link":"https:\/\/elmundodelosnegocios.com.do\/v1\/resumen-verimatrix-mostrara-su-revolucionaria-tecnologia-de-ciberseguridad-en-el-congreso-ibc\/","title":{"rendered":"Resumen: Verimatrix mostrar\u00e1 su revolucionaria tecnolog\u00eda de ciberseguridad en el congreso IBC"},"content":{"rendered":"<p>En el stand 1.C23 de IBC, Verimatrix mostrar\u00e1 su soluci\u00f3n de protecci\u00f3n de contenidos, su nueva tecnolog\u00eda antipirater\u00eda para el streaming y sus nuevas soluciones de ciberseguridad para la protecci\u00f3n de aplicaciones multimedia y la supervisi\u00f3n de puntos finales<\/p>\n<p>Verimatrix ofrecer\u00e1 dos eventos en su stand, presentando una demostraci\u00f3n hologr\u00e1fica de su tecnolog\u00eda de c\u00f3digo cero y patrocinando un evento MESA<br \/>\nAIX-EN-PROVENCE, Francia y SAN DIEGO&#8211;(BUSINESS WIRE)&#8211;Verimatrix, (Euronext Par\u00eds: VMX), el l\u00edder en potenciar el mundo conectado moderno con seguridad centrada en las personas, ha anunciado hoy que destacar\u00e1 sus potentes tecnolog\u00edas de protecci\u00f3n de contenidos, antipirater\u00eda y ciberseguridad empresarial para proveedores de servicios de streaming, emisoras, telecos y operadores del 9 al 12 de septiembre durante el\u00a0congreso IBC\u00a0de este a\u00f1o en RAI \u00c1msterdam.<\/p>\n<p>El comunicado en el idioma original es la versi\u00f3n oficial y autorizada del mismo. Esta traducci\u00f3n es solamente un medio de ayuda y deber\u00e1 ser comparada con el texto en idioma original, que es la \u00fanica versi\u00f3n del texto que tendr\u00e1 validez legal.<br \/>\n Contacts<br \/>\nVerimatrix Investor Contact:Jean-Fran\u00e7ois Labadie, Chief Financial Officer<br \/>\nfinance@verimatrix.com<\/p>\n<p>Verimatrix Media Contact:Matthew Zintel<br \/>\nmatthew.zintel@zintelpr.com<\/p>\n","protected":false},"excerpt":{"rendered":"<p>En el stand 1.C23 de IBC, Verimatrix mostrar\u00e1 su soluci\u00f3n de protecci\u00f3n de contenidos, su nueva tecnolog\u00eda antipirater\u00eda para el streaming y sus nuevas soluciones de ciberseguridad para la protecci\u00f3n&hellip; <\/p>\n","protected":false},"author":2,"featured_media":19920,"comment_status":"closed","ping_status":"closed","sticky":false,"template":"","format":"standard","meta":{"fifu_image_url":"","fifu_image_alt":"","footnotes":""},"categories":[252],"tags":[253],"class_list":["post-19919","post","type-post","status-publish","format-standard","has-post-thumbnail","hentry","category-business-wire","tag-business-wire"],"_links":{"self":[{"href":"https:\/\/elmundodelosnegocios.com.do\/v1\/wp-json\/wp\/v2\/posts\/19919","targetHints":{"allow":["GET"]}}],"collection":[{"href":"https:\/\/elmundodelosnegocios.com.do\/v1\/wp-json\/wp\/v2\/posts"}],"about":[{"href":"https:\/\/elmundodelosnegocios.com.do\/v1\/wp-json\/wp\/v2\/types\/post"}],"author":[{"embeddable":true,"href":"https:\/\/elmundodelosnegocios.com.do\/v1\/wp-json\/wp\/v2\/users\/2"}],"replies":[{"embeddable":true,"href":"https:\/\/elmundodelosnegocios.com.do\/v1\/wp-json\/wp\/v2\/comments?post=19919"}],"version-history":[{"count":0,"href":"https:\/\/elmundodelosnegocios.com.do\/v1\/wp-json\/wp\/v2\/posts\/19919\/revisions"}],"wp:featuredmedia":[{"embeddable":true,"href":"https:\/\/elmundodelosnegocios.com.do\/v1\/wp-json\/wp\/v2\/media\/19920"}],"wp:attachment":[{"href":"https:\/\/elmundodelosnegocios.com.do\/v1\/wp-json\/wp\/v2\/media?parent=19919"}],"wp:term":[{"taxonomy":"category","embeddable":true,"href":"https:\/\/elmundodelosnegocios.com.do\/v1\/wp-json\/wp\/v2\/categories?post=19919"},{"taxonomy":"post_tag","embeddable":true,"href":"https:\/\/elmundodelosnegocios.com.do\/v1\/wp-json\/wp\/v2\/tags?post=19919"}],"curies":[{"name":"wp","href":"https:\/\/api.w.org\/{rel}","templated":true}]}}