{"id":19922,"date":"2022-09-03T03:00:35","date_gmt":"2022-09-03T07:30:35","guid":{"rendered":"https:\/\/elmundodelosnegocios.com.do\/v1\/index.php\/2022\/09\/03\/resumen-enchroma-lanza-el-mes-internacional-de-concienciacion-sobre-el-daltonismo\/"},"modified":"2022-09-03T03:00:35","modified_gmt":"2022-09-03T07:30:35","slug":"resumen-enchroma-lanza-el-mes-internacional-de-concienciacion-sobre-el-daltonismo","status":"publish","type":"post","link":"https:\/\/elmundodelosnegocios.com.do\/v1\/resumen-enchroma-lanza-el-mes-internacional-de-concienciacion-sobre-el-daltonismo\/","title":{"rendered":"Resumen: EnChroma lanza el Mes Internacional de Concienciaci\u00f3n sobre el Daltonismo"},"content":{"rendered":"<p>&#8211; M\u00e1s de 50 organizaciones se comprometen a concienciar sobre la prevalencia y los efectos del daltonismo en el aprendizaje, la vida cotidiana, las artes, la naturaleza y el trabajo &#8211;<br \/>\nBERKELEY, California&#8211;(BUSINESS WIRE)&#8211;EnChroma, Inc. -creadores de gafas para el daltonismo- ha anunciado hoy el lanzamiento del Mes Internacional de Concienciaci\u00f3n sobre el Daltonismo. Durante todo el mes de septiembre, EnChroma y m\u00e1s de 50 museos, bibliotecas, distritos escolares, parques estatales y federales, universidades, agencias de turismo y clubes Lions y Kiwanis realizar\u00e1n publicaciones en las redes sociales y publicar\u00e1n otras comunicaciones dise\u00f1adas para educar a sus miembros, estudiantes, comunidades y\/o seguidores sobre la deficiencia de la visi\u00f3n del color o daltonismo.<\/p>\n<p>El comunicado en el idioma original es la versi\u00f3n oficial y autorizada del mismo. Esta traducci\u00f3n es solamente un medio de ayuda y deber\u00e1 ser comparada con el texto en idioma original, que es la \u00fanica versi\u00f3n del texto que tendr\u00e1 validez legal.<br \/>\n Contacts<br \/>\nContacto:Kent Streeb<br \/>\nVice President of Communications and Partnerships<br \/>\nP: 530.908.9225<br \/>\nkent@enchroma.com<\/p>\n","protected":false},"excerpt":{"rendered":"<p>&#8211; M\u00e1s de 50 organizaciones se comprometen a concienciar sobre la prevalencia y los efectos del daltonismo en el aprendizaje, la vida cotidiana, las artes, la naturaleza y el trabajo&hellip; <\/p>\n","protected":false},"author":2,"featured_media":0,"comment_status":"closed","ping_status":"closed","sticky":false,"template":"","format":"standard","meta":{"fifu_image_url":"","fifu_image_alt":"","footnotes":""},"categories":[252],"tags":[253],"class_list":["post-19922","post","type-post","status-publish","format-standard","hentry","category-business-wire","tag-business-wire"],"_links":{"self":[{"href":"https:\/\/elmundodelosnegocios.com.do\/v1\/wp-json\/wp\/v2\/posts\/19922","targetHints":{"allow":["GET"]}}],"collection":[{"href":"https:\/\/elmundodelosnegocios.com.do\/v1\/wp-json\/wp\/v2\/posts"}],"about":[{"href":"https:\/\/elmundodelosnegocios.com.do\/v1\/wp-json\/wp\/v2\/types\/post"}],"author":[{"embeddable":true,"href":"https:\/\/elmundodelosnegocios.com.do\/v1\/wp-json\/wp\/v2\/users\/2"}],"replies":[{"embeddable":true,"href":"https:\/\/elmundodelosnegocios.com.do\/v1\/wp-json\/wp\/v2\/comments?post=19922"}],"version-history":[{"count":0,"href":"https:\/\/elmundodelosnegocios.com.do\/v1\/wp-json\/wp\/v2\/posts\/19922\/revisions"}],"wp:attachment":[{"href":"https:\/\/elmundodelosnegocios.com.do\/v1\/wp-json\/wp\/v2\/media?parent=19922"}],"wp:term":[{"taxonomy":"category","embeddable":true,"href":"https:\/\/elmundodelosnegocios.com.do\/v1\/wp-json\/wp\/v2\/categories?post=19922"},{"taxonomy":"post_tag","embeddable":true,"href":"https:\/\/elmundodelosnegocios.com.do\/v1\/wp-json\/wp\/v2\/tags?post=19922"}],"curies":[{"name":"wp","href":"https:\/\/api.w.org\/{rel}","templated":true}]}}