{"id":22597,"date":"2022-09-16T10:42:38","date_gmt":"2022-09-16T15:12:38","guid":{"rendered":"https:\/\/elmundodelosnegocios.com.do\/v1\/?p=22597"},"modified":"2022-09-16T10:42:38","modified_gmt":"2022-09-16T15:12:38","slug":"vicepresidenta-micm-y-pro-dominicana-reconocen-10-empresas-extranjeras-por-aportes-a-desarrollo-productivo-y-economico","status":"publish","type":"post","link":"https:\/\/elmundodelosnegocios.com.do\/v1\/vicepresidenta-micm-y-pro-dominicana-reconocen-10-empresas-extranjeras-por-aportes-a-desarrollo-productivo-y-economico\/","title":{"rendered":"Vicepresidenta, MICM y Pro Dominicana reconocen 10 empresas extranjeras por aportes a desarrollo productivo y econ\u00f3mico"},"content":{"rendered":"<p><strong>SANTO DOMINGO.-\u00a0<\/strong>\u00a0La Vicepresidenta de la Rep\u00fablica, Raquel Pe\u00f1a, el ministro de Industria, Comercio y Mipymes (MICM), V\u00edctor Ito Bison\u00f3, y la directora ejecutiva de Pro Dominicana, Biviana Riveiro, encabezaron el reconocimiento a 10 empresas de capital extranjero, por sus aportes al desarrollo productivo y econ\u00f3mico dominicano.<\/p>\n<figure class=\"wp-block-image\"><img decoding=\"async\" class=\"td-animation-stack-type0-2\" src=\"https:\/\/micm.gob.do\/images\/noticias\/2022\/09-septiembre\/Vicepresidenta_MICM_y_Pro_Dominicana_reconocen_10_empresas_02.jpg\" alt=\"\" \/><figcaption>.<\/figcaption><\/figure>\n<p>Adem\u00e1s se reconoci\u00f3, de manera particular, la empresa de mayor trayectoria, antig\u00fcedad y envergadura en la Rep\u00fablica Dominicana, enfocado por sectores estrat\u00e9gicos, rengl\u00f3n que cay\u00f3 en el Central Romana corporation.<\/p>\n<p>La vicepresidenta Raquel Pe\u00f1a dijo que el grupo de empresas\u00a0 que fueron reconocidas, llevan d\u00e9cadas impulsando las transformaciones socioecon\u00f3micas y desarrollo productivo del pa\u00eds.<\/p>\n<p>\u201cHablamos de inversionistas de m\u00e1s de 57 pa\u00edses que tras confiar en las capacidades de nuestro pa\u00eds y en el talento de nuestra gente, tomaron la acertada decisi\u00f3n de establecer las operaciones de sus empresas en el pa\u00eds, aprovechando las diversas oportunidades que se generan en el entorno nacional e internacional de los negocios, a partir de las ventajas estrat\u00e9gicas de nuestra naci\u00f3n\u201d, precis\u00f3 la vicemandataria.<\/p>\n<p><strong>Bison\u00f3: Abinader garantiza progreso colectivo<\/strong><\/p>\n<p>Ito Bison\u00f3, ministro del MICM, expuso que \u201csin lugar a dudas, la Rep\u00fablica Dominicana est\u00e1 de moda gracias a la visi\u00f3n del presidente Luis Abinader, por eso el pa\u00eds est\u00e1 posicionado como un gran destino de inversi\u00f3n extranjera, sustentado por procesos transparentes, eficientes e inclusivos que garantizan el progreso colectivo de toda nuestra naci\u00f3n\u201d.<\/p>\n<p>Expuso Bison\u00f3 que producto de la posici\u00f3n asumida por el presidente Luis Abinader, hoy el pa\u00eds exhibe cualidades positivas como la estabilidad macroecon\u00f3mica y pol\u00edtica, seguridad jur\u00eddica que garantiza el Gobierno, el acceso comercial privilegiado a diversos mercados gracias a su posici\u00f3n geogr\u00e1fica\u201d.<\/p>\n<p>La doctora Amelia Santos Paulino, Conferencia de las Naciones Unidas sobre Comercio y Desarrollo (UNCTAD), disert\u00f3 sobre el tema \u201cInversiones en el mundo, una mirada desde y para la Rep\u00fablica Dominicana\u201d.<\/p>\n<p>En el acto estuvieron el Gobernador del Banco Central, H\u00e9ctor Valdez Albizu; los ministros de Econom\u00eda, Planificaci\u00f3n y Desarrollo, Pavel Isa Contreras; de Energ\u00eda y Mina, Antonio Almonte; los directores de Aduanas, Eduardo Sanz Lovat\u00f3n; de Pro Industria, Ulises Rodr\u00edguez, embajadores acreditados de diversas naciones acreditados en el pa\u00eds, y empresarios de diversas sectores.<\/p>\n<p><strong>Empresas reconocidas<\/strong><\/p>\n<p>Entre las empresas que ganaron galardones est\u00e1n el Central Romana Corporaci\u00f3n, en la categor\u00eda \u201cTrayectoria\u201d, por sus aportes al desarrollo del pa\u00eds; Claro Dominicana en \u201cTelecomunicaciones\u201d, por su destacada labor en favor del desarrollo de la infraestructura tecnol\u00f3gica, y, la AES Dominicana, categor\u00eda \u201cEnerg\u00eda\u201d, por aportar a la diversificaci\u00f3n de la matriz energ\u00e9tica del pa\u00eds.<\/p>\n<p>Tambi\u00e9n Gildan Activewear Dominicana, categor\u00eda \u201cZonas Francas\u201d, por generar desarrollo y empleos de calidad; Barrick Pueblo Viejo, por su inversi\u00f3n en miner\u00eda responsable y convertirse en el principal exportador del pa\u00eds, y Meli\u00e1 Hotel Internacional, por su constante reinversi\u00f3n y apuesta la diversificaci\u00f3n de la oferta hotelera.<\/p>\n<p>Otros galardones recibieron Cemex Dominicana, por su expansi\u00f3n y visi\u00f3n de sostenibilidad que fortalecen el sector de la construcci\u00f3n; Nestl\u00e9 Dominicana, se llev\u00f3 el rengl\u00f3n categor\u00eda \u201cIndustria\u201d; Banco Scotiabank, en la \u201cFinanciera\u201d, y DP World Caucedo, en la categor\u00eda \u201cLog\u00edstica\u201d por contribuir a la transformaci\u00f3n del pa\u00eds en Hub Log\u00edstico.<\/p>\n","protected":false},"excerpt":{"rendered":"<p>SANTO DOMINGO.-\u00a0\u00a0La Vicepresidenta de la Rep\u00fablica, Raquel Pe\u00f1a, el ministro de Industria, Comercio y Mipymes (MICM), V\u00edctor Ito Bison\u00f3, y la directora ejecutiva de Pro Dominicana, Biviana Riveiro, encabezaron el&hellip; <\/p>\n","protected":false},"author":2,"featured_media":22598,"comment_status":"closed","ping_status":"closed","sticky":false,"template":"","format":"standard","meta":{"fifu_image_url":"","fifu_image_alt":"","footnotes":""},"categories":[83],"tags":[],"class_list":["post-22597","post","type-post","status-publish","format-standard","has-post-thumbnail","hentry","category-empresariales-empresariales"],"_links":{"self":[{"href":"https:\/\/elmundodelosnegocios.com.do\/v1\/wp-json\/wp\/v2\/posts\/22597","targetHints":{"allow":["GET"]}}],"collection":[{"href":"https:\/\/elmundodelosnegocios.com.do\/v1\/wp-json\/wp\/v2\/posts"}],"about":[{"href":"https:\/\/elmundodelosnegocios.com.do\/v1\/wp-json\/wp\/v2\/types\/post"}],"author":[{"embeddable":true,"href":"https:\/\/elmundodelosnegocios.com.do\/v1\/wp-json\/wp\/v2\/users\/2"}],"replies":[{"embeddable":true,"href":"https:\/\/elmundodelosnegocios.com.do\/v1\/wp-json\/wp\/v2\/comments?post=22597"}],"version-history":[{"count":0,"href":"https:\/\/elmundodelosnegocios.com.do\/v1\/wp-json\/wp\/v2\/posts\/22597\/revisions"}],"wp:featuredmedia":[{"embeddable":true,"href":"https:\/\/elmundodelosnegocios.com.do\/v1\/wp-json\/wp\/v2\/media\/22598"}],"wp:attachment":[{"href":"https:\/\/elmundodelosnegocios.com.do\/v1\/wp-json\/wp\/v2\/media?parent=22597"}],"wp:term":[{"taxonomy":"category","embeddable":true,"href":"https:\/\/elmundodelosnegocios.com.do\/v1\/wp-json\/wp\/v2\/categories?post=22597"},{"taxonomy":"post_tag","embeddable":true,"href":"https:\/\/elmundodelosnegocios.com.do\/v1\/wp-json\/wp\/v2\/tags?post=22597"}],"curies":[{"name":"wp","href":"https:\/\/api.w.org\/{rel}","templated":true}]}}