{"id":22609,"date":"2022-09-19T08:21:54","date_gmt":"2022-09-19T12:51:54","guid":{"rendered":"https:\/\/elmundodelosnegocios.com.do\/v1\/?p=22609"},"modified":"2022-09-19T08:21:54","modified_gmt":"2022-09-19T12:51:54","slug":"autoridad-portuaria-anuncia-medidas-en-puertos-por-paso-del-huracan-fiona","status":"publish","type":"post","link":"https:\/\/elmundodelosnegocios.com.do\/v1\/autoridad-portuaria-anuncia-medidas-en-puertos-por-paso-del-huracan-fiona\/","title":{"rendered":"Autoridad Portuaria anuncia medidas en puertos por paso del hurac\u00e1n Fiona"},"content":{"rendered":"<p>Santo Domingo. &#8211; La Autoridad Portuaria Dominicana (APORDOM) dispuso el cierre temporal de las operaciones de los puertos para la entrada de embarcaciones hasta que las condiciones meteorol\u00f3gicas lo permitan, debido al paso del hurac\u00e1n Fiona.<\/p>\n<p>Mediante un comunicado, Jean Luis Rodr\u00edguez, director de APORDOM, inform\u00f3 que atendiendo a las recomendaciones del Centro de Operaciones de Emergencias (COE) y a lo dispuesto por el Gobierno, se suspenden adem\u00e1s las labores de \u00e1reas no esenciales en este tipo de situaciones, como son las del personal administrativo y de oficina.<\/p>\n<p>\u201cCon estas medidas preventivas de seguridad buscamos salvaguardar la vida de nuestros colaboradores, del personal de los puertos y de las embarcaciones, que es lo m\u00e1s importante. Tambi\u00e9n, tomar las medidas necesarias para resguardar la infraestructura y evitar los posibles da\u00f1os\u201d, afirm\u00f3 el servidor p\u00fablico.<\/p>\n<p>De igual modo, se establece que el personal operativo de los puertos seguir\u00e1 laborando de forma normal debido a lo necesario que resulta dicho segmento para la prevenci\u00f3n, supervisi\u00f3n y correcta administraci\u00f3n de esas instalaciones.<\/p>\n<p>Jean Luis Rodr\u00edguez manifest\u00f3 que la Comisi\u00f3n de Emergencias de APORDOM volver\u00e1 a evaluar las acciones tomadas conforme avance el evento meteorol\u00f3gico por el pa\u00eds, para determinar qu\u00e9 otras medidas podr\u00edan tomarse en los puertos.<\/p>\n<p>Agreg\u00f3 que la Comisi\u00f3n de Emergencias se mantiene en sesi\u00f3n permanente y se han activado los planes de protecci\u00f3n en cada terminal portuaria, a los fines de proteger la vida de los trabajadores, al igual que evitar da\u00f1o a las naves y las instalaciones, as\u00ed como poder actuar de manera oportuna frente a cualquier eventualidad.<\/p>\n","protected":false},"excerpt":{"rendered":"<p>Santo Domingo. &#8211; La Autoridad Portuaria Dominicana (APORDOM) dispuso el cierre temporal de las operaciones de los puertos para la entrada de embarcaciones hasta que las condiciones meteorol\u00f3gicas lo permitan,&hellip; <\/p>\n","protected":false},"author":2,"featured_media":22610,"comment_status":"closed","ping_status":"closed","sticky":false,"template":"","format":"standard","meta":{"fifu_image_url":"","fifu_image_alt":"","footnotes":""},"categories":[86],"tags":[],"class_list":["post-22609","post","type-post","status-publish","format-standard","has-post-thumbnail","hentry","category-seguridad"],"_links":{"self":[{"href":"https:\/\/elmundodelosnegocios.com.do\/v1\/wp-json\/wp\/v2\/posts\/22609","targetHints":{"allow":["GET"]}}],"collection":[{"href":"https:\/\/elmundodelosnegocios.com.do\/v1\/wp-json\/wp\/v2\/posts"}],"about":[{"href":"https:\/\/elmundodelosnegocios.com.do\/v1\/wp-json\/wp\/v2\/types\/post"}],"author":[{"embeddable":true,"href":"https:\/\/elmundodelosnegocios.com.do\/v1\/wp-json\/wp\/v2\/users\/2"}],"replies":[{"embeddable":true,"href":"https:\/\/elmundodelosnegocios.com.do\/v1\/wp-json\/wp\/v2\/comments?post=22609"}],"version-history":[{"count":0,"href":"https:\/\/elmundodelosnegocios.com.do\/v1\/wp-json\/wp\/v2\/posts\/22609\/revisions"}],"wp:featuredmedia":[{"embeddable":true,"href":"https:\/\/elmundodelosnegocios.com.do\/v1\/wp-json\/wp\/v2\/media\/22610"}],"wp:attachment":[{"href":"https:\/\/elmundodelosnegocios.com.do\/v1\/wp-json\/wp\/v2\/media?parent=22609"}],"wp:term":[{"taxonomy":"category","embeddable":true,"href":"https:\/\/elmundodelosnegocios.com.do\/v1\/wp-json\/wp\/v2\/categories?post=22609"},{"taxonomy":"post_tag","embeddable":true,"href":"https:\/\/elmundodelosnegocios.com.do\/v1\/wp-json\/wp\/v2\/tags?post=22609"}],"curies":[{"name":"wp","href":"https:\/\/api.w.org\/{rel}","templated":true}]}}